{"id":581692,"date":"2025-12-06T08:21:13","date_gmt":"2025-12-06T08:21:13","guid":{"rendered":"https:\/\/www.europesays.com\/fr\/581692\/"},"modified":"2025-12-06T08:21:13","modified_gmt":"2025-12-06T08:21:13","slug":"le-bouclier-protecteur-de-tchernobyl-a-perdu-ses-principales-fonctions-de-securite-annonce-laiea","status":"publish","type":"post","link":"https:\/\/www.europesays.com\/fr\/581692\/","title":{"rendered":"Le bouclier protecteur de Tchernobyl \u00aba perdu ses principales fonctions de s\u00e9curit\u00e9\u00bb, annonce l\u2019AIEA"},"content":{"rendered":"<p>\n    Une attaque avait frapp\u00e9 la centrale ukrainienne en f\u00e9vrier dernier. Apr\u00e8s une inspection la semaine derni\u00e8re, l\u2019agence de surveillance nucl\u00e9aire de l\u2019ONU lance une alerte.<\/p>\n<p class=\"fig-paragraph\">Le bouclier protecteur de la centrale ukrainienne nucl\u00e9aire de\u00a0<a href=\"http:\/\/www.lefigaro.fr\/international\/ukraine-le-site-nucleaire-de-tchernobyl-prive-d-electricite-apres-une-attaque-russe-selon-kiev-20251001\" data-fig-type=\"NewsFlash\" data-gtm-custom-categorie=\"navigation\" data-gtm-custom-action=\"crossclick\" data-gtm-custom-label=\"Contextuel\" data-gtm-event=\"customEventSPE\" data-fig-domain=\"LEFIGARO\" target=\"_blank\" rel=\"noopener\">Tchernobyl<\/a>, construit pour contenir les mati\u00e8res radioactives issues de la catastrophe de 1986, ne peut plus remplir sa fonction principale de s\u00e9curit\u00e9 en raison des dommages caus\u00e9s par un drone, a d\u00e9clar\u00e9 le 5 d\u00e9cembre l\u2019agence de surveillance nucl\u00e9aire de l\u2019ONU (AIEA). L\u2019Ukraine attribue cette\u00a0<a href=\"http:\/\/www.lefigaro.fr\/international\/trou-beant-sur-le-dome-protection-compromise-a-tchernobyl-la-catastrophe-nucleaire-comme-arme-de-guerre-20250426\" data-fig-type=\"Article\" data-gtm-custom-categorie=\"navigation\" data-gtm-custom-action=\"crossclick\" data-gtm-custom-label=\"Contextuel\" data-gtm-event=\"customEventSPE\" data-fig-domain=\"LEFIGARO\" target=\"_blank\" rel=\"noopener\">attaque \u00e0 la Russie<\/a>.<\/p>\n<p class=\"fig-paragraph\">Une inspection effectu\u00e9e la semaine derni\u00e8re sur la structure de confinement en acier achev\u00e9e en 2019 avait r\u00e9v\u00e9l\u00e9 que l\u2019impact d\u2019un drone en f\u00e9vrier dernier avait d\u00e9grad\u00e9 la structure, a indiqu\u00e9\u00a0<a href=\"http:\/\/www.lefigaro.fr\/international\/l-iran-refuse-un-acces-aux-sites-nucleaires-bombardes-sans-accord-conclu-avec-l-aiea-20251120\" data-fig-type=\"NewsFlash\" data-gtm-custom-categorie=\"navigation\" data-gtm-custom-action=\"crossclick\" data-gtm-custom-label=\"Contextuel\" data-gtm-event=\"customEventSPE\" data-fig-domain=\"LEFIGARO\" target=\"_blank\" rel=\"noopener\">l\u2019AIEA<\/a>.<\/p>\n<p>                                            <a class=\"fig-a11y-skip\" href=\"#fig-a11y-skip-main-inarticle\" data-module=\"a11y-skip\" data-context=\"was @visible\"><br \/>\n    Passer la publicit\u00e9<br \/>\n<\/a>            <\/p>\n<p>                                            \u00abUne restauration compl\u00e8te reste essentielle\u00bb<\/p>\n<p class=\"fig-paragraph\">La mission d\u2019inspection \u00ab a confirm\u00e9 que la structure de protection avait perdu ses principales fonctions de s\u00e9curit\u00e9, notamment sa capacit\u00e9 de confinement, mais a \u00e9galement constat\u00e9 qu\u2019il n\u2019y avait pas de dommages permanents aux structures porteuses ou aux syst\u00e8mes de surveillance\u00bb, a inform\u00e9\u00a0<a href=\"https:\/\/www.iaea.org\/newscenter\/pressreleases\/update-331-iaea-director-general-statement-on-situation-in-ukraine\" target=\"_blank\" rel=\"sponsored noopener\" data-gtm-custom-categorie=\"navigation\" data-gtm-custom-action=\"crossclick\" data-gtm-custom-label=\"Contextuel\" data-gtm-event=\"customEventSPE\">le directeur g\u00e9n\u00e9ral de l\u2019AIEA, Rafael Grossi, dans un communiqu\u00e9<\/a>.<\/p>\n<p class=\"fig-paragraph\">Des r\u00e9parations avaient d\u00e9j\u00e0 \u00e9t\u00e9 effectu\u00e9es, \u00ab mais une restauration compl\u00e8te reste essentielle pour emp\u00eacher une nouvelle d\u00e9gradation et garantir la s\u00e9curit\u00e9 nucl\u00e9aire \u00e0 long terme\u00bb, a poursuivi le directeur.<\/p>\n<p class=\"fig-paragraph\">Les autorit\u00e9s ukrainiennes avaient d\u00e9clar\u00e9 qu\u2019un drone \u00e9quip\u00e9 d\u2019une ogive hautement explosive avait frapp\u00e9 la centrale, a rapport\u00e9 l\u2019ONU le 14 f\u00e9vrier; La frappe avait provoqu\u00e9 un incendie et endommag\u00e9 le rev\u00eatement de protection autour du r\u00e9acteur num\u00e9ro quatre, d\u00e9truit lors de la catastrophe de 1986. Selon les autorit\u00e9s ukrainiennes, le drone \u00e9tait russe. Moscou a ni\u00e9 de son c\u00f4t\u00e9 avoir attaqu\u00e9 la centrale. Les niveaux de radiation sont rest\u00e9s normaux et stables et aucune fuite radioactive n\u2019a \u00e9t\u00e9 signal\u00e9e, a cependant rassur\u00e9 l\u2019ONU.<\/p>\n<p>                                            Dernier r\u00e9acteur ferm\u00e9 en 2000<\/p>\n<p class=\"fig-paragraph\">L\u2019<a href=\"http:\/\/www.lefigaro.fr\/international\/attaque-de-drone-a-kiev-l-une-des-voix-de-tchernobyl-reduite-au-silence-20251118\" data-fig-type=\"Article\" data-gtm-custom-categorie=\"navigation\" data-gtm-custom-action=\"crossclick\" data-gtm-custom-label=\"Contextuel\" data-gtm-event=\"customEventSPE\" data-fig-domain=\"LEFIGARO\" target=\"_blank\" rel=\"noopener\">explosion de Tchernobyl en 1986\u00a0<\/a>a provoqu\u00e9 une contamination radioactive dans toute l\u2019Europe et a incit\u00e9 les autorit\u00e9s sovi\u00e9tiques \u00e0 mobiliser un nombre consid\u00e9rable d\u2019hommes et d\u2019\u00e9quipements pour faire face \u00e0 l\u2019accident. Le dernier r\u00e9acteur en activit\u00e9 de la centrale a \u00e9t\u00e9 ferm\u00e9 en 2000. Le r\u00e9acteur est d\u00e9sormais prot\u00e9g\u00e9 par une structure m\u00e9tallique en forme d\u2019arche, \u00e9galement appel\u00e9e \u00absarcophage\u00bb, construite pour recouvrir l\u2019abri datant de l\u2019\u00e9poque sovi\u00e9tique.<\/p>\n<p class=\"fig-paragraph\">La Russie a occup\u00e9 la centrale et ses environs pendant plus d\u2019un mois au cours des premi\u00e8res semaines de son invasion de l\u2019Ukraine en f\u00e9vrier 2022, alors que ses forces tentaient initialement d\u2019avancer sur la capitale ukrainienne, Kiev.<\/p>\n","protected":false},"excerpt":{"rendered":"Une attaque avait frapp\u00e9 la centrale ukrainienne en f\u00e9vrier dernier. Apr\u00e8s une inspection la semaine derni\u00e8re, l\u2019agence de&hellip;\n","protected":false},"author":2,"featured_media":581693,"comment_status":"","ping_status":"","sticky":false,"template":"","format":"standard","meta":{"footnotes":""},"categories":[5],"tags":[11,1011,27,131,14,12,5654,14922,28],"class_list":{"0":"post-581692","1":"post","2":"type-post","3":"status-publish","4":"format-standard","5":"has-post-thumbnail","7":"category-international","8":"tag-actualites","9":"tag-fr","10":"tag-france","11":"tag-guerre-en-ukraine","12":"tag-international","13":"tag-news","14":"tag-nucleaire","15":"tag-tchernobyl","16":"tag-world"},"share_on_mastodon":{"url":"https:\/\/pubeurope.com\/@fr\/115671655084663338","error":""},"_links":{"self":[{"href":"https:\/\/www.europesays.com\/fr\/wp-json\/wp\/v2\/posts\/581692","targetHints":{"allow":["GET"]}}],"collection":[{"href":"https:\/\/www.europesays.com\/fr\/wp-json\/wp\/v2\/posts"}],"about":[{"href":"https:\/\/www.europesays.com\/fr\/wp-json\/wp\/v2\/types\/post"}],"author":[{"embeddable":true,"href":"https:\/\/www.europesays.com\/fr\/wp-json\/wp\/v2\/users\/2"}],"replies":[{"embeddable":true,"href":"https:\/\/www.europesays.com\/fr\/wp-json\/wp\/v2\/comments?post=581692"}],"version-history":[{"count":0,"href":"https:\/\/www.europesays.com\/fr\/wp-json\/wp\/v2\/posts\/581692\/revisions"}],"wp:featuredmedia":[{"embeddable":true,"href":"https:\/\/www.europesays.com\/fr\/wp-json\/wp\/v2\/media\/581693"}],"wp:attachment":[{"href":"https:\/\/www.europesays.com\/fr\/wp-json\/wp\/v2\/media?parent=581692"}],"wp:term":[{"taxonomy":"category","embeddable":true,"href":"https:\/\/www.europesays.com\/fr\/wp-json\/wp\/v2\/categories?post=581692"},{"taxonomy":"post_tag","embeddable":true,"href":"https:\/\/www.europesays.com\/fr\/wp-json\/wp\/v2\/tags?post=581692"}],"curies":[{"name":"wp","href":"https:\/\/api.w.org\/{rel}","templated":true}]}}