{"id":581694,"date":"2025-12-06T08:22:18","date_gmt":"2025-12-06T08:22:18","guid":{"rendered":"https:\/\/www.europesays.com\/fr\/581694\/"},"modified":"2025-12-06T08:22:18","modified_gmt":"2025-12-06T08:22:18","slug":"melenchon-resolu-a-retourner-la-commission-anti-lfi-contre-elle-meme","status":"publish","type":"post","link":"https:\/\/www.europesays.com\/fr\/581694\/","title":{"rendered":"M\u00e9lenchon r\u00e9solu \u00e0 retourner la commission anti-LFI contre elle-m\u00eame"},"content":{"rendered":"<p>        <img decoding=\"async\" loading=\"lazy\" src=\"https:\/\/www.europesays.com\/fr\/wp-content\/uploads\/2025\/12\/741eb31_upload-1-jvf7npof4jar-afp-20251116-847w4zq-v1-midres-francepoliticspartieslfi.jpg\"  width=\"728\" height=\"410\" alt=\"Jean-Luc Melenchon, ici le 16\u00a0novembre 2025.\"\/>  <\/p>\n<p>JEAN-FRANCOIS MONIER \/ AFP<\/p>\n<p>Jean-Luc Melenchon, ici le 16\u00a0novembre 2025.<\/p>\n<p>      <strong>EN BREF<\/strong> <strong>\u2022 <\/strong> Le fondateur de LFI est auditionn\u00e9 par la commission d\u2019enqu\u00eate sur les liens suppos\u00e9s entre partis politiques et islamisme.<br \/><strong>\u2022 <\/strong>Il se pr\u00e9sentera en tant que co-pr\u00e9sident de l\u2019Institut de la Bo\u00e9tie, et non comme chef de LFI, pour r\u00e9pondre aux accusations.<br \/><strong>\u2022 <\/strong>Fort de l\u2019analyse du directeur de la direction du renseignement de la pr\u00e9fecture de police de Paris, il est confiant face aux critiques.                         <\/p>\n<p class=\"asset asset-text\">L\u2019audition de Jean-Luc M\u00e9lenchon face \u00e0 la commission d\u2019enqu\u00eate de l\u2019Assembl\u00e9e sur les liens suppos\u00e9s entre certains partis politiques et l\u2019islamisme\u00a0? \u00ab\u00a0\u00c7a va \u00eatre dr\u00f4le \u00e0 regarder\u00a0\u00bb, pronostique un de ses tr\u00e8s proches. Le passage du fondateur de la France insoumise <a href=\"https:\/\/www.huffingtonpost.fr\/politique\/article\/jean-luc-melenchon-accepte-d-etre-auditionne-par-cette-commission-d-enquete-mais_257734.html\" target=\"_blank\" rel=\"noopener\">devant les parlementaires de l\u2019Assembl\u00e9e nationale<\/a> ce samedi 6\u00a0d\u00e9cembre n\u2019inqui\u00e8te nullement en interne. Ce, en d\u00e9pit de la volont\u00e9 affich\u00e9e de Laurent Wauquiez\u00a0de viser explicitement le mouvement de gauche radicale en r\u00e9v\u00e9lant \u00ab\u00a0les faisceaux d\u2019indices\u00a0\u00bb qui selon lui \u00ab\u00a0montrent une complicit\u00e9 entre\u00a0LFI\u00a0et les r\u00e9seaux islamistes.\u00a0\u00bb<\/p>\n<p class=\"asset asset-text\">\u00c0 quelques jours de la remise du rapport, l\u2019audition du fondateur de LFI sonne comme la cons\u00e9cration pour une commission d\u2019enqu\u00eate qui a connu<a href=\"https:\/\/www.huffingtonpost.fr\/politique\/article\/pour-ecarter-lfi-de-la-commission-la-visant-laurent-wauquiez-a-trouve-une-astuce_255572.html\" target=\"_blank\" rel=\"noopener\"> son lot de couacs<\/a> avant de vraiment voir le jour. L\u2019insoumis a accept\u00e9 de s\u2019y rendre, en d\u00e9pit des critiques de ses troupes sur la composition du bureau &#8211; la gauche en a \u00e9t\u00e9 exclue, les postes cl\u00e9s de pr\u00e9sident et de rapporteur revenant respectivement \u00e0 la droite, avec le LR Xavier Breton et \u00e0 l\u2019extr\u00eame droite avec Matthieu Bloch (UDR).<\/p>\n<p class=\"asset asset-text\">Une r\u00e9ponse n\u00e9gative aurait \u00e9t\u00e9 difficile \u00e0 justifier c\u00f4t\u00e9 LFI, prompt \u00e0 critiquer ceux qui se soustraient \u00e0 l\u2019exercice. En parall\u00e8le, un refus n\u2019aurait fait qu\u2019apporter de l\u2019eau au moulin de leurs opposants politiques, \u00e0 l\u2019image du ministre de l\u2019Int\u00e9rieur Laurent Nunez qui avait jug\u00e9 \u00ab\u00a0dommage\u00a0\u00bb un \u00e9ventuel boycott de l\u2019insoumis en chef.<\/p>\n<p>                     Un argumentaire tout trouv\u00e9    <\/p>\n<p class=\"asset asset-text\">C\u2019est donc avec une pointe d\u2019ironie que les \u00e9quipes de Jean-Luc M\u00e9lenchon ont confirm\u00e9 sa venue. \u00ab\u00a0Bien qu\u2019il ne soit plus d\u00e9put\u00e9, ni responsable du mouvement ou pr\u00e9sident du groupe parlementaire, et bien que cette commission d\u2019enqu\u00eate ne respecte pas le r\u00e8glement de l\u2019Assembl\u00e9e nationale, Jean-Luc M\u00e9lenchon se d\u00e9clare pr\u00eat \u00e0 r\u00e9pondre \u00e0 cette invitation\u00a0\u00bb, a indiqu\u00e9 le service de presse de LFI.<\/p>\n<p class=\"asset asset-text\">Mais ce sera \u00e0 ses conditions. L\u2019ancien parlementaire a tout d\u2019abord impos\u00e9 son propre calendrier, sous couvert de contraintes d\u2019agenda incompatibles avec \u00ab\u00a0le d\u00e9lai court\u00a0\u00bb laiss\u00e9 par les d\u00e9put\u00e9s. Ensuite, il s\u2019y rendra non pas comme chef d\u2019un parti &#8211; ce qu\u2019il n\u2019est plus (uniquement) en th\u00e9orie &#8211; mais \u00ab\u00a0en tant que co-pr\u00e9sident de l\u2019Institut de la Bo\u00e9tie\u00a0\u00bb, le laboratoire d\u2019id\u00e9es de LFI. \u00ab\u00a0Apparemment, c\u2019est ce qu\u2019ils veulent, sinon ils auraient sollicit\u00e9 le chef du mouvement, Manuel Bompard, ou la pr\u00e9sidente du groupe parlementaire, Mathilde Panot\u00bb, persifle-t-on dans son entourage joint par Le HuffPost.<\/p>\n<p class=\"asset asset-text\">Ces petites piques envoy\u00e9es, Jean-Luc M\u00e9lenchon se veut serein. Et pour cause\u00a0: avant m\u00eame qu\u2019il s\u2019en d\u00e9fende lui-m\u00eame, les accusations visant LFI ont d\u00e9j\u00e0 \u00e9t\u00e9 contredites par une personnalit\u00e9 qui ne peut \u00eatre accus\u00e9e de collusion avec le parti, en l\u2019occurrence le directeur du renseignement de la Pr\u00e9fecture de police de Paris. Auditionn\u00e9 le 29\u00a0octobre, Hugues Bricq a clairement r\u00e9pondu \u00ab\u00a0non, tr\u00e8s peu\u00a0\u00bb au d\u00e9put\u00e9 RN J\u00e9r\u00f4me Buisson qui lui demandait si \u00ab\u00a0des groupuscules d\u2019extr\u00eame gauche ou d\u2019autres, que vous surveillez, (avaient) des liens avec les islamistes\u00a0\u00bb. \u00ab\u00a0L\u2019ultragauche \u00e9tait totalement absente lors des \u00e9meutes et des violences urbaines, et on ne la voit pas non plus quand il est question d\u2019islamisme radical\u00a0\u00bb, a d\u00e9clar\u00e9 ce responsable lors de son audition, d\u00fbment relay\u00e9e par Jean-Luc M\u00e9lenchon <a href=\"https:\/\/melenchon.fr\/2025\/11\/21\/commission-anti-lfi-agences-de-renseignements-privees-sondages-bidons-general-bavard\/\" target=\"_blank\" rel=\"noopener\" title=\"Nouvelle fen\u00eatre\">sur son blog.<\/a><\/p>\n<p class=\"asset asset-text\">D\u00e9nu\u00e9e de \u00ab\u00a0pr\u00e9jug\u00e9s politiques\u00a0\u00bb, \u00ab\u00a0l\u2019analyse du directeur du renseignement fait foi\u00a0\u00bb, souligne l\u2019insoumis. Qui ne se prive pas de souligner au passage que le m\u00eame Hugues Bricq a \u00e9voqu\u00e9 \u00ab\u00a0le rapprochement, par antis\u00e9mitisme pur\u00a0\u00bb entre \u00ab\u00a0une certaine frange de l\u2019ultradroite n\u00e9gationniste (et) certains islamistes ou r\u00e9f\u00e9rents religieux islamistes qui tiennent des propos antis\u00e9mites, souvent hors nos fronti\u00e8res.\u00a0\u00bb Et toc.<\/p>\n<p>    Professeur M\u00e9lenchon, \u00ab\u00a0tranquille et amus\u00e9 d\u2019avance\u00a0\u00bb    <\/p>\n<p class=\"asset asset-text\">C\u2019est donc fort de cette analyse que Jean-Luc M\u00e9lenchon se pr\u00e9sentera devant les d\u00e9put\u00e9s. Il en profitera pour \u00ab\u00a0\u00e9clairer la commission sur l\u2019histoire de la pens\u00e9e r\u00e9publicaine en mati\u00e8re de relations entre religion et politique\u00a0\u00bb, note encore son entourage. Une occasion en or pour le tribun d\u2019endosser un de ses costumes pr\u00e9f\u00e9r\u00e9s, celui de professeur sp\u00e9cialiste de la la\u00efcit\u00e9. De l\u2019aveu de tous ses anciens camarades, du temps du PS comme du Parti radical, Jean-Luc M\u00e9lenchon a en effet longtemps incarn\u00e9 le la\u00efcard ultime, citant Victor Hugo \u00e0 tout va. \u00ab\u00a0L\u2019id\u00e9e de gauche concernant la relation aux religions est simple\u00a0: l\u2019\u00c9glise chez elle, l\u2019\u00c9tat chez\u00a0lui. L\u2019\u00c9tat n\u2019a pas \u00e0 se m\u00ealer de religion, ni pour dire ce qu\u2019il doit y avoir dans la religion, ni pour laisser la religion occuper une place dans l\u2019\u00c9tat\u00a0\u00bb, redisait-il encore en 2022. Aupr\u00e8s du HuffPost, Mathilde Panot anticipe d\u00e9j\u00e0 la sc\u00e8ne\u00a0: \u00ab\u00a0Au moins, ils (les d\u00e9put\u00e9s de la commission, ndlr) apprendront des choses\u00a0\u00bb, sourit-elle.<\/p>\n<p class=\"asset asset-text\">En face cependant, le contradictoire ne manquera pas. \u00c0 l\u2019image de Marine Tondelier qui n\u2019a pas \u00e9chapp\u00e9 \u00e0 des questions parfois hors sujets (comme la venue du rappeur M\u00e9dine aux universit\u00e9s d\u2019\u00e9t\u00e9 des Verts en 2023) Jean-Luc M\u00e9lenchon sera sans nul doute cuisin\u00e9 sur ses positions &#8211; <a href=\"https:\/\/www.huffingtonpost.fr\/politique\/article\/la-deputee-lfi-nathalie-oziol-prise-dans-une-polemique-pour-ses-propos-sur-l-assassin-de-samuel-paty_256948.html\" target=\"_blank\" rel=\"noopener\">ou celles d\u2019\u00e9lus insoumis<\/a> &#8211;  les plus pol\u00e9miques. \u00c0 commencer par sa r\u00e9ticence \u00e0 qualifier le Hamas de mouvement \u00ab\u00a0terroriste\u00a0\u00bb lors de l\u2019attaque du 7\u00a0octobre\u00a02023.<\/p>\n<p class=\"asset asset-text\">Le risque de voir le dialogue d\u00e9g\u00e9n\u00e9rer n\u2019est pas exclu, surtout face \u00e0 des repr\u00e9sentants de l\u2019extr\u00eame droite ou \u00e0 des \u00e9lus particuli\u00e8rement remont\u00e9s contre la France insoumise, comme la d\u00e9put\u00e9e ex-EPR Caroline Yadan. Mais son entourage se montre confiant. Jean-Luc M\u00e9lenchon ira \u00ab\u00a0tranquille et amus\u00e9 d\u2019avance, parce qu\u2019ils vont lui servir gratuitement leur caricature.\u00a0\u00bb En parall\u00e8le, d\u2019autres \u00e9voquent \u00ab\u00a0l\u2019habitude\u00a0\u00bb des \u00e9changes muscl\u00e9s entre insoumis et extr\u00eame droite\u00a0: \u00ab\u00a0On a une triple armure\u00a0\u00bb. Dure comme une carapace.<\/p>\n","protected":false},"excerpt":{"rendered":"JEAN-FRANCOIS MONIER \/ AFP Jean-Luc Melenchon, ici le 16\u00a0novembre 2025. EN BREF \u2022 Le fondateur de LFI est&hellip;\n","protected":false},"author":2,"featured_media":581695,"comment_status":"","ping_status":"","sticky":false,"template":"","format":"standard","meta":{"footnotes":""},"categories":[4],"tags":[11,416,1011,27,3081,1023,12,316,25],"class_list":{"0":"post-581694","1":"post","2":"type-post","3":"status-publish","4":"format-standard","5":"has-post-thumbnail","7":"category-france","8":"tag-actualites","9":"tag-assemblee-nationale","10":"tag-fr","11":"tag-france","12":"tag-jean-luc-melenchon","13":"tag-la-france-insoumise-lfi","14":"tag-news","15":"tag-politique","16":"tag-republique-francaise"},"share_on_mastodon":{"url":"https:\/\/pubeurope.com\/@fr\/115671659996945494","error":""},"_links":{"self":[{"href":"https:\/\/www.europesays.com\/fr\/wp-json\/wp\/v2\/posts\/581694","targetHints":{"allow":["GET"]}}],"collection":[{"href":"https:\/\/www.europesays.com\/fr\/wp-json\/wp\/v2\/posts"}],"about":[{"href":"https:\/\/www.europesays.com\/fr\/wp-json\/wp\/v2\/types\/post"}],"author":[{"embeddable":true,"href":"https:\/\/www.europesays.com\/fr\/wp-json\/wp\/v2\/users\/2"}],"replies":[{"embeddable":true,"href":"https:\/\/www.europesays.com\/fr\/wp-json\/wp\/v2\/comments?post=581694"}],"version-history":[{"count":0,"href":"https:\/\/www.europesays.com\/fr\/wp-json\/wp\/v2\/posts\/581694\/revisions"}],"wp:featuredmedia":[{"embeddable":true,"href":"https:\/\/www.europesays.com\/fr\/wp-json\/wp\/v2\/media\/581695"}],"wp:attachment":[{"href":"https:\/\/www.europesays.com\/fr\/wp-json\/wp\/v2\/media?parent=581694"}],"wp:term":[{"taxonomy":"category","embeddable":true,"href":"https:\/\/www.europesays.com\/fr\/wp-json\/wp\/v2\/categories?post=581694"},{"taxonomy":"post_tag","embeddable":true,"href":"https:\/\/www.europesays.com\/fr\/wp-json\/wp\/v2\/tags?post=581694"}],"curies":[{"name":"wp","href":"https:\/\/api.w.org\/{rel}","templated":true}]}}