{"id":581709,"date":"2025-12-06T08:30:19","date_gmt":"2025-12-06T08:30:19","guid":{"rendered":"https:\/\/www.europesays.com\/fr\/581709\/"},"modified":"2025-12-06T08:30:19","modified_gmt":"2025-12-06T08:30:19","slug":"le-parti-animaliste-et-generation-ecologie-avec-delafosse","status":"publish","type":"post","link":"https:\/\/www.europesays.com\/fr\/581709\/","title":{"rendered":"le Parti animaliste et Ge\u0301ne\u0301ration e\u0301cologie avec Delafosse"},"content":{"rendered":"<p>                    Par<br \/>\n        <strong><br \/>\n            <a href=\"https:\/\/actu.fr\/auteur\/g-martin\" title=\"Consulter tous les articles de Gil Martin\" target=\"_blank\" rel=\"noopener\">Gil Martin<\/a><br \/>\n                    <\/strong><\/p>\n<p>        Publi\u00e9 le<\/p>\n<p>            6 d\u00e9c. 2025 \u00e0 9h19        <\/p>\n<p>Ils sont \u00ab <strong>tr\u00e8s satisfaits<\/strong> du bilan de la majorit\u00e9 de gauche \u00bb qui dirige la Ville depuis 2020. Une majorit\u00e9 dont ils font partis et au sein de la laquelle ils se voient bien rester \u00e0 la faveur des prochaines \u00e9lections municipales du mois de mars. Ainsi, ce jeudi 4 d\u00e9cembre, les deux \u00e9lus montpelli\u00e9rains et adjoints au maire <strong>Eddine Ariztegui<\/strong> (d\u00e9l\u00e9gu\u00e9 \u00e0 la politique de l\u2019animal en Ville) et <strong>Radia Tikouk<\/strong> (d\u00e9l\u00e9gu\u00e9e \u00e0 l\u2019Etat civil), respectivement t\u00eates de liste du Parti animaliste et de G\u00e9n\u00e9ration \u00e9cologie, ont annonc\u00e9 qu\u2019ils entrent <strong>officiellement en campagne pour Micha\u00ebl Delafosse<\/strong>.<\/p>\n<p>Nouveaux soutiens pour le maire sortant<\/p>\n<p class=\" wall-content\">Pas encore \u00ab aux c\u00f4t\u00e9s \u00bb car l\u2019actuel \u00e9dile socialiste ne s\u2019est pas encore d\u00e9clar\u00e9, mais ce soutien au maire de Montpellier des deux partis de la mouvance \u00e9cologiste survient <strong>moins de 48 heures<\/strong> apr\u00e8s le soutien annonc\u00e9 <a href=\"https:\/\/actu.fr\/occitanie\/montpellier_34172\/municipales-a-montpellier-place-publique-et-le-prg-prets-a-repartir-avec-la-majorite_63517493.html\" target=\"_blank\" rel=\"noopener\">par deux autres partis de gauche au maire actuel, le Parti radical de gauche (PRG) et Place Publique<\/a>.<\/p>\n<p class=\" wall-content\">On ne peut pas dire que le ralliement du Parti animaliste et de G\u00e9n\u00e9rations \u00e9cologie sera de nature \u00e0 fortement influencer le scrutin : 5 000 adh\u00e9rents dans toute la France pour le Parti animaliste, pas de chiffres annonc\u00e9s pour G\u00e9n\u00e9ration \u00e9cologie sur Montpellier\u2026 Mais ce nouveau soutien <strong>consolide le rassemblement \u00e0 gauche<\/strong> qui se dessine autour du maire actuel.\u00a0<\/p>\n<p>L\u2019appel au Printemps montpelli\u00e9rain<\/p>\n<p class=\" wall-content\">Eddine Ariztegui et Radia Tikouk exhortent m\u00eame le d\u00e9put\u00e9 h\u00e9raultais EELV Jean-Louis Roum\u00e9gas, qui conduit <strong>la liste du Printemps montpelli\u00e9rain<\/strong> oppos\u00e9e \u00e0 Micha\u00ebl Delafosse, \u00e0 balayer les divergences et rejoindre la future liste d\u2019union autour du maire actuel : \u00ab Il serait normal que les \u00e9cologistes d\u2019EELV et leurs colistiers rejoignent \u00e9galement la future liste de la majorit\u00e9 municipale \u00bb, expliquent les deux \u00e9lus : \u00ab Pour nous, la porte reste ouverte. \u00bb<\/p>\n<p>    <a href=\"https:\/\/www.google.com\/maps\/embed?pb=!1m18!1m12!1m3!1d2887.4105042631177!2d3.871262111009797!3d43.639626953189264!2m3!1f0!2f0!3f0!3m2!1i1024!2i768!4f13.1!3m3!1m2!1s0x12b6af2f82d34b21%3A0x40fd8b55e8f6118d!2sZoo%20de%20Montpellier!5e0!3m2!1sfr!2sfr!4v1764902675318!5m2!1sfr!2sfr\" title=\"Ouvrie le lien\" target=\"_blank\" rel=\"noopener\">Cliquez ici pour visualiser le contenu<\/a><\/p>\n<p>Vid\u00e9os : en ce moment sur Actu<\/p>\n<blockquote class=\"ac-article-quote wall-content\">\n<p>\u00ab\u00a0Il faut \u00e9galement que le zoo du Lunaret deviennent un lieu de refuge pour les animaux provenant des cirques ou saisis par les douanes car sinon, ils sont euthanasi\u00e9s\u00a0\u00bb<\/p>\n<p>    <strong>Eddine Ariztegui (Parti animaliste) et Radia Tikouk (G\u00e9n\u00e9ration \u00e9cologie) <\/strong>\n            <\/p><\/blockquote>\n<p class=\" wall-content\">L\u2019enthousiasme du Parti animaliste et de G\u00e9n\u00e9ration \u00e9cologie pour soutenir Micha\u00ebl Delafosse n\u2019est pas \u00ab\u00a0le fruit d\u2019un calcul politique\u00a0\u00bb mais bien <strong>le r\u00e9sultat d\u2019un mandat<\/strong> que les deux \u00e9lus jugent <strong>excellent pour l\u2019\u00e9cologie et la cause animale<\/strong>. \u00ab Bien s\u00fbr, il y a eu des points de d\u00e9saccord, <a href=\"https:\/\/actu.fr\/occitanie\/montpellier_34172\/montpellier-elles-etaient-en-parfaite-sante-gazage-de-200-chauves-souris-un-elu-saisit-la-justice_62978369.html\" target=\"_blank\" rel=\"noopener\">comme l\u2019affaire de l\u2019euthanasie des chauves-souris du zoo<\/a> \u00bb, rappelle Eddine Ariztegui, \u00ab mais le bilan en faveur de la cause anomale est quand m\u00eame tr\u00e8s bon \u00bb. La t\u00eate de liste du parti animaliste, dont il est co-pr\u00e9sident national, liste les mesures mises en place par la Ville : <br \/>-livraison de l\u2019h\u00f4pital de la faune sauvage pour 2007 ;<br \/>-interdiction de la chasse sur certains secteurs bois\u00e9s de Montpellier ;<br \/>-menus v\u00e9g\u00e9tariens dans les cantines scolaires ;<br \/>-r\u00e9gulation douce des pigeons (\u00ab\u00a05 pigeonniers contraceptifs ont \u00e9t\u00e9 install\u00e9, il en faut encore 5) ;<br \/>-chenil public et soins gratuits pour les animaux (\u00ab\u00a0jusqu\u2019au 180 \u20ac pris en charge par la Ville pour celles et ceux qui ne peuvent pas faire soigner leur animal\u00a0\u00bb) ;<br \/>-formation \u00e0 la condition animale pour la police municipale\u2026<\/p>\n<p>Votre r\u00e9gion, votre actu !<\/p>\n<p>Recevez chaque jour les infos qui comptent pour vous.<\/p>\n<p>\t<a href=\"https:\/\/actu.fr\/newsletter\" class=\"ac-btn ac-btn--corner ac-btn--medium ac-btn--blue800\" target=\"_blank\" rel=\"noopener\">S&rsquo;incrire<\/a><br \/>\nEncore des projets pour la faune<\/p>\n<p class=\" wall-content\">Eddine Ariztegui et Radia Tikouk estiment que le boulot en faveur de la cause animale n\u2019est pas fini et pointent <strong>les projets \u00e0 venir<\/strong> : \u00ab\u00a0Nous militons pour la cr\u00e9ation, \u00e0 la Ville, d\u2019une direction de la condition animale. Il faut \u00e9galement <a href=\"https:\/\/actu.fr\/occitanie\/montpellier_34172\/les-travaux-de-transformation-du-zoo-de-montpellier-se-poursuivent_63482441.html\" target=\"_blank\" rel=\"noopener\">que le zoo du Lunaret deviennent un lieu de refuge pour les animaux<\/a> provenant des cirques ou saisis par les douanes car sinon, ils sont euthanasi\u00e9s\u2026 Idem avec l\u2019aquarium d\u2019Odysseum. Nous portons aussi le projet de <strong>cr\u00e9ation d\u2019un dispensaire v\u00e9t\u00e9rinaire<\/strong>, et nous souhaitons que la collectivit\u00e9 int\u00e8gre des clauses en faveur de la condition animale dans les projets urbains\u00a0\u00bb.<\/p>\n<p>\u00ab\u00a0Nous sommes dans la continuit\u00e9\u00a0\u00bb<\/p>\n<p class=\" wall-content\">Pour Radia Tikouk, m\u00eame constat sur le volet des grand enjeux \u00e9cologiques \u00e0 travers la politique des transports (d\u00e9veloppement du v\u00e9lo, r\u00e9alisation de la 5\u00e8me ligne de Tram), de la pr\u00e9servation des terres agricoles (PLUI), du d\u00e9veloppement des \u00e9nergies renouvelables, des initiatives en faveur d\u2019une meilleure alimentation \u00ab dont le dernier exemple, remarquable, est <strong>la cr\u00e9ation de la Cit\u00e9 de l\u2019alimentation<\/strong> \u00bb.<\/p>\n<p class=\" wall-content\">Puisque les feux sont au vert, les \u00e9lus \u00e9cologistes Eddine Ariztegui et Radia Tikouk ne voient pas de raison de ne pas soutenir le maire sortant : \u00ab Pourquoi faire un autre choix ? Pourquoi changer quelque chose qui marche et qui fait ses preuves ? Nous nous inscrivons <strong>dans la continuit\u00e9<\/strong>. \u00bb<\/p>\n<p class=\" wall-content\">Personnalisez votre actualit\u00e9 en ajoutant vos villes et m\u00e9dias en favori avec <a href=\"https:\/\/moncompte.actu.fr\" title=\"D\u00e9couvez Mon Actu\" rel=\"nofollow noopener\" data-trk=\"{&quot;cta&quot;:{&quot;action&quot;:&quot;https:\\\/\\\/moncompte.actu.fr&quot;,&quot;category&quot;:&quot;mon compte&quot;,&quot;from&quot;:&quot;article footer&quot;,&quot;name&quot;:&quot;Mon actu&quot;,&quot;type&quot;:&quot;cta&quot;}}\" target=\"_blank\">Mon Actu<\/a>.<\/p>\n","protected":false},"excerpt":{"rendered":"Par Gil Martin Publi\u00e9 le 6 d\u00e9c. 2025 \u00e0 9h19 Ils sont \u00ab tr\u00e8s satisfaits du bilan de&hellip;\n","protected":false},"author":2,"featured_media":581710,"comment_status":"","ping_status":"","sticky":false,"template":"","format":"standard","meta":{"footnotes":""},"categories":[9599],"tags":[1111,11,4188,1777,674,1011,27,2208,12,2680,316,25],"class_list":{"0":"post-581709","1":"post","2":"type-post","3":"status-publish","4":"format-standard","5":"has-post-thumbnail","7":"category-montpellier","8":"tag-actu","9":"tag-actualites","10":"tag-elections-municipales","11":"tag-eu","12":"tag-europe","13":"tag-fr","14":"tag-france","15":"tag-montpellier","16":"tag-news","17":"tag-occitanie","18":"tag-politique","19":"tag-republique-francaise"},"share_on_mastodon":{"url":"https:\/\/pubeurope.com\/@fr\/115671690356057889","error":""},"_links":{"self":[{"href":"https:\/\/www.europesays.com\/fr\/wp-json\/wp\/v2\/posts\/581709","targetHints":{"allow":["GET"]}}],"collection":[{"href":"https:\/\/www.europesays.com\/fr\/wp-json\/wp\/v2\/posts"}],"about":[{"href":"https:\/\/www.europesays.com\/fr\/wp-json\/wp\/v2\/types\/post"}],"author":[{"embeddable":true,"href":"https:\/\/www.europesays.com\/fr\/wp-json\/wp\/v2\/users\/2"}],"replies":[{"embeddable":true,"href":"https:\/\/www.europesays.com\/fr\/wp-json\/wp\/v2\/comments?post=581709"}],"version-history":[{"count":0,"href":"https:\/\/www.europesays.com\/fr\/wp-json\/wp\/v2\/posts\/581709\/revisions"}],"wp:featuredmedia":[{"embeddable":true,"href":"https:\/\/www.europesays.com\/fr\/wp-json\/wp\/v2\/media\/581710"}],"wp:attachment":[{"href":"https:\/\/www.europesays.com\/fr\/wp-json\/wp\/v2\/media?parent=581709"}],"wp:term":[{"taxonomy":"category","embeddable":true,"href":"https:\/\/www.europesays.com\/fr\/wp-json\/wp\/v2\/categories?post=581709"},{"taxonomy":"post_tag","embeddable":true,"href":"https:\/\/www.europesays.com\/fr\/wp-json\/wp\/v2\/tags?post=581709"}],"curies":[{"name":"wp","href":"https:\/\/api.w.org\/{rel}","templated":true}]}}