{"id":581711,"date":"2025-12-06T08:32:24","date_gmt":"2025-12-06T08:32:24","guid":{"rendered":"https:\/\/www.europesays.com\/fr\/581711\/"},"modified":"2025-12-06T08:32:24","modified_gmt":"2025-12-06T08:32:24","slug":"le-prix-dune-porsche-911-le-velo-de-tadej-pogacar-utilise-lors-de-letape-montpellier-mont-ventoux-sest-vendu-163-000-euros","status":"publish","type":"post","link":"https:\/\/www.europesays.com\/fr\/581711\/","title":{"rendered":"Le prix d\u2019une Porsche 911\u00a0: le v\u00e9lo de Tadej Pogacar, utilis\u00e9 lors de l\u2019\u00e9tape Montpellier-Mont Ventoux, s\u2019est vendu\u2026 163\u00a0000\u00a0euros"},"content":{"rendered":"<p>\n                                                                Ce vendredi 5\u00a0d\u00e9cembre 2025, un v\u00e9lo du double champion du monde Tadej Pogacar, utilis\u00e9 sur l\u2019\u00e9tape Montpellier-Mont Ventoux au Tour de France, a \u00e9t\u00e9 vendu aux ench\u00e8res aux \u00c9tats-Unis. Mais les prix se sont envol\u00e9s jusqu\u2019\u00e0 10 fois l\u2019estimation.\n                            <\/p>\n<p>190\u00a0500\u00a0dollars, soit un peu plus de 163\u00a0000\u00a0euros, tel est le montant des ench\u00e8res d\u2019un v\u00e9lo de Tadej Pogacar. Ce vendredi, un Colnago\u00a0Y1Rs utilis\u00e9\u00a0par le slov\u00e8ne lors de la <a href=\"https:\/\/www.midilibre.fr\/2025\/07\/22\/direct-tour-de-france-de-louverture-du-village-a-larrivee-suivez-avec-nous-la-16e-etape-entre-montpellier-et-le-mythique-mont-ventoux-12837100.php\" target=\"_blank\" rel=\"noopener\">16e \u00e9tape<\/a> du <a href=\"https:\/\/www.midilibre.fr\/sport\/cyclisme\/tour-de-france\/\" target=\"_blank\" rel=\"noopener\">Tour de France<\/a> cet \u00e9t\u00e9 (Montpellier-Mont Ventoux), a \u00e9t\u00e9 vendu aux ench\u00e8res aux \u00c9tats-Unis. Mais le prix a atteint pr\u00e8s de 10 fois son estimation initiale, rapporte <a href=\"https:\/\/sportune.20minutes.fr\/le-velo-de-pogacar-vendu-aux-encheres-au-prix-dune-porsche-911-387457\" target=\"_blank\" rel=\"noopener\">le m\u00e9dia Sportune<\/a>.<\/p>\n<p>Le prix d\u2019une Porsche 911<\/p>\n<p>Le double champion du monde roule avec des v\u00e9los de la marque italienne Colnago, \u00e9quipementier de l\u2019\u00e9quipe UAE Team Emirates. Durant la saison 2025, Tadej Pogacar et son \u00e9quipe ont utilis\u00e9 \u00e0 plusieurs reprises un mod\u00e8le d\u00e9velopp\u00e9 cette ann\u00e9e\u00a0: <a href=\"https:\/\/www.colnago.com\/fr-fr\/premium-bikes\/y1rs-road-bike\" target=\"_blank\" rel=\"noopener\">le\u00a0Y1Rs, un mod\u00e8le a\u00e9rodynamique<\/a>.<\/p>\n<p>Pendant le Tour de France, le Slov\u00e8ne est mont\u00e9 sur un Colnago \u00ab\u00a0\u00e0 la livr\u00e9e noire et blanche brute, sans les couleurs de l\u2019UCI\u00a0\u00bb lors du\u00a0<a href=\"https:\/\/www.midilibre.fr\/2025\/07\/18\/tour-de-france-quel-est-ce-fabuleux-record-qui-obnubile-le-maillot-jaune-tadej-pogacar-12833085.php\" target=\"_blank\" rel=\"noopener\">contre-la-montre \u00e0 Peyragudes<\/a>.<\/p>\n<p>        <img decoding=\"async\" class=\"std-img__img responsive-img\" src=\"https:\/\/www.europesays.com\/fr\/wp-content\/uploads\/2025\/12\/1765009943_655_image.jpg\" alt=\"Tadej Pogacar dans la mont\u00e9e de Peyragudes pendant le contre-la-montre.\"\/><\/p>\n<p>                Tadej Pogacar dans la mont\u00e9e de Peyragudes pendant le contre-la-montre.<br \/>\n                                    EPA &#8211; CHRISTOPHE PETIT TESSON<\/p>\n<p>Quelques jours plus tard, au d\u00e9part de la 16e \u00e9tape ralliant Montpellier au Mont Ventoux, Pogacar d\u00e9voile une nouvelle\u00a0version de Y1rs, avec les couleurs du champion du monde (ouge, vert, jaune et bleu), cr\u00e9ant ainsi l\u2019\u00e9dition Raw Carbon.<\/p>\n<p>        <img decoding=\"async\" class=\"std-img__img responsive-img\" src=\"https:\/\/www.europesays.com\/fr\/wp-content\/uploads\/2025\/12\/1765009944_102_image.jpg\" alt=\"Tadej Pogacar \u00e0 Montpellier avec le Colnago avec les couleurs arc-en-ciel.\"\/><\/p>\n<p>                Tadej Pogacar \u00e0 Montpellier avec le Colnago avec les couleurs arc-en-ciel.<br \/>\n                                    EPA &#8211; CHRISTOPHE PETIT TESSON<\/p>\n<p>C\u2019est ce v\u00e9lo utilis\u00e9 pour la 16e \u00e9tape du Tour qui a \u00e9t\u00e9 mis aux ench\u00e8res\u00a0par la soci\u00e9t\u00e9 am\u00e9ricaine <a href=\"https:\/\/www.sothebys.com\/en\/buy\/auction\/2025\/colnago-legends-icons-ad2503\/tadej-pogacars-colnago-y1rs-stripped-black-ridden\" target=\"_blank\" rel=\"noopener\">Sotheby\u2019s<\/a>. Estimation\u00a0: entre 15\u00a0000\u00a0et 20\u00a0000 dollars, soit entre 12\u00a0800 et 17\u00a0000\u00a0euros. \u00ab\u00a0Machine de course unique et d\u2019une grande importance historique, le Colnago Y1Rs Raw Carbon est un v\u00e9lo destin\u00e9 aux collectionneurs les plus passionn\u00e9s et les plus exigeants.\u00a0\u00bb<\/p>\n<p>Mais les prix se sont envol\u00e9s et le montant a atteint pr\u00e8s de 10 fois l\u2019estimation initiale fix\u00e9e. 190\u00a0500\u00a0dollars, tel est le prix final auquel a \u00e9t\u00e9 vendu le Colnago, soit tr\u00e8s exactement\u00a0163\u00a0601\u00a0euros. Nos confr\u00e8res de Sportune indiquent que cette somme est proche du \u00ab\u00a0tarif proche d\u2019une Porsche 911\u00a0\u00bb.<\/p>\n<p>Un nouveau titre pour Pogi et PFP<\/p>\n<p>Vainqueurs du Tour de France cet \u00e9t\u00e9, le Slov\u00e8ne Tadej Pogacar et la Fran\u00e7aise <a href=\"https:\/\/www.midilibre.fr\/2025\/08\/03\/tour-de-france-femmes-victoire-finale-pour-pauline-ferrand-prevot-premier-succes-francais-36-ans-apres-jeannie-longo-12858603.php\" target=\"_blank\" rel=\"noopener\">Pauline Ferrand-Pr\u00e9vot <\/a>ont \u00e9t\u00e9 logiquement r\u00e9compens\u00e9s du troph\u00e9e V\u00e9lo d\u2019or, d\u00e9signant les meilleurs coureurs cyclistes hommes et femmes de l\u2019ann\u00e9e 2025, vendredi soir \u00e0 Paris.<\/p>\n<p>Huit troph\u00e9es au total ont \u00e9t\u00e9 remis lors d\u2019une c\u00e9r\u00e9monie organis\u00e9e au pavillon Gabriel, sur les Champs-\u00c9lys\u00e9es, sur le mod\u00e8le du Ballon d\u2019or en football qui a souffert de l\u2019absence des principaux laur\u00e9ats. Pogacar, qui s\u2019est d\u00e9command\u00e9 de la soir\u00e9e au dernier moment \u00e0 cause d\u2019un \u00ab\u00a0virus\u00a0\u00bb, a \u00e9galement d\u00e9croch\u00e9 le prix Eddy Merckx de meilleur coureur de classiques, attribu\u00e9 \u00e0 la N\u00e9erlandaise Lorena Wiebes chez les femmes.<\/p>\n<p>Le Troph\u00e9e Jeannie Longo, r\u00e9compensant la meilleure Fran\u00e7aise, est logiquement revenu \u00e0 Pauline Ferrand-Pr\u00e9vot, elle aussi absente.<\/p>\n","protected":false},"excerpt":{"rendered":"Ce vendredi 5\u00a0d\u00e9cembre 2025, un v\u00e9lo du double champion du monde Tadej Pogacar, utilis\u00e9 sur l\u2019\u00e9tape Montpellier-Mont Ventoux&hellip;\n","protected":false},"author":2,"featured_media":581712,"comment_status":"","ping_status":"","sticky":false,"template":"","format":"standard","meta":{"footnotes":""},"categories":[9599],"tags":[1111,11,207,1777,674,1011,27,7089,2208,12,2680,25,517],"class_list":{"0":"post-581711","1":"post","2":"type-post","3":"status-publish","4":"format-standard","5":"has-post-thumbnail","7":"category-montpellier","8":"tag-actu","9":"tag-actualites","10":"tag-cyclisme","11":"tag-eu","12":"tag-europe","13":"tag-fr","14":"tag-france","15":"tag-herault","16":"tag-montpellier","17":"tag-news","18":"tag-occitanie","19":"tag-republique-francaise","20":"tag-sport"},"share_on_mastodon":{"url":"https:\/\/pubeurope.com\/@fr\/115671698964427070","error":""},"_links":{"self":[{"href":"https:\/\/www.europesays.com\/fr\/wp-json\/wp\/v2\/posts\/581711","targetHints":{"allow":["GET"]}}],"collection":[{"href":"https:\/\/www.europesays.com\/fr\/wp-json\/wp\/v2\/posts"}],"about":[{"href":"https:\/\/www.europesays.com\/fr\/wp-json\/wp\/v2\/types\/post"}],"author":[{"embeddable":true,"href":"https:\/\/www.europesays.com\/fr\/wp-json\/wp\/v2\/users\/2"}],"replies":[{"embeddable":true,"href":"https:\/\/www.europesays.com\/fr\/wp-json\/wp\/v2\/comments?post=581711"}],"version-history":[{"count":0,"href":"https:\/\/www.europesays.com\/fr\/wp-json\/wp\/v2\/posts\/581711\/revisions"}],"wp:featuredmedia":[{"embeddable":true,"href":"https:\/\/www.europesays.com\/fr\/wp-json\/wp\/v2\/media\/581712"}],"wp:attachment":[{"href":"https:\/\/www.europesays.com\/fr\/wp-json\/wp\/v2\/media?parent=581711"}],"wp:term":[{"taxonomy":"category","embeddable":true,"href":"https:\/\/www.europesays.com\/fr\/wp-json\/wp\/v2\/categories?post=581711"},{"taxonomy":"post_tag","embeddable":true,"href":"https:\/\/www.europesays.com\/fr\/wp-json\/wp\/v2\/tags?post=581711"}],"curies":[{"name":"wp","href":"https:\/\/api.w.org\/{rel}","templated":true}]}}