{"id":581717,"date":"2025-12-06T08:35:11","date_gmt":"2025-12-06T08:35:11","guid":{"rendered":"https:\/\/www.europesays.com\/fr\/581717\/"},"modified":"2025-12-06T08:35:11","modified_gmt":"2025-12-06T08:35:11","slug":"ce-jeune-gerant-doit-ouvrir-un-deuxieme-restaurant","status":"publish","type":"post","link":"https:\/\/www.europesays.com\/fr\/581717\/","title":{"rendered":"ce jeune g\u00e9rant doit ouvrir un deuxi\u00e8me restaurant"},"content":{"rendered":"<p>                    Par<br \/>\n        <strong><br \/>\n            <a href=\"https:\/\/actu.fr\/auteur\/lisa-rodrigues\" title=\"Consulter tous les articles de Lisa Rodrigues\" target=\"_blank\" rel=\"noopener\">Lisa Rodrigues<\/a><br \/>\n                    <\/strong><\/p>\n<p>        Publi\u00e9 le<\/p>\n<p>            6 d\u00e9c. 2025 \u00e0 8h32        <\/p>\n<p>Deux ans que Kacem Soussi a ouvert son <a href=\"https:\/\/actu.fr\/auvergne-rhone-alpes\/grenoble_38185\/ce-nouveau-restaurant-marocain-ouvre-a-grenoble-avec-un-concept-inedit_59820736.html\" target=\"_blank\" rel=\"noopener\">premier restaurant<\/a> sp\u00e9cialis\u00e9 dans la cuisine marocaine, <strong>Tigmi<\/strong>, rue Brocherie \u00e0 <a href=\"https:\/\/actu.fr\/auvergne-rhone-alpes\/grenoble_38185\" target=\"_blank\" rel=\"noopener\">Grenoble<\/a>. \u00ab\u00a0Mon projet, c\u2019est de cr\u00e9er une cha\u00eene de restaurants de cuisine marocaine. Le couscous, tout le monde adore !\u00a0\u00bb Un projet qui avance tout doucement, puisqu\u2019il <strong>s\u2019appr\u00eate \u00e0 ouvrir un deuxi\u00e8me \u00e9tablissement<\/strong> \u00e0 Bernin, toujours dans la m\u00e9tropole de Grenoble.<br \/>Cette ouverture est aussi une n\u00e9cessit\u00e9 pour le jeune restaurateur, \u00e0 cause d\u2019un inad\u00e9quation entre la fr\u00e9quentation de son premier restaurant et ses co\u00fbts de production. En clair : <strong>il cuisine trop par rapport \u00e0 son nombre de clients<\/strong>.<\/p>\n<p>\u00ab\u00a0Les gens vont moins en ville qu\u2019avant\u00a0\u00bb<\/p>\n<p class=\" wall-content\">\u00ab\u00a0Le centre-ville de Grenoble,<a href=\"https:\/\/actu.fr\/auvergne-rhone-alpes\/grenoble_38185\/grenoble-soldes-d-ete-bilan-mitige-chez-les-petits-commercants-pas-une-annee-exceptionnelle_62953597.html\" target=\"_blank\" rel=\"noopener\"> \u00e7a reste dur<\/a>, souffle Kacem Soussi. J\u2019ai ma client\u00e8le, mais les gens vont moins en ville qu\u2019avant.\u00a0\u00bb<\/p>\n<p class=\" wall-content\">Or, il met un point d\u2019honneur \u00e0 ce que ses tajines, couscous et autres plats marocains soient faits maison. D\u2019ailleurs, depuis la salle, on voit (et on sent !) les grandes marmites en train de cuire. Et c\u2019est l\u00e0 qu\u2019est le probl\u00e8me.<\/p>\n<blockquote class=\"ac-article-quote wall-content\">\n<p>Que je serve 40 ou 80 couscous, c&rsquo;est pareil en termes de charges pour moi. Comme la fr\u00e9quentation est al\u00e9atoire &#8211; mais c&rsquo;est aussi la restauration -, j&rsquo;en ai presque trop ! C&rsquo;est pour \u00e7a que j&rsquo;ouvre un deuxi\u00e8me restaurant.<\/p>\n<p>    <strong>Kacem Soussi<\/strong><br \/>\n        G\u00e9rant du restaurant Tigmi    <\/p><\/blockquote>\n<p class=\" wall-content\">Financi\u00e8rement, son activit\u00e9 est \u00e0 l\u2019\u00e9quilibre et il a m\u00eame modifi\u00e9 le concept de base de son restaurant, pens\u00e9 initialement comme un fast-food marocain. D\u00e9sormais, c\u2019est service en salle. \u00ab\u00a0Je suis mont\u00e9 en gamme, parce que les gens pr\u00e9f\u00e8rent manger \u00e0 table.\u00a0\u00bb Mais malgr\u00e9 ces changements et \u00ab\u00a0<strong>en travaillant presque 80 heures par semaine<\/strong>, je ne me verse pas de salaire depuis deux ans.\u00a0\u00bb\u00a0<\/p>\n<p>    <img   decoding=\"async\" loading=\"lazy\" src=\"https:\/\/www.europesays.com\/fr\/wp-content\/uploads\/2025\/12\/tigmi-grenoble-restaurant-5-960x640.jpg\" alt=\"\" width=\"960\" height=\"640\"\/><br \/>\n    \u00ab\u00a0La fr\u00e9quentation est al\u00e9atoire, mais c\u2019est aussi la restauration\u00a0\u00bb, reconna\u00eet Kacem Soussi. Son restaurant \u00e0 Grenoble ne fait pas suffisamment le plein pour couvrir ses co\u00fbts de production. (\u00a9Lisa Rodrigues \/ actu Grenoble)Une nouvelle client\u00e8le \u00e0 aller chercher<\/p>\n<p class=\" wall-content\">Ce nouvel \u00e9tablissement, baptis\u00e9 <strong>Le Comptoir de Tigmi<\/strong>, va ouvrir le 20 d\u00e9cembre prochain. \u00ab\u00a0La carte sera plus vaste, pr\u00e9vient le g\u00e9rant. On sera sur un format plus traiteur, avec un large comptoir\u00a0\u00bb pr\u00e9sentant les plats typiques et p\u00e2tisseries, achet\u00e9es directement au Maroc.<\/p>\n<p>Votre r\u00e9gion, votre actu !<\/p>\n<p>Recevez chaque jour les infos qui comptent pour vous.<\/p>\n<p>\t<a href=\"https:\/\/actu.fr\/newsletter\" class=\"ac-btn ac-btn--corner ac-btn--medium ac-btn--blue800\" target=\"_blank\" rel=\"noopener\">S&rsquo;incrire<\/a><\/p>\n<p class=\" wall-content\">Une petite offre d\u2019\u00e9picerie de produits marocains compl\u00e8tera l\u2019ensemble.<\/p>\n<p class=\" wall-content\">Le restaurant sera \u00e0 proximit\u00e9 de plusieurs zones d\u2019activit\u00e9s et grandes entreprises. Des clients potentiels pour Kacem Soussi, qui compte sur la pause d\u00e9jeuner pour les attirer. \u00ab\u00a0Le midi, je vais avoir du monde. Pour la partie traiteur, j\u2019ai d\u00e9j\u00e0 trois entreprises qui m\u2019ont contact\u00e9 pour leur repas de No\u00ebl.\u00a0\u00bb<\/p>\n<p>    <a href=\"https:\/\/www.google.com\/maps\/embed?pb=!1m18!1m12!1m3!1d2531.262613358183!2d5.864850948706439!3d45.27043331454199!2m3!1f0!2f0!3f0!3m2!1i1024!2i768!4f13.1!3m3!1m2!1s0x478a59aff1acab97%3A0x7c9b2ee769ccd87c!2s294%20Chem.%20des%20Vergers%2C%2038190%20Bernin!5e0!3m2!1sfr!2sfr!4v1764931249837!5m2!1sfr!2sfr\" title=\"Ouvrie le lien\" target=\"_blank\" rel=\"noopener\">Cliquez ici pour visualiser le contenu<\/a><\/p>\n<p class=\" wall-content\">C\u00f4t\u00e9 personnel, <strong>trois salari\u00e9s ont \u00e9t\u00e9 recrut\u00e9s<\/strong> pour le restaurant de Bernin, dont deux en contrats aid\u00e9s.<\/p>\n<p>\u00ab\u00a0J\u2019ai plein de projets\u00a0\u00bb<\/p>\n<p class=\" wall-content\">Malgr\u00e9 les difficult\u00e9s, Kacem Soussi garde bon espoir de r\u00e9aliser un jour son r\u00eave d\u2019avoir une cha\u00eene de restaurants marocains. \u00ab\u00a0D\u00e9j\u00e0 pour le restaurant \u00e0 Grenoble, les gens me demandent parfois si c\u2019est une cha\u00eene. \u00c7a veut dire que le concept peut marcher !\u00a0\u00bb<\/p>\n<p class=\" wall-content\">Il a \u00ab\u00a0plein de projets\u00a0\u00bb pour continuer \u00e0 se d\u00e9velopper, notamment par des partenariats avec d\u2019autres restaurateurs en <a href=\"https:\/\/actu.fr\/auvergne-rhone-alpes\/isere_38\" target=\"_blank\" rel=\"noopener\">Is\u00e8re<\/a>. Et il lorgne toujours vers la m\u00e9tropole de <a href=\"https:\/\/actu.fr\/auvergne-rhone-alpes\/lyon_69123\" target=\"_blank\" rel=\"noopener\">Lyon<\/a> pour, \u00e0 terme, ouvrir un autre Tigmi. \u00ab\u00a0Mais je ne me fixe pas de date !\u00a0\u00bb<\/p>\n<p>Le Comptoir de Tigmi, 294 chemin des Vergers \u00e0 Bernin, du mardi au dimanche midi. Ouverture le 20 d\u00e9cembre.\u00a0<\/p>\n<p class=\" wall-content\">Personnalisez votre actualit\u00e9 en ajoutant vos villes et m\u00e9dias en favori avec <a href=\"https:\/\/moncompte.actu.fr\" title=\"D\u00e9couvez Mon Actu\" rel=\"nofollow noopener\" data-trk=\"{&quot;cta&quot;:{&quot;action&quot;:&quot;https:\\\/\\\/moncompte.actu.fr&quot;,&quot;category&quot;:&quot;mon compte&quot;,&quot;from&quot;:&quot;article footer&quot;,&quot;name&quot;:&quot;Mon actu&quot;,&quot;type&quot;:&quot;cta&quot;}}\" target=\"_blank\">Mon Actu<\/a>.<\/p>\n","protected":false},"excerpt":{"rendered":"Par Lisa Rodrigues Publi\u00e9 le 6 d\u00e9c. 2025 \u00e0 8h32 Deux ans que Kacem Soussi a ouvert son&hellip;\n","protected":false},"author":2,"featured_media":581718,"comment_status":"","ping_status":"","sticky":false,"template":"","format":"standard","meta":{"footnotes":""},"categories":[9566],"tags":[1111,11,2430,215,33,1777,674,1011,27,2731,12,25,1340],"class_list":{"0":"post-581717","1":"post","2":"type-post","3":"status-publish","4":"format-standard","5":"has-post-thumbnail","7":"category-grenoble","8":"tag-actu","9":"tag-actualites","10":"tag-auvergne-rhone-alpes","11":"tag-commerce","12":"tag-economie","13":"tag-eu","14":"tag-europe","15":"tag-fr","16":"tag-france","17":"tag-grenoble","18":"tag-news","19":"tag-republique-francaise","20":"tag-restaurant"},"share_on_mastodon":{"url":"https:\/\/pubeurope.com\/@fr\/115671711171871820","error":""},"_links":{"self":[{"href":"https:\/\/www.europesays.com\/fr\/wp-json\/wp\/v2\/posts\/581717","targetHints":{"allow":["GET"]}}],"collection":[{"href":"https:\/\/www.europesays.com\/fr\/wp-json\/wp\/v2\/posts"}],"about":[{"href":"https:\/\/www.europesays.com\/fr\/wp-json\/wp\/v2\/types\/post"}],"author":[{"embeddable":true,"href":"https:\/\/www.europesays.com\/fr\/wp-json\/wp\/v2\/users\/2"}],"replies":[{"embeddable":true,"href":"https:\/\/www.europesays.com\/fr\/wp-json\/wp\/v2\/comments?post=581717"}],"version-history":[{"count":0,"href":"https:\/\/www.europesays.com\/fr\/wp-json\/wp\/v2\/posts\/581717\/revisions"}],"wp:featuredmedia":[{"embeddable":true,"href":"https:\/\/www.europesays.com\/fr\/wp-json\/wp\/v2\/media\/581718"}],"wp:attachment":[{"href":"https:\/\/www.europesays.com\/fr\/wp-json\/wp\/v2\/media?parent=581717"}],"wp:term":[{"taxonomy":"category","embeddable":true,"href":"https:\/\/www.europesays.com\/fr\/wp-json\/wp\/v2\/categories?post=581717"},{"taxonomy":"post_tag","embeddable":true,"href":"https:\/\/www.europesays.com\/fr\/wp-json\/wp\/v2\/tags?post=581717"}],"curies":[{"name":"wp","href":"https:\/\/api.w.org\/{rel}","templated":true}]}}