{"id":581723,"date":"2025-12-06T08:38:18","date_gmt":"2025-12-06T08:38:18","guid":{"rendered":"https:\/\/www.europesays.com\/fr\/581723\/"},"modified":"2025-12-06T08:38:18","modified_gmt":"2025-12-06T08:38:18","slug":"lequipe-parisienne-selon-la-presse-dembele-titulaire-avec-ruiz","status":"publish","type":"post","link":"https:\/\/www.europesays.com\/fr\/581723\/","title":{"rendered":"L&rsquo;\u00e9quipe parisienne selon la presse : Demb\u00e9l\u00e9 titulaire, avec Ruiz ?"},"content":{"rendered":"<p><strong>Ce samedi, lors de la <a href=\"https:\/\/www.parisfans.fr\/l-1\/ligue-1-calendrier-et-diffusion-de-la-15e-journee-psg-rennes-le-6-decembre-861364.html\" target=\"_blank\" rel=\"noopener\">15e journ\u00e9e de Ligue 1 2025-2026<\/a>, le Paris Saint-Germain (2e) affronte Rennes (5e) au Parc des Princes (coup d\u2019envoi \u00e0 21h05, diffusion sur Ligue1+). A l\u2019aube de cette rencontre, la presse a essay\u00e9 de deviner l\u2019\u00e9quipe qui sera align\u00e9e par le coach parisien Luis Enrique.<\/strong><\/p>\n<p>Le Parisien (4-3-3) \u2013<\/p>\n<p style=\"text-align: center;\">Kvaratskhelia \u2013 Demb\u00e9l\u00e9 \u2013 Barcola<\/p>\n<p style=\"text-align: center;\">Mayulu \u2013 Vitinha \u2013 Neves<\/p>\n<p style=\"text-align: center;\">Hernandez \u2013 Pacho \u2013 Zabarnyi \u2013 Za\u00efre-Emery<\/p>\n<p style=\"text-align: center;\">Safonov.<\/p>\n<p>L\u2019Equipe (4-3-3) \u2013<\/p>\n<p style=\"text-align: center;\">Kvaratskhelia \u2013 Demb\u00e9l\u00e9 \u2013 Barcola<\/p>\n<p style=\"text-align: center;\">Ruiz- Vitinha \u2013 Neves<\/p>\n<p style=\"text-align: center;\">Hernandez \u2013 Pacho \u2013 Marquinhos \u2013 Za\u00efre-Emery<\/p>\n<p style=\"text-align: center;\">Safonov.<\/p>\n<p>Chaque \u00e9quipe possible, mais il y a toujours des doutes. Luis Enrique sait surprendre la presse, les supporters et les adversaires. Tant mieux, cette impr\u00e9visibilit\u00e9 est une force. Il y a de nombreuses options compte tenu de la concurrence et de la polyvalence dans l\u2019effectif.<\/p>\n<p>Le PSG ayant eu une semaine pour se pr\u00e9parer, ce qui est rare, on peut envisager une forme de \u00ab\u00a0r\u00e9p\u00e9tition\u00a0\u00bb avant la Ligue des Champions ce mercredi contre l\u2019Athletic Bilbao. Cependant, ce ne sera probablement pas exactement la m\u00eame \u00e9quipe. Il faut un peu de prudence physique, sans oublier de concerner tout le monde pur l\u2019ensemble de la saison.<\/p>\n<p>Il y a la possibilit\u00e9 de voir Ousmane Demb\u00e9l\u00e9 d\u00e9marrer, l\u2019attaquant de 28 ans ayant d\u00e9j\u00e0 effectu\u00e9 2 entr\u00e9es en jeu avant la semaine compl\u00e8te pour se pr\u00e9parer encore. Ce n\u2019est cependant pas encore acquis. Attendons l\u2019annonce officielle, environ 1 heure avant le match, pour les certitudes.<\/p>\n<p>\t\t\t\t\t\t\t\t\t\t\t\t\t\t\t\t\t\t\t\t\t\t\t<img loading=\"lazy\" src=\"https:\/\/www.europesays.com\/fr\/wp-content\/uploads\/2025\/04\/ParisFans_Logo.png\" decoding=\"async\" class=\"lazyload\" width=\"240\" height=\"54\" data-eio-rwidth=\"240\" data-eio-rheight=\"54\"\/><\/p>\n","protected":false},"excerpt":{"rendered":"Ce samedi, lors de la 15e journ\u00e9e de Ligue 1 2025-2026, le Paris Saint-Germain (2e) affronte Rennes (5e)&hellip;\n","protected":false},"author":2,"featured_media":581724,"comment_status":"","ping_status":"","sticky":false,"template":"","format":"standard","meta":{"footnotes":""},"categories":[2821],"tags":[1111,11,829,1777,674,1011,27,12,55680,584,25,96],"class_list":{"0":"post-581723","1":"post","2":"type-post","3":"status-publish","4":"format-standard","5":"has-post-thumbnail","7":"category-rennes","8":"tag-actu","9":"tag-actualites","10":"tag-bretagne","11":"tag-eu","12":"tag-europe","13":"tag-fr","14":"tag-france","15":"tag-news","16":"tag-psg-rennes","17":"tag-rennes","18":"tag-republique-francaise","19":"tag-une"},"share_on_mastodon":{"url":"https:\/\/pubeurope.com\/@fr\/115671722662134086","error":""},"_links":{"self":[{"href":"https:\/\/www.europesays.com\/fr\/wp-json\/wp\/v2\/posts\/581723","targetHints":{"allow":["GET"]}}],"collection":[{"href":"https:\/\/www.europesays.com\/fr\/wp-json\/wp\/v2\/posts"}],"about":[{"href":"https:\/\/www.europesays.com\/fr\/wp-json\/wp\/v2\/types\/post"}],"author":[{"embeddable":true,"href":"https:\/\/www.europesays.com\/fr\/wp-json\/wp\/v2\/users\/2"}],"replies":[{"embeddable":true,"href":"https:\/\/www.europesays.com\/fr\/wp-json\/wp\/v2\/comments?post=581723"}],"version-history":[{"count":0,"href":"https:\/\/www.europesays.com\/fr\/wp-json\/wp\/v2\/posts\/581723\/revisions"}],"wp:featuredmedia":[{"embeddable":true,"href":"https:\/\/www.europesays.com\/fr\/wp-json\/wp\/v2\/media\/581724"}],"wp:attachment":[{"href":"https:\/\/www.europesays.com\/fr\/wp-json\/wp\/v2\/media?parent=581723"}],"wp:term":[{"taxonomy":"category","embeddable":true,"href":"https:\/\/www.europesays.com\/fr\/wp-json\/wp\/v2\/categories?post=581723"},{"taxonomy":"post_tag","embeddable":true,"href":"https:\/\/www.europesays.com\/fr\/wp-json\/wp\/v2\/tags?post=581723"}],"curies":[{"name":"wp","href":"https:\/\/api.w.org\/{rel}","templated":true}]}}