{"id":581730,"date":"2025-12-06T08:43:12","date_gmt":"2025-12-06T08:43:12","guid":{"rendered":"https:\/\/www.europesays.com\/fr\/581730\/"},"modified":"2025-12-06T08:43:12","modified_gmt":"2025-12-06T08:43:12","slug":"meteo-pres-de-nice-cette-mauvaise-nouvelle-qui-vient-contrarier-les-stations-de-ski","status":"publish","type":"post","link":"https:\/\/www.europesays.com\/fr\/581730\/","title":{"rendered":"M\u00e9t\u00e9o pr\u00e8s de Nice. Cette mauvaise nouvelle qui vient contrarier les stations de ski"},"content":{"rendered":"<p>                    Par<br \/>\n        <strong><br \/>\n            <a href=\"https:\/\/actu.fr\/auteur\/ugo-maillard\" title=\"Consulter tous les articles de Ugo Maillard\" target=\"_blank\" rel=\"noopener\">Ugo Maillard<\/a><br \/>\n                    <\/strong><\/p>\n<p>        Publi\u00e9 le<\/p>\n<p>            6 d\u00e9c. 2025 \u00e0 7h26        <\/p>\n<p>C\u2019est une tr\u00e8s mauvaise nouvelle \u00e0 quelques heures de l\u2019ouverture officielle des <strong>stations de ski<\/strong>. Dans les <a href=\"https:\/\/actu.fr\/provence-alpes-cote-d-azur\/alpes-maritimes_06\" target=\"_blank\" rel=\"noopener\">Alpes-Maritimes<\/a>, de nombreux domaines lancent leur saison hivernale ce samedi 6\u00a0d\u00e9cembre 2025.\u00a0\u00c0 la veille du lancement, les niveaux d\u2019enneigement sont bons. Voire tr\u00e8s bons, comme \u00e0 Isola 2000 qui a pu <a href=\"https:\/\/actu.fr\/provence-alpes-cote-d-azur\/nice_06088\/neige-cette-station-de-ski-proche-de-nice-ouvre-en-avant-premiere-voici-le-tarif_63497289.html\" target=\"_blank\" rel=\"noopener\">ouvrir en avant-premi\u00e8re<\/a> pour un week-end.<\/p>\n<p class=\" wall-content\">Ce climat d\u2019optimisme pourrait \u00eatre douch\u00e9 par une <strong>hausse des temp\u00e9ratures<\/strong> exceptionnelle pour la saison. La r\u00e9daction d\u2019<a href=\"https:\/\/actu.fr\/nice\/\" target=\"_blank\" rel=\"noopener\">actu Nice<\/a> fait le point sur les conditions m\u00e9t\u00e9orologiques des prochaines heures avec un m\u00e9t\u00e9orologue.<\/p>\n<p>13\u00b0C attendus \u00e0 Auron<\/p>\n<p class=\" wall-content\">Selon les donn\u00e9es m\u00e9trologiques, le mercure va grimper en France. Une hausse des temp\u00e9ratures qui s\u2019explique par \u00ab\u2009un \u00e9pisode de douceur remarquable\u2009\u00bb.<\/p>\n<p class=\" wall-content\">\u00ab\u2009Le flux va basculer avec un anticyclone qui se forme en M\u00e9diterran\u00e9e et qui am\u00e8ne de l\u2019air doux sur les Alpes-Maritimes et la France enti\u00e8re\u2009\u00bb, explique Guillaume S\u00e9chet, m\u00e9t\u00e9orologue et fondateur de <a href=\"https:\/\/www.meteo-villes.com\/\" target=\"_blank\" rel=\"noopener\">M\u00e9t\u00e9o Ville<\/a>.<\/p>\n<p class=\" wall-content\">Selon les pr\u00e9visions pour le dimanche 7\u00a0d\u00e9cembre, le thermom\u00e8tre affichera jusqu\u2019\u00e0 9\u00b0C \u00e0 Isola 2000, 12\u00b0C \u00e0 la Colmiane ou encore 11\u00b0C \u00e0 Valberg. Des temp\u00e9ratures exceptionnellement hautes qui pourraient encore grimper lundi avec jusqu\u2019\u00e0 13\u00b0C \u00e0 Auron, 11\u00b0C \u00e0 Isola et <strong>15\u00b0C \u00e0 la Colmiane<\/strong>.<\/p>\n<blockquote class=\"ac-article-quote wall-content\">\n<p>Ce sont des chaleurs exceptionnelles pour la saison, mais c&rsquo;est le genre d&rsquo;\u00e9pisode qui devient classique. C&rsquo;est une preuve de l&rsquo;impact du r\u00e9chauffement climatique, puisque ces douceurs deviennent normales.<\/p>\n<p>    <strong>Guillaume S\u00e9chet<\/strong>\n            <\/p><\/blockquote>\n<p class=\" wall-content\">Cet \u00e9pisode de douceur \u00ab\u2009commence dimanche et va durer jusqu\u2019\u00e0 la fin de semaine prochaine\u2009\u00bb, pr\u00e9cise le m\u00e9t\u00e9orologue.<\/p>\n<p>Votre r\u00e9gion, votre actu !<\/p>\n<p>Recevez chaque jour les infos qui comptent pour vous.<\/p>\n<p>\t<a href=\"https:\/\/actu.fr\/newsletter\" class=\"ac-btn ac-btn--corner ac-btn--medium ac-btn--blue800\" target=\"_blank\" rel=\"noopener\">S&rsquo;incrire<\/a><br \/>\nUn risque pour la neige\u2009?<\/p>\n<p class=\" wall-content\">Cet \u00e9pisode de douceur peut inqui\u00e9ter les skieurs et les acteurs des stations. \u00ab\u2009Pour les Pr\u00e9alpes et les petites stations de moyenne et basse altitude, il y a du souci \u00e0 se faire\u2009\u00bb, confirme Guillaume S\u00e9chet.<\/p>\n<p class=\" wall-content\">Concernant Isola et les stations en plus haute altitude, le m\u00e9t\u00e9orologue se veut rassurant\u2009: \u00ab\u2009Le manteau neigeux ne va pas fondre du jour au lendemain, quand la neige est importante au sol, elle ne fond pas. D\u2019autant plus qu\u2019Isola 2000 est prot\u00e9g\u00e9e du vent. Au regard des pr\u00e9visions, il est possible qu\u2019on ait un \u00e9pisode plus frais avant No\u00ebl avec de la neige, ce qui compensera la fonte de ce d\u00e9but d\u00e9cembre.\u2009\u00bb<\/p>\n<p class=\" wall-content\">Personnalisez votre actualit\u00e9 en ajoutant vos villes et m\u00e9dias en favori avec <a href=\"https:\/\/moncompte.actu.fr\" title=\"D\u00e9couvez Mon Actu\" rel=\"nofollow noopener\" data-trk=\"{&quot;cta&quot;:{&quot;action&quot;:&quot;https:\\\/\\\/moncompte.actu.fr&quot;,&quot;category&quot;:&quot;mon compte&quot;,&quot;from&quot;:&quot;article footer&quot;,&quot;name&quot;:&quot;Mon actu&quot;,&quot;type&quot;:&quot;cta&quot;}}\" target=\"_blank\">Mon Actu<\/a>.<\/p>\n","protected":false},"excerpt":{"rendered":"Par Ugo Maillard Publi\u00e9 le 6 d\u00e9c. 2025 \u00e0 7h26 C\u2019est une tr\u00e8s mauvaise nouvelle \u00e0 quelques heures&hellip;\n","protected":false},"author":2,"featured_media":581731,"comment_status":"","ping_status":"","sticky":false,"template":"","format":"standard","meta":{"footnotes":""},"categories":[2819],"tags":[1111,11,1777,674,1011,27,1305,2357,10584,12,2401,882,25,4129],"class_list":{"0":"post-581730","1":"post","2":"type-post","3":"status-publish","4":"format-standard","5":"has-post-thumbnail","7":"category-nice","8":"tag-actu","9":"tag-actualites","10":"tag-eu","11":"tag-europe","12":"tag-fr","13":"tag-france","14":"tag-lifestyle","15":"tag-meteo-france","16":"tag-neige","17":"tag-news","18":"tag-nice","19":"tag-provence-alpes-cote-dazur","20":"tag-republique-francaise","21":"tag-ski"},"share_on_mastodon":{"url":"https:\/\/pubeurope.com\/@fr\/115671741577408959","error":""},"_links":{"self":[{"href":"https:\/\/www.europesays.com\/fr\/wp-json\/wp\/v2\/posts\/581730","targetHints":{"allow":["GET"]}}],"collection":[{"href":"https:\/\/www.europesays.com\/fr\/wp-json\/wp\/v2\/posts"}],"about":[{"href":"https:\/\/www.europesays.com\/fr\/wp-json\/wp\/v2\/types\/post"}],"author":[{"embeddable":true,"href":"https:\/\/www.europesays.com\/fr\/wp-json\/wp\/v2\/users\/2"}],"replies":[{"embeddable":true,"href":"https:\/\/www.europesays.com\/fr\/wp-json\/wp\/v2\/comments?post=581730"}],"version-history":[{"count":0,"href":"https:\/\/www.europesays.com\/fr\/wp-json\/wp\/v2\/posts\/581730\/revisions"}],"wp:featuredmedia":[{"embeddable":true,"href":"https:\/\/www.europesays.com\/fr\/wp-json\/wp\/v2\/media\/581731"}],"wp:attachment":[{"href":"https:\/\/www.europesays.com\/fr\/wp-json\/wp\/v2\/media?parent=581730"}],"wp:term":[{"taxonomy":"category","embeddable":true,"href":"https:\/\/www.europesays.com\/fr\/wp-json\/wp\/v2\/categories?post=581730"},{"taxonomy":"post_tag","embeddable":true,"href":"https:\/\/www.europesays.com\/fr\/wp-json\/wp\/v2\/tags?post=581730"}],"curies":[{"name":"wp","href":"https:\/\/api.w.org\/{rel}","templated":true}]}}