{"id":581740,"date":"2025-12-06T08:48:20","date_gmt":"2025-12-06T08:48:20","guid":{"rendered":"https:\/\/www.europesays.com\/fr\/581740\/"},"modified":"2025-12-06T08:48:20","modified_gmt":"2025-12-06T08:48:20","slug":"toulouse-metropole-a-trouve-la-solution","status":"publish","type":"post","link":"https:\/\/www.europesays.com\/fr\/581740\/","title":{"rendered":"Toulouse M\u00e9tropole a trouv\u00e9 la solution"},"content":{"rendered":"<p>                    Par<br \/>\n        <strong><br \/>\n            <a href=\"https:\/\/actu.fr\/auteur\/david-saint-sernin\" title=\"Consulter tous les articles de David Saint-Sernin\" target=\"_blank\" rel=\"noopener\">David Saint-Sernin<\/a><br \/>\n                    <\/strong><\/p>\n<p>        Publi\u00e9 le<\/p>\n<p>            6 d\u00e9c. 2025 \u00e0 7h02        <\/p>\n<p>Vendredi 5\u00a0d\u00e9cembre 2025, une centaine de caravanes de<strong> gens du voyage<\/strong> occupent le principal parking de<a href=\"https:\/\/actu.fr\/tag\/cite-de-l-espace\" target=\"_blank\" rel=\"noopener\"> la Cit\u00e9 de l\u2019Espace <\/a>\u00e0 <strong>Toulouse.<\/strong> Ce n\u2019est pas une nouveaut\u00e9. Depuis des ann\u00e9es, ce parking de 286 places est r\u00e9guli\u00e8rement inutilisable par les visiteurs d\u2019un des plus grands sites touristiques de Toulouse. \u00ab\u2009Il n\u2019est pas exact de dire que ce parking est quasiment continuellement inaccessible. Au contraire, il est plus souvent accessible qu\u2019il n\u2019est pas accessible\u2009\u00bb, assure <strong>Toulouse M\u00e9tropole<\/strong>. Les images fournies par Google, ann\u00e9e apr\u00e8s ann\u00e9e, sont, elles, implacables. Les gens du voyage squattaient d\u00e9j\u00e0 le grand parking en f\u00e9vrier 2021, puis en f\u00e9vrier 2023, entre septembre 2024 et le d\u00e9but de l\u2019ann\u00e9e 2025, puis au printemps 2025. Et d\u00e9sormais \u00e0 l\u2019automne\u2026 Une occupation, donc, tr\u00e8s r\u00e9guli\u00e8re, et qui <a href=\"https:\/\/actu.fr\/occitanie\/toulouse_31555\/toulouse-tensions-autour-des-gens-du-voyage-qui-occupent-le-parking-de-la-cite-de-l-espace_62052113.html\" target=\"_blank\" rel=\"noopener\">devient probl\u00e9matique au moment des vacances scolaires<\/a>, quand les familles viennent \u00e0 la Cit\u00e9 de l\u2019Espace, et doivent gal\u00e9rer pour trouver une place dans les deux parkings restants, voire <a href=\"https:\/\/actu.fr\/occitanie\/toulouse_31555\/toulouse-c-est-le-bazar-autour-de-la-cite-de-l-espace-les-gens-du-voyage-occupent-le-principal-parking_62548069.html\" target=\"_blank\" rel=\"noopener\">stationner de fa\u00e7on anarchique dans les rues alentours<\/a>.<br \/>Comment l\u2019un des principaux sites touristiques de Toulouse se trouve dans l\u2019incapacit\u00e9 d\u2019accueillir convenablement ses visiteurs\u2009? Pourquoi ce parking n\u2019a pas \u00e9t\u00e9 s\u00e9curis\u00e9 depuis toutes ces ann\u00e9es\u2009? Pourquoi la cr\u00e9ation d\u2019un nouveau parking est pr\u00e9vue \u00e0 la Cit\u00e9 de l\u2019Espace alors que la majorit\u00e9 des places de stationnement actuelles n\u2019est pas accessible\u2009? On fait le point\u2026<\/p>\n<p>Le gestionnaire de la Cit\u00e9 \u00ab\u2009d\u00e9plore la situation\u2009\u00bb<\/p>\n<p class=\" wall-content\">\u00c0 quelques semaines des cong\u00e9s de No\u00ebl, p\u00e9riode faste pour la Cit\u00e9 de l\u2019Espace, la situation actuelle s\u2019av\u00e8re probl\u00e9matique. Et la soci\u00e9t\u00e9 gestionnaire du site, la SEMECCEL esp\u00e8re qu\u2019elle sera r\u00e9gl\u00e9e dans les prochains jours\u2026 En d\u00e9cembre\u00a02024, elle avait g\u00e9n\u00e9r\u00e9 des tensions.<\/p>\n<p class=\" wall-content\">La SEMECCEL en convient\u2009:<\/p>\n<p class=\" wall-content\">\u00ab\u2009L\u2019occupation depuis mi-novembre du parking P3 de la Cit\u00e9 de l\u2019espace n\u2019a pas \u00e9t\u00e9 autoris\u00e9e par la SEMECCEL, qui d\u00e9plore cette situation. M\u00eame si ces occupations r\u00e9currentes n\u2019ont pas d\u2019impact fondamental sur la fr\u00e9quentation de la Cit\u00e9 de l\u2019espace, nos visiteurs sont forc\u00e9ment g\u00ean\u00e9s, en particulier les familles ayant programm\u00e9 cette sortie p\u00e9dagogique pour leurs enfants. Toulouse M\u00e9tropole est mobilis\u00e9 aux c\u00f4t\u00e9s de la SEMECCEL pour mettre en place des solutions adapt\u00e9es et p\u00e9rennes, \u00e0 court et \u00e0 long terme\u2009\u00bb.<\/p>\n<p>    <img   decoding=\"async\" loading=\"lazy\" src=\"https:\/\/www.europesays.com\/fr\/wp-content\/uploads\/2025\/12\/img-6083-1-960x640.jpg\" alt=\"Les visiteurs de la Cit\u00e9 de l'Espace, oblig\u00e9s de stationner de fa\u00e7on anarchique aux alentours de la Cit\u00e9 de l'Espace en raison du manque de places sur les parkings li\u00e9 \u00e0 l'occupation du parking P3 par les gens du voyage.\" width=\"960\" height=\"640\"\/><br \/>\n    Les visiteurs de la Cit\u00e9 de l\u2019Espace, oblig\u00e9s de stationner de fa\u00e7on anarchique aux alentours de la Cit\u00e9 de l\u2019Espace en raison du manque de places sur les parkings li\u00e9 \u00e0 l\u2019occupation du parking P3 par les gens du voyage. (\u00a9David Saint-Sernin\/Actu Toulouse)La situation sera-t-elle r\u00e9gl\u00e9e \u00e0 No\u00ebl\u2009?<\/p>\n<p class=\" wall-content\">Que fait Toulouse M\u00e9tropole pour r\u00e9gler ce probl\u00e8me r\u00e9current\u2009?<\/p>\n<p class=\" wall-content\">La collectivit\u00e9 a, en premier lieu, et une nouvelle fois, <strong>saisi la justice<\/strong> comme elle l\u2019a fait dans les situations pr\u00e9c\u00e9dentes.<\/p>\n<p class=\" wall-content\">\u00ab\u2009La justice vient d\u2019ordonner l\u2019expulsion des gens du voyage. Nous avons bon espoir que ce soit fait avant les vacances de No\u00ebl\u2009\u00bb, indique la SEMECCEL.<\/p>\n<p>Votre r\u00e9gion, votre actu !<\/p>\n<p>Recevez chaque jour les infos qui comptent pour vous.<\/p>\n<p>\t<a href=\"https:\/\/actu.fr\/newsletter\" class=\"ac-btn ac-btn--corner ac-btn--medium ac-btn--blue800\" target=\"_blank\" rel=\"noopener\">S&rsquo;incrire<\/a><br \/>\nLa construction d\u2019un nouveau parking<\/p>\n<p class=\" wall-content\">Mais pour Toulouse M\u00e9tropole, \u00ab\u2009la r\u00e9ponse n\u2019est plus seulement juridique, elle est d\u00e9sormais technique et infrastructurelle via un nouveau contrat de concession\u2009\u00bb.<\/p>\n<p class=\" wall-content\">\u00c0 plus long terme, Toulouse M\u00e9tropole, propri\u00e9taire des parkings, a en effet act\u00e9 une solution qui doit tout r\u00e9gler \u00e0 horizon 2028. Elle va faire construire un<strong> nouveau parking, cette fois \u00e0 \u00e9tages,<\/strong> \u00e0 la place de l\u2019actuel parking P3.<\/p>\n<p class=\" wall-content\">Le 15\u00a0octobre 2025, Toulouse M\u00e9tropole a act\u00e9 un contrat de concession, en d\u00e9l\u00e9gation de service public, avec la soci\u00e9t\u00e9 Indigo Infra.<\/p>\n<p>La s\u00e9curisation de deux autres parkings<\/p>\n<p class=\" wall-content\">Ce contrat, qui va courir jusqu\u2019en 2048, pr\u00e9voit qu\u2019Indigo construise et exploite un parking silo en R +\u00a02 de 611 places. Indigo g\u00e9rera \u00e9galement les deux autres parkings actuels, soit les 122 places sur le parking P1, et les 117 places sur le parking P2.<\/p>\n<p class=\" wall-content\">Le parking P3 occup\u00e9 par les gens du voyage passera donc d\u2019une capacit\u00e9 de 286 places \u00e0 611 places. <strong>Un parking qui sera donc s\u00e9curis\u00e9<\/strong> contrairement \u00e0 l\u2019actuel parking P3 dont Toulouse M\u00e9tropole est propri\u00e9taire et dont la gestion est assur\u00e9e par la SEMECCEL.<\/p>\n<p class=\" wall-content\">Indigo aura \u00e9galement \u00e0 sa charge la s\u00e9curisation et la perm\u00e9abilisation des sols de l\u2019ensemble des parkings sur voirie de la Cit\u00e9 de l\u2019Espace (P1, P2 et parking Bus \/<br \/>Camping-Car).<\/p>\n<p>En 2028, \u00ab\u2009des sites herm\u00e9tiques aux occupations illicites\u2009\u00bb<\/p>\n<p class=\" wall-content\">\u00ab\u2009Indigo s\u2019est engag\u00e9 \u00e0 prendre en charge la s\u00e9curisation physique de l\u2019ensemble des parkings existants (P1, P2 et parking Bus\/Camping-Car). Concr\u00e8tement, cela passe par des investissements lourds port\u00e9s par le concessionnaire comprenant l\u2019installation de syst\u00e8mes de p\u00e9ages avec chenaux d\u2019entr\u00e9e\/sortie r\u00e9versibles pour contr\u00f4ler les flux, la mise en place d\u2019un jalonnement dynamique urbain et l\u2019obligation pour le concessionnaire d\u2019assurer le fonctionnement du service \u00e0 ses frais et risques. Ces am\u00e9nagements rendront les sites herm\u00e9tiques aux occupations illicites, tout en facilitant l\u2019acc\u00e8s aux usagers l\u00e9gitimes\u2009\u00bb, explique Tiss\u00e9o.<\/p>\n<p>    <img   decoding=\"async\" loading=\"lazy\" src=\"https:\/\/www.europesays.com\/fr\/wp-content\/uploads\/2025\/12\/img-6226-960x640.jpg\" alt=\"Le campement de gens du voyage sur le parking P3  mardi 2 novembre 2025.\" width=\"960\" height=\"640\"\/><br \/>\n    Le campement de gens du voyage sur le parking P3 mardi 2 novembre 2025. (\u00a9David Saint-Sernin\/Actu Toulouse)D\u00e9but des travaux en 2026<\/p>\n<p class=\" wall-content\">\u00ab\u2009Toulouse M\u00e9tropole a d\u00e9cid\u00e9 de construire un parking a\u00e9rien sur le site de l\u2019actuel parking P3. Les travaux doivent d\u00e9buter dans un an. Ce projet aura l\u2019avantage suppl\u00e9mentaire d\u2019emp\u00eacher, par nature, ces occupations illicites\u2009\u00bb, confirme la SEMECELL \u00e0 Actu Toulouse.<\/p>\n<p class=\" wall-content\">Le chantier d\u00e9butera donc \u00e0 l\u2019automne 2026 pour une mise en service qui interviendrait en juin\u00a02028 selon le calendrier pr\u00e9visionnel.<\/p>\n<p class=\" wall-content\">\u00ab\u2009C\u2019est un chantier qui est pr\u00e9vu en deux phases\u2009: une premi\u00e8re phase pour la r\u00e9alisation des travaux de sout\u00e8nement, les terrassements et les ffondations, puis la livraison d\u2019un parking provisoire de surface pour juillet et ao\u00fbt\u00a02027 afin de permettre la restitution d\u2019une capacit\u00e9 de stationnement d\u2019environ 185 places pour les v\u00e9hicules l\u00e9gers et 20 places autocars \u00e0 destination des clients de la Cit\u00e9 de l\u2019Espace pendant la p\u00e9riode d\u2019affluence estivale, puis une seconde phase de reprise des travaux avec l\u2019\u00e9l\u00e9vation et l\u2019ach\u00e8vement du parking\u2009\u00bb, d\u00e9taille Toulouse M\u00e9tropole.<\/p>\n<p>Un parking silo partiellement enterr\u00e9<\/p>\n<p class=\" wall-content\">Le parking de 611 places \u00ab\u2009sera partiellement enterr\u00e9 afin de minimiser l\u2019impact en hauteur du parking et pr\u00e9server la ligne d\u2019horizon actuelle\u2009\u00bb, pr\u00e9cise Toulouse M\u00e9tropole.<\/p>\n<p class=\" wall-content\">\u00ab\u00a0Le parking est con\u00e7u pour renforcer au maximum le confort d\u2019utilisation des usagers plut\u00f4t occasionnels du site\u2009: all\u00e9es en sens unique, rampe h\u00e9lico\u00efdale largement dimensionn\u00e9e avec descente rapide, places de 2,50\u00a0m de large avec poteaux en fond de place. Le parking sera dot\u00e9 de l\u2019ensemble des services clients aux derniers standards, avec<br \/>notamment un jalonnement dynamique urbain, le guidage \u00e0 la place, des chenaux<br \/>entr\u00e9e\/sortie r\u00e9versibles aux p\u00e9ages, 31 bornes de recharges pour v\u00e9hicules \u00e9lectriques<br \/>(BRVE), une zone moto ainsi qu\u2019un local r\u00e9serv\u00e9 aux agents TISSEO. Une sc\u00e9nographie<br \/>du parc en lien avec la Cit\u00e9 de l\u2019Espace est aussi propos\u00e9e (peinture, d\u00e9coration, exposition<br \/>temporaire, \u2026)\u00a0\u00bb, d\u00e9taille Toulouse M\u00e9tropole qui conclut\u2009:<\/p>\n<p class=\" wall-content\">\u00ab\u2009Il permettra d\u2019optimiser l\u2019accueil lors des fortes affluences, avec des standards \u00e9lev\u00e9s (guidage \u00e0 la place, bornes de recharge, zone v\u00e9lo s\u00e9curis\u00e9e)\u2009\u00bb.<\/p>\n<p>Un gros investissement<\/p>\n<p class=\" wall-content\">La construction de ce nouveau parking silo \u00e0 la place du parking P3 et la s\u00e9curisation\u00a0des parkings P1 et P2 vont co\u00fbter <strong>16,4\u00a0millions d\u2019euros HT,<\/strong> dont 15,1\u00a0millions d\u2019euros HT pour la construction du parking silo.<\/p>\n<p class=\" wall-content\">La capacit\u00e9 de stationnement \u00e0 la Cit\u00e9 de l\u2019Espace passera alors de 525 places (dont 286 sont actuellement r\u00e9guli\u00e8rement inaccessibles, NDLR) \u00e0 <strong>850 places s\u00e9curis\u00e9es.<\/strong><\/p>\n<p class=\" wall-content\">Toulouse M\u00e9tropole rappelle \u00e9galement\u2009: \u00ab\u2009L\u2019offre de stationnement actuelle avait \u00e9t\u00e9 dimensionn\u00e9e en 2003 lorsque la fr\u00e9quentation \u00e9tait de 250\u2009000\u00a0visiteurs par an. Or, la Cit\u00e9 de l\u2019Espace accueille actuellement 445\u2009000\u00a0visiteurs chaque ann\u00e9e. L\u2019offre est donc devenue insuffisante par rapport \u00e0 l\u2019attractivit\u00e9 du site\u2009\u00bb.<\/p>\n<p class=\" wall-content\">Pour Toulouse M\u00e9tropole, le projet annonc\u00e9 sur les parkings de la Cit\u00e9 de l\u2019Espace \u00ab\u2009apporte une r\u00e9ponse coh\u00e9rente \u00e0 plusieurs niveaux et vise \u00e0 r\u00e9soudre les probl\u00e8mes de l\u2019existant tout en dimensionnant l\u2019infrastructure pour l\u2019avenir.\u2009\u00bb<\/p>\n<p class=\" wall-content\">Le nouveau parking silo, partiellement enterr\u00e9, sera par ailleurs \u00e9quip\u00e9 de panneaux photovolta\u00efques.<\/p>\n<p>La ligne C du m\u00e9tro, assez proche, fin 2028<\/p>\n<p class=\" wall-content\">C\u00f4t\u00e9 transports en commun, la Cit\u00e9 de l\u2019espace est d\u00e9sormais l\u2019un des arr\u00eats du Lin\u00e9o 12, annonc\u00e9 par Tiss\u00e9o mis en service en septembre\u00a02025\u2026<\/p>\n<p class=\" wall-content\">Fin 2028, soit quelques mois apr\u00e8s la mise en service du parking silo, une station de m\u00e9tro de la ligne C sera ouverte \u00e0 1,2\u00a0km de la Cit\u00e9 de l\u2019Espace.<\/p>\n<p class=\" wall-content\">\u00ab\u2009Des navettes\u2009\u00bb seront mises en place entre le m\u00e9tro et l\u2019\u00e9tablissement, avait d\u2019ailleurs gliss\u00e9 Pierre Trautmann, l\u2019\u00e9lu toulousain en charge de la commande publique, il y a quelques mois.<\/p>\n<p class=\" wall-content\">Personnalisez votre actualit\u00e9 en ajoutant vos villes et m\u00e9dias en favori avec <a href=\"https:\/\/moncompte.actu.fr\" title=\"D\u00e9couvez Mon Actu\" rel=\"nofollow noopener\" data-trk=\"{&quot;cta&quot;:{&quot;action&quot;:&quot;https:\\\/\\\/moncompte.actu.fr&quot;,&quot;category&quot;:&quot;mon compte&quot;,&quot;from&quot;:&quot;article footer&quot;,&quot;name&quot;:&quot;Mon actu&quot;,&quot;type&quot;:&quot;cta&quot;}}\" target=\"_blank\">Mon Actu<\/a>.<\/p>\n","protected":false},"excerpt":{"rendered":"Par David Saint-Sernin Publi\u00e9 le 6 d\u00e9c. 2025 \u00e0 7h02 Vendredi 5\u00a0d\u00e9cembre 2025, une centaine de caravanes de&hellip;\n","protected":false},"author":2,"featured_media":581741,"comment_status":"","ping_status":"","sticky":false,"template":"","format":"standard","meta":{"footnotes":""},"categories":[2816],"tags":[1111,11,1777,674,1011,27,12,2680,25,104,1341,6173,2312],"class_list":{"0":"post-581740","1":"post","2":"type-post","3":"status-publish","4":"format-standard","5":"has-post-thumbnail","7":"category-toulouse","8":"tag-actu","9":"tag-actualites","10":"tag-eu","11":"tag-europe","12":"tag-fr","13":"tag-france","14":"tag-news","15":"tag-occitanie","16":"tag-republique-francaise","17":"tag-societe","18":"tag-sortir-a-toulouse","19":"tag-stationnement","20":"tag-toulouse"},"share_on_mastodon":{"url":"https:\/\/pubeurope.com\/@fr\/115671762315588722","error":""},"_links":{"self":[{"href":"https:\/\/www.europesays.com\/fr\/wp-json\/wp\/v2\/posts\/581740","targetHints":{"allow":["GET"]}}],"collection":[{"href":"https:\/\/www.europesays.com\/fr\/wp-json\/wp\/v2\/posts"}],"about":[{"href":"https:\/\/www.europesays.com\/fr\/wp-json\/wp\/v2\/types\/post"}],"author":[{"embeddable":true,"href":"https:\/\/www.europesays.com\/fr\/wp-json\/wp\/v2\/users\/2"}],"replies":[{"embeddable":true,"href":"https:\/\/www.europesays.com\/fr\/wp-json\/wp\/v2\/comments?post=581740"}],"version-history":[{"count":0,"href":"https:\/\/www.europesays.com\/fr\/wp-json\/wp\/v2\/posts\/581740\/revisions"}],"wp:featuredmedia":[{"embeddable":true,"href":"https:\/\/www.europesays.com\/fr\/wp-json\/wp\/v2\/media\/581741"}],"wp:attachment":[{"href":"https:\/\/www.europesays.com\/fr\/wp-json\/wp\/v2\/media?parent=581740"}],"wp:term":[{"taxonomy":"category","embeddable":true,"href":"https:\/\/www.europesays.com\/fr\/wp-json\/wp\/v2\/categories?post=581740"},{"taxonomy":"post_tag","embeddable":true,"href":"https:\/\/www.europesays.com\/fr\/wp-json\/wp\/v2\/tags?post=581740"}],"curies":[{"name":"wp","href":"https:\/\/api.w.org\/{rel}","templated":true}]}}