{"id":581746,"date":"2025-12-06T08:52:10","date_gmt":"2025-12-06T08:52:10","guid":{"rendered":"https:\/\/www.europesays.com\/fr\/581746\/"},"modified":"2025-12-06T08:52:10","modified_gmt":"2025-12-06T08:52:10","slug":"a-1h-de-lille-ce-marche-de-noel-classe-parmi-les-plus-beaux-deurope-fait-sensation","status":"publish","type":"post","link":"https:\/\/www.europesays.com\/fr\/581746\/","title":{"rendered":"\u00c0 1h de Lille, ce march\u00e9 de No\u00ebl class\u00e9 parmi les plus beaux d\u2019Europe fait sensation"},"content":{"rendered":"<p>\u00c0 moins d\u2019une heure de <strong>Lille<\/strong>, une ville<br \/>\nflamande se m\u00e9tamorphose chaque hiver en d\u00e9cor de carte postale.<br \/>\nCanaux bord\u00e9s de fa\u00e7ades en briques, ruelles pav\u00e9es illumin\u00e9es,<br \/>\nodeur de chocolat chaud qui s\u2019\u00e9chappe des boutiques\u2026 Tout y respire<br \/>\nl\u2019esprit de No\u00ebl, au point d\u2019attirer des visiteurs de toute<br \/>\nl\u2019Europe en qu\u00eate d\u2019une parenth\u00e8se enchant\u00e9e.<\/p>\n<p>Cette ville, c\u2019est <strong>Bruges<\/strong>, la \u00ab\u00a0Venise du Nord\u00a0\u00bb,<br \/>\ndont le centre historique est class\u00e9 au patrimoine mondial de<br \/>\nl\u2019UNESCO. Quand arrive l\u2019Avent, son \u00e9v\u00e9nement <strong>Winter<br \/>\nGlow<\/strong> transforme la cit\u00e9 en v\u00e9ritable village de No\u00ebl<br \/>\ng\u00e9ant, avec des march\u00e9s, des lumi\u00e8res et une ambiance qui lui ont<br \/>\nvalu d\u2019\u00eatre officiellement class\u00e9e parmi les plus belles<br \/>\ndestinations de No\u00ebl d\u2019Europe. Et ce n\u2019est que le d\u00e9but de<br \/>\nl\u2019histoire.<\/p>\n<p>\u00c0 1h de Lille, Bruges se transforme en d\u00e9cor de No\u00ebl<\/p>\n<p>Depuis Lille, il suffit d\u2019environ une heure en voiture pour<br \/>\nrejoindre Bruges, et \u00e0 peine plus d\u2019une heure en bus. On quitte la<br \/>\ngrisaille de l\u2019autoroute, et d\u2019un coup apparaissent les toits<br \/>\npointus, les clochers, les canaux romantiques o\u00f9 se refl\u00e8tent les<br \/>\nguirlandes. Le centre-ville, enti\u00e8rement pi\u00e9ton, se d\u00e9couvre \u00e0<br \/>\npied, le nez en l\u2019air, entre maisons flamandes, placettes et<br \/>\nvitrines remplies de sp\u00e9cialit\u00e9s belges.<\/p>\n<p>Pendant Winter Glow, qui revient du <strong>21 novembre<br \/>\n2025<\/strong> au <strong>4 janvier 2026<\/strong>, la ville se<br \/>\ncouvre de lumi\u00e8res. Les fa\u00e7ades historiques se parent<br \/>\nd\u2019illuminations, les places s\u2019animent, les stands de gaufres,<br \/>\nchocolats et vin chaud fleurissent \u00e0 chaque coin de rue.<br \/>\nL\u2019exp\u00e9rience ne se limite pas aux \u00e9tals de No\u00ebl : un parcours<br \/>\nlumineux immersif de <strong>3,5 kilom\u00e8tres<\/strong> invite aussi \u00e0<br \/>\ntraverser Bruges la nuit, en suivant des installations artistiques<br \/>\n\u00e9parpill\u00e9es dans des lieux parfois inattendus.<\/p>\n<p>Deux march\u00e9s de No\u00ebl Bruges, deux ambiances en plein<br \/>\ncentre<\/p>\n<p>Le c\u0153ur battant du <strong>march\u00e9 de No\u00ebl Bruges<\/strong>, c\u2019est<br \/>\nla Grand-Place, le Markt, domin\u00e9 par l\u2019imposant beffroi. L\u00e0, un<br \/>\ngrand march\u00e9 de No\u00ebl traditionnel prend place, avec ses chalets en<br \/>\nbois, ses d\u00e9corations scintillantes et, selon les ann\u00e9es, une<br \/>\npatinoire ou une piste de glace artificielle. On y grignote des<br \/>\nfrites bien chaudes, des gaufres croustillantes, on sirote un vin<br \/>\nchaud ou un chocolat fumant, le tout entour\u00e9 par l\u2019architecture<br \/>\nm\u00e9di\u00e9vale illumin\u00e9e.<\/p>\n<p>\u00c0 quelques minutes \u00e0 pied, l\u2019ambiance change sur la place Simon<br \/>\nStevin. Ce second march\u00e9 fait la part belle \u00e0 l\u2019artisanat local et<br \/>\naux cr\u00e9ations de qualit\u00e9 : jouets sculpt\u00e9s, dentelles belges,<br \/>\nobjets design, gourmandises r\u00e9gionales\u2026 L\u2019endroit reste plus<br \/>\nintimiste, id\u00e9al pour fl\u00e2ner loin de la foule du Markt et d\u00e9nicher<br \/>\ndes cadeaux \u00e0 glisser sous le sapin. Ensemble, ces deux<br \/>\n<strong>march\u00e9s de No\u00ebl de Bruges<\/strong> composent une exp\u00e9rience<br \/>\ncompl\u00e8te, entre effervescence et douceur.<\/p>\n<p>Un march\u00e9 de No\u00ebl de Bruges class\u00e9<br \/>\nparmi les plus beaux d\u2019Europe<\/p>\n<p>Un r\u00e9cent classement europ\u00e9en a plac\u00e9 le <strong>march\u00e9 de No\u00ebl<br \/>\nBruges 2025<\/strong> dans le top 20 des plus beaux march\u00e9s de No\u00ebl<br \/>\ndu continent, confirmant sa r\u00e9putation de destination hivernale de<br \/>\nconte de f\u00e9es. Avec ses deux march\u00e9s compl\u00e9mentaires, son parcours<br \/>\nlumineux et son d\u00e9cor historique pr\u00e9serv\u00e9, la ville coche toutes<br \/>\nles cases : romantique pour un week-end \u00e0 deux, ludique pour une<br \/>\njourn\u00e9e en famille, parfaite aussi pour une vir\u00e9e entre amis depuis<br \/>\nLille.<\/p>\n<p>C\u00f4t\u00e9 pratique, l\u2019\u00e9v\u00e9nement Winter Glow 2025 se tient du 21<br \/>\nnovembre 2025 au 4 janvier 2026, principalement sur la Grand-Place<br \/>\n(Markt) et la place Simon Stevin, en plein centre de Bruges. Depuis<br \/>\nLille, on rejoint la ville en environ une heure en voiture par<br \/>\nl\u2019autoroute, ou en environ une heure dix en bus, ce qui en fait une<br \/>\nid\u00e9e d\u2019escapade de No\u00ebl tr\u00e8s accessible \u00e0 la journ\u00e9e. Le bon plan :<br \/>\narriver en milieu d\u2019apr\u00e8s-midi pour profiter des stands de jour,<br \/>\nrester jusqu\u2019\u00e0 la nuit tomb\u00e9e pour voir les illuminations<br \/>\ns\u2019allumer, et repartir avec l\u2019impression d\u2019avoir voyag\u00e9 bien plus<br \/>\nloin que la fronti\u00e8re belge.<\/p>\n","protected":false},"excerpt":{"rendered":"\u00c0 moins d\u2019une heure de Lille, une ville flamande se m\u00e9tamorphose chaque hiver en d\u00e9cor de carte postale.&hellip;\n","protected":false},"author":2,"featured_media":581747,"comment_status":"","ping_status":"","sticky":false,"template":"","format":"standard","meta":{"footnotes":""},"categories":[2815],"tags":[1111,11,1777,674,1011,27,811,1307,63815,12,15830,25,65861],"class_list":{"0":"post-581746","1":"post","2":"type-post","3":"status-publish","4":"format-standard","5":"has-post-thumbnail","7":"category-lille","8":"tag-actu","9":"tag-actualites","10":"tag-eu","11":"tag-europe","12":"tag-fr","13":"tag-france","14":"tag-hauts-de-france","15":"tag-lille","16":"tag-marches-de-noel","17":"tag-news","18":"tag-noel","19":"tag-republique-francaise","20":"tag-trend"},"share_on_mastodon":{"url":"https:\/\/pubeurope.com\/@fr\/115671776856269260","error":""},"_links":{"self":[{"href":"https:\/\/www.europesays.com\/fr\/wp-json\/wp\/v2\/posts\/581746","targetHints":{"allow":["GET"]}}],"collection":[{"href":"https:\/\/www.europesays.com\/fr\/wp-json\/wp\/v2\/posts"}],"about":[{"href":"https:\/\/www.europesays.com\/fr\/wp-json\/wp\/v2\/types\/post"}],"author":[{"embeddable":true,"href":"https:\/\/www.europesays.com\/fr\/wp-json\/wp\/v2\/users\/2"}],"replies":[{"embeddable":true,"href":"https:\/\/www.europesays.com\/fr\/wp-json\/wp\/v2\/comments?post=581746"}],"version-history":[{"count":0,"href":"https:\/\/www.europesays.com\/fr\/wp-json\/wp\/v2\/posts\/581746\/revisions"}],"wp:featuredmedia":[{"embeddable":true,"href":"https:\/\/www.europesays.com\/fr\/wp-json\/wp\/v2\/media\/581747"}],"wp:attachment":[{"href":"https:\/\/www.europesays.com\/fr\/wp-json\/wp\/v2\/media?parent=581746"}],"wp:term":[{"taxonomy":"category","embeddable":true,"href":"https:\/\/www.europesays.com\/fr\/wp-json\/wp\/v2\/categories?post=581746"},{"taxonomy":"post_tag","embeddable":true,"href":"https:\/\/www.europesays.com\/fr\/wp-json\/wp\/v2\/tags?post=581746"}],"curies":[{"name":"wp","href":"https:\/\/api.w.org\/{rel}","templated":true}]}}