{"id":581752,"date":"2025-12-06T08:55:11","date_gmt":"2025-12-06T08:55:11","guid":{"rendered":"https:\/\/www.europesays.com\/fr\/581752\/"},"modified":"2025-12-06T08:55:11","modified_gmt":"2025-12-06T08:55:11","slug":"la-femme-dun-youtubeur-bien-connu-victime-dun-vol-a-confluence-il-diffuse-la-video-pour-retrouver-le-pickpocket","status":"publish","type":"post","link":"https:\/\/www.europesays.com\/fr\/581752\/","title":{"rendered":"la femme d\u2019un youtubeur bien connu victime d\u2019un vol \u00e0 Confluence, il diffuse la vid\u00e9o pour retrouver le pickpocket"},"content":{"rendered":"<p>Le coach-youtubeur lyonnais\u00a0Sa\u00efd Dorbani, connu sous le nom de\u00a0Sa\u00efd Pieds Carr\u00e9s, a publi\u00e9 ce vendredi un message d\u2019alerte accompagn\u00e9 d\u2019une vid\u00e9o extraite des cam\u00e9ras de surveillance d\u2019un magasin de Confluence. Les images montrent un pickpocket en train de d\u00e9rober le t\u00e9l\u00e9phone de sa femme.<\/p>\n<p>Sa\u00efd Dorbani, pass\u00e9 notamment par l\u2019encadrement des U17 de\u00a0Sainte-Foy-l\u00e8s-Lyon, s\u00e9rie qu\u2019il avait document\u00e9e en vid\u00e9o, et aujourd\u2019hui engag\u00e9 dans un nouveau projet du c\u00f4t\u00e9 de\u00a0Feyzin n&rsquo;a en effet pas voulu en\u00a0rester l\u00e0.<\/p>\n<p>Dans une publication diffus\u00e9e sur ses r\u00e9seaux sociaux ce vendredi 5 d\u00e9cembre, il \u00e9crit : \u00ab\u00a0URGENT : Ma femme s&rsquo;est fait voler son t\u00e9l\u00e9phone (avec notre fils dans ses bras) ce vendredi 15h au Jou\u00e9 Club de Confluence (Lyon). Merci de RT et de me signaler si vous reconnaissez la personne.\u00a0\u00bb<\/p>\n<p>Les images qu\u2019il partage montrent un homme au comportement suspect, scrutant les all\u00e9es du magasin avant de cibler sa victime. On le voit s\u2019approcher en feignant de choisir un jeu pour enfant, puis suivre la victime de pr\u00e8s avant de lui subtiliser le t\u00e9l\u00e9phone qui semble \u00eatre rang\u00e9 dans sa poche.<\/p>\n<p>Dans ce type de situation, la diffusion d\u2019images peut parfois s\u2019av\u00e9rer risqu\u00e9e juridiquement. Les victimes s\u2019exposent \u00e0 des d\u00e9marches qui peuvent se retourner contre elles. Mais certains y voient aussi un moyen efficace pour acc\u00e9l\u00e9rer la recherche d\u2019un suspect, notamment lorsque les images sont suffisamment nettes pour permettre une identification&#8230;<\/p>\n","protected":false},"excerpt":{"rendered":"Le coach-youtubeur lyonnais\u00a0Sa\u00efd Dorbani, connu sous le nom de\u00a0Sa\u00efd Pieds Carr\u00e9s, a publi\u00e9 ce vendredi un message d\u2019alerte&hellip;\n","protected":false},"author":2,"featured_media":581753,"comment_status":"","ping_status":"","sticky":false,"template":"","format":"standard","meta":{"footnotes":""},"categories":[1889],"tags":[1111,11,2813,2190,2430,1109,251,1112,2811,1777,674,118,1011,27,1922,1110,1114,2428,2810,12,241,316,25,2812,517,800],"class_list":{"0":"post-581752","1":"post","2":"type-post","3":"status-publish","4":"format-standard","5":"has-post-thumbnail","7":"category-lyon","8":"tag-actu","9":"tag-actualites","10":"tag-article","11":"tag-asvel","12":"tag-auvergne-rhone-alpes","13":"tag-breves","14":"tag-culture","15":"tag-depeches","16":"tag-economique","17":"tag-eu","18":"tag-europe","19":"tag-faits-divers","20":"tag-fr","21":"tag-france","22":"tag-info","23":"tag-informations","24":"tag-infos","25":"tag-lyon","26":"tag-lyonmag","27":"tag-news","28":"tag-ol","29":"tag-politique","30":"tag-republique-francaise","31":"tag-sociale","32":"tag-sport","33":"tag-transports"},"share_on_mastodon":{"url":"https:\/\/pubeurope.com\/@fr\/115671788752143207","error":""},"_links":{"self":[{"href":"https:\/\/www.europesays.com\/fr\/wp-json\/wp\/v2\/posts\/581752","targetHints":{"allow":["GET"]}}],"collection":[{"href":"https:\/\/www.europesays.com\/fr\/wp-json\/wp\/v2\/posts"}],"about":[{"href":"https:\/\/www.europesays.com\/fr\/wp-json\/wp\/v2\/types\/post"}],"author":[{"embeddable":true,"href":"https:\/\/www.europesays.com\/fr\/wp-json\/wp\/v2\/users\/2"}],"replies":[{"embeddable":true,"href":"https:\/\/www.europesays.com\/fr\/wp-json\/wp\/v2\/comments?post=581752"}],"version-history":[{"count":0,"href":"https:\/\/www.europesays.com\/fr\/wp-json\/wp\/v2\/posts\/581752\/revisions"}],"wp:featuredmedia":[{"embeddable":true,"href":"https:\/\/www.europesays.com\/fr\/wp-json\/wp\/v2\/media\/581753"}],"wp:attachment":[{"href":"https:\/\/www.europesays.com\/fr\/wp-json\/wp\/v2\/media?parent=581752"}],"wp:term":[{"taxonomy":"category","embeddable":true,"href":"https:\/\/www.europesays.com\/fr\/wp-json\/wp\/v2\/categories?post=581752"},{"taxonomy":"post_tag","embeddable":true,"href":"https:\/\/www.europesays.com\/fr\/wp-json\/wp\/v2\/tags?post=581752"}],"curies":[{"name":"wp","href":"https:\/\/api.w.org\/{rel}","templated":true}]}}