{"id":581755,"date":"2025-12-06T08:58:25","date_gmt":"2025-12-06T08:58:25","guid":{"rendered":"https:\/\/www.europesays.com\/fr\/581755\/"},"modified":"2025-12-06T08:58:25","modified_gmt":"2025-12-06T08:58:25","slug":"lile-de-france-inaugure-le-plus-grand-service-de-location-de-velos-du-monde","status":"publish","type":"post","link":"https:\/\/www.europesays.com\/fr\/581755\/","title":{"rendered":"L\u2019\u00cele-de-France inaugure le plus grand service de location de v\u00e9los du monde"},"content":{"rendered":"<p>Pour Val\u00e9rie P\u00e9cresse, la pr\u00e9sidente de la R\u00e9gion d\u2019\u00cele-de-France, le v\u00e9lo c\u2019est comme une relation amoureuse. Il faut franchir le pas, et si \u00e7a colle alors on ne peut plus s\u2019en passer. La preuve ? Le service de location de v\u00e9los \u00e0 assistance de la R\u00e9gion, con\u00e7u pour contaminer les Franciliens, a un taux de succ\u00e8s de 90%. On entend par l\u00e0 que 90% des locataires, \u00e0 l\u2019issue de leurs 6 mois de contrat, poursuivent l\u2019exp\u00e9rience et acqui\u00e8rent un v\u00e9lo, souvent m\u00eame un vrai v\u00e9lo, selon les r\u00e9ponses au questionnaire de fin de contrat.\u00a0<\/p>\n<p>L\u2019\u00e9volution est stup\u00e9fiante ! On se souvient de Val\u00e9rie P\u00e9cresse, en septembre 2016, parlant de sa bicyclette et ne voyant pas du tout le potentiel de bonheur du v\u00e9lo. Elle se voyait \u00e0 Deauville entre chez elle et la boulangerie, et son vice-pr\u00e9sident ne voyait le v\u00e9lo que comme un VTT pour s\u2019\u00e9clater dans la boue. <\/p>\n<p class=\"has-isa-bleu-color has-isa-rose-vieux-background-color has-text-color has-background has-link-color wp-elements-bdc4a55b5a244de6ef7cad6bf8261a7f\">\u25b6\ufe0f <strong><a href=\"https:\/\/www.isabelleetlevelo.fr\/2016\/09\/30\/la-region-ile-de-france-aura-t-elle-un-plan-velo\/\" target=\"_blank\" rel=\"noreferrer noopener\">La R\u00e9gion Ile-de-France aura-t-elle un Plan v\u00e9lo ?<\/a><\/strong>\u00a0Rien n\u2019est moins s\u00fbr.\u00a0Vision d\u2019un gouffre culturel. 2016<\/p>\n<p>\u2013<\/p>\n<p><img fetchpriority=\"high\" decoding=\"async\" width=\"1024\" height=\"677\" src=\"data:image\/svg+xml,%3Csvg%20xmlns=\" http:=\"\" alt=\"\" class=\"wp-image-84834\" data-lazy- data-lazy- data-lazy-src=\"https:\/\/www.europesays.com\/fr\/wp-content\/uploads\/2025\/12\/LaPoste-Transdev-V.-Pecresse-ok-1024x677.jpg\"\/><strong>La Poste, Transdev et Val\u00e9rie P\u00e9cresse<\/strong><\/p>\n<p>9 ans apr\u00e8s, le 2 d\u00e9cembre 2025, nous assistons \u00e0 tout autre chose. Val\u00e9rie P\u00e9cresse est tomb\u00e9e amoureuse du v\u00e9lo !\u00a0<\/p>\n<p>C\u2019est seulement apr\u00e8s l\u2019avoir dit sous plusieurs formes qu\u2019elle se d\u00e9cida \u00e0 parler du sujet du jour. La nouvelle collection de v\u00e9los \u00e0 louer est si incroyable qu\u2019il a fallu en faire un d\u00e9fil\u00e9. Et l\u00e0, tenez-vous bien. Il y a 19 mod\u00e8les de v\u00e9los \u2026\u00a0<\/p>\n<p>Le VAE est renouvel\u00e9, les vitesses passent automatiquement, il a des clignotants pour annoncer les changements de direction, un d\u00e9marrage par pr\u00e9sentation du pass navigo (transports en commun), m\u00eame sur le t\u00e9l\u00e9phone, et un verouillage \u00e9lectronique.\u00a0<\/p>\n<p>Il y aura en plus :<\/p>\n<ul class=\"wp-block-list\">\n<li>un v\u00e9lo pliant, qui n\u2019est autre qu\u2019un Brompton aux couleurs locales, lou\u00e9 22 \u20ac par mois. Il fera go\u00fbter \u00e0 la qualit\u00e9, vous \u00e9vitant peut-\u00eatre un achat ult\u00e9rieur d\u00e9cevant;<\/li>\n<li>un v\u00e9lo bien r\u00e9gl\u00e9 avec bo\u00eete de vitesses dans le moyeux arri\u00e8re, 7 vitesses, qui sera lou\u00e9 10 \u20ac par mois;<\/li>\n<li>des v\u00e9los cargos familiaux \u00e0 88 \u20ac par mois;<\/li>\n<li>deux mod\u00e8les de cargos professionnels, pens\u00e9s pour les artisans, les ind\u00e9pendants ou les collectivit\u00e9s territoriales. On reconna\u00eet parmi eux le Douze en version courte;<\/li>\n<li>toute une gamme de v\u00e9los adapt\u00e9s aux personnes \u00ab\u00a0\u00e0 besoins sp\u00e9cifiques\u00a0\u00bb : tricycles, tandems parall\u00e8les, tandems enfant devant, v\u00e9los \u00e0 assise basse (le fameux <a href=\"https:\/\/www.isabelleetlevelo.fr\/2023\/12\/06\/abel-vient-dacquerir-un-velo-de-ville-parfait-pour-son-age\/\" target=\"_blank\" rel=\"noreferrer noopener\">v\u00e9lo d\u2019Abel<\/a>)\u2026 o\u00f9 l\u2019on reconna\u00eet les v\u00e9los VanRaam ou Hase, maisons \u00e0 la r\u00e9putation solidement \u00e9tablie. C\u2019est la gamme de v\u00e9los adapt\u00e9s et adaptables la plus grande d\u2019Europe en location longue dur\u00e9e !\u00a0<\/li>\n<\/ul>\n<p><img loading=\"lazy\" decoding=\"async\" width=\"834\" height=\"548\" data-id=\"84785\" src=\"data:image\/svg+xml,%3Csvg%20xmlns=\" http:=\"\" alt=\"\" class=\"wp-image-84785\" data-lazy- data-lazy- data-lazy-src=\"https:\/\/www.europesays.com\/fr\/wp-content\/uploads\/2025\/12\/porteur-fauteuil.jpg\"\/><\/p>\n<p><img loading=\"lazy\" decoding=\"async\" width=\"710\" height=\"586\" data-id=\"84787\" src=\"data:image\/svg+xml,%3Csvg%20xmlns=\" http:=\"\" alt=\"\" class=\"wp-image-84787\" data-lazy- data-lazy- data-lazy-src=\"https:\/\/www.europesays.com\/fr\/wp-content\/uploads\/2025\/12\/tandem-enfant-adulte.jpg\"\/><\/p>\n<p><img loading=\"lazy\" decoding=\"async\" width=\"712\" height=\"624\" data-id=\"84788\" src=\"data:image\/svg+xml,%3Csvg%20xmlns=\" http:=\"\" alt=\"\" class=\"wp-image-84788\" data-lazy- data-lazy- data-lazy-src=\"https:\/\/www.europesays.com\/fr\/wp-content\/uploads\/2025\/12\/velo-dAbel.jpg\"\/><br \/>\n<strong>Un choix parmi les v\u00e9los adapt\u00e9s<\/strong><\/p>\n<p>\u2013<\/p>\n<p>La plupart des pi\u00e8ces viennent de France ou d\u2019Europe, la R\u00e9gion ayant \u00e9t\u00e9 tr\u00e8s vigilante sur ce point. Ils sont maintenant presque tous propos\u00e9s avec ou sans assistance \u00e9lectrique, ce qui est une excellente chose. Curieusement (r\u00e9flexes archa\u00efques des services ?) seuls les \u00ab\u00a0\u00e9lectriques\u00a0\u00bb figurent \u00e0 ce jour<a href=\"https:\/\/www.veligo-location.fr\" target=\"_blank\" rel=\"noreferrer noopener\"> sur le site<\/a>. Tous les mod\u00e8les de v\u00e9los adapt\u00e9s ont \u00e9t\u00e9 test\u00e9s pendant plusieurs mois.<\/p>\n<p class=\"has-isa-bleu-color has-isa-rose-vieux-background-color has-text-color has-background has-link-color wp-elements-4ab1ec8d976bca98bea8c6e16e064589\"><strong><a href=\"https:\/\/www.isabelleetlevelo.fr\/2025\/04\/16\/des-velos-speciaux-a-tester-a-ile-de-france-mobilite\/\" target=\"_blank\" rel=\"noreferrer noopener\">\u25b6\ufe0f Des v\u00e9los sp\u00e9ciaux en test \u00e0 Ile-de-France Mobilit\u00e9. <\/a><\/strong> Avril 25<\/p>\n<p><strong>Les abonnements<\/strong> sont d\u00e9sormais <strong>de 3 \u00e0 12 mois<\/strong>, selon le mod\u00e8le, \u00e9ligibles au remboursement employeur de 50% minimum lorsqu\u2019il est utilis\u00e9 pour les trajets domicile \u2013 travail, et au Forfait Mobilit\u00e9 Durable qui peut aller jusqu\u2019\u00e0 600\u20ac par an. Il y a aussi une possibilit\u00e9 d\u2019abonnement \u00e0 moiti\u00e9 prix, pour les \u00e9tudiants, +62 ans non actifs, b\u00e9n\u00e9ficiaires d\u2019aides sociales, demandeurs d\u2019emploi, etc. Et enfin, tous les anciens abonn\u00e9s pourront souscrire \u00e0 nouveau \u00e0 l\u2019offre, sur le mod\u00e8le de leur choix. Ainsi pas de regrets ! <\/p>\n<p>Jusqu\u2019alors les locations se portaient \u00e0 75 % sur les VAE et \u00e0 15 % sur les cargos familiaux.\u00a0130 000 personnes en ont profit\u00e9 depuis le d\u00e9but, en 2019 ! C\u2019\u00e9tait, en Europe, d\u00e9j\u00e0 le plus grand service public de location de longue dur\u00e9e de v\u00e9los \u00e9lectriques.<\/p>\n<p><img loading=\"lazy\" decoding=\"async\" width=\"1024\" height=\"740\" data-id=\"84792\" src=\"data:image\/svg+xml,%3Csvg%20xmlns=\" http:=\"\" alt=\"\" class=\"wp-image-84792\" data-lazy- data-lazy- data-lazy-src=\"https:\/\/www.europesays.com\/fr\/wp-content\/uploads\/2025\/12\/brompton-1024x740.jpg\"\/><\/p>\n<p><img loading=\"lazy\" decoding=\"async\" width=\"822\" height=\"510\" data-id=\"84791\" src=\"data:image\/svg+xml,%3Csvg%20xmlns=\" http:=\"\" alt=\"\" class=\"wp-image-84791\" data-lazy- data-lazy- data-lazy-src=\"https:\/\/www.europesays.com\/fr\/wp-content\/uploads\/2025\/12\/Douze-court.jpg\"\/><\/p>\n<p><img loading=\"lazy\" decoding=\"async\" width=\"876\" height=\"412\" data-id=\"84864\" src=\"data:image\/svg+xml,%3Csvg%20xmlns=\" http:=\"\" alt=\"\" class=\"wp-image-84864\" data-lazy- data-lazy- data-lazy-src=\"https:\/\/www.europesays.com\/fr\/wp-content\/uploads\/2025\/12\/Capture-decran-2025-12-05-a-18.37.09.png\"\/><br \/>\n<strong>V\u00e9lo pliant \u2013 v\u00e9lo-porteur et remorque professionnels, <\/strong>parmi d\u2019autres<\/p>\n<p>Qui dit location dit services, entretien et r\u00e9paration compris dans le prix, ceux-ci \u00e9tant assur\u00e9s pour une part en emplois d\u2019insertion. Pour les v\u00e9los adapt\u00e9s comme pour les cargos professionnels (location de 6 mois maximum) il y a aussi l\u2019aide au choix du meilleur v\u00e9lo pour chaque cas et son adaptation \u00e9ventuelle.\u00a0La gestion sp\u00e9cifique des v\u00e9los adapt\u00e9s est assur\u00e9e par l\u2019entreprise <strong><a href=\"https:\/\/www.linkedin.com\/company\/fleetafr\/\" target=\"_blank\" rel=\"noreferrer noopener\">Fleeta<\/a><\/strong>.<\/p>\n<p>Ce sera <strong>la plus grande flotte du monde de v\u00e9los en location de longue dur\u00e9e<\/strong>, passant des 20 000 v\u00e9los d\u2019aujourd\u2019hui \u00e0 30 000 en 2028, et jusqu\u2019\u00e0 40 000. L\u2019ensemble sera exploit\u00e9 pour 7 ans par <strong><a href=\"https:\/\/www.lapostegroupe.com\/fr\/actualite\/cyclonova-assurera-lexploitation-du-service-veligo-location-a-partir-du-1er-janvier-2026\" target=\"_blank\" rel=\"noreferrer noopener\">Cyclonova<\/a><\/strong>, une structure cr\u00e9\u00e9e par La Poste et Transdev, exploitant de transports en commun de niveau mondial dont le plus gros client est l\u2019\u00efle-de-France !\u00a0<\/p>\n<p>Pour ceux qui apr\u00e8s l\u2019avoir essay\u00e9 veulent l\u2019adopter la R\u00e9gion propose des <strong>aides financi\u00e8res \u00e0 l\u2019achat<\/strong>, \u00e0 des taux variables selon les mod\u00e8les, en compl\u00e9ment des autres aides et avec un plafond de 50% du reste \u00e0 payer.<\/p>\n<p>Enfin vont \u00eatre cr\u00e9\u00e9es des <strong>Maisons du v\u00e9lo<\/strong> pr\u00e8s des gares, en nombre \u00e9videmment faible pour commencer : 11 fixes et 7 mobiles. Elles apporteront tous les conseils souhait\u00e9s, feront de l\u2019entretien, aideront \u00e0 r\u00e9soudre toutes sortes de questions li\u00e9es au v\u00e9lo, et proc\u00e9deront, dans les maisons fixes, \u00e0 de la <strong>location de courte dur\u00e9e<\/strong> de v\u00e9los et de VAE, pour une dur\u00e9e d\u2019une demi-journ\u00e9e (7 \u20ac pour un v\u00e9lo) \u00e0 7 jours. Cela concerne les individuels comme les familles (5 locations maximum) mais pas les groupes. Ces maisons fixes accueilleront aussi des <strong>ateliers d\u2019auto-r\u00e9paration<\/strong> et des <strong>formations \u00e0 la pratique du v\u00e9lo<\/strong>. Elles sont con\u00e7ues comme <strong>la porte d\u2019entr\u00e9e dans la mobilit\u00e9 active<\/strong>.<\/p>\n<p>Les premi\u00e8res ouvriront d\u00e8s <strong>janvier 2026<\/strong> \u00e0 <strong>Ermont-Eaubonne<\/strong> (95), <strong>Juvisy<\/strong> (91) et <strong>Croix de Berny<\/strong> (92), suivies d\u2019<strong>Aulnay-sous-Bois<\/strong> (93), <strong>Maisons-Alfort<\/strong> (94), <strong>\u00c9vry-Courcouronnes<\/strong> (91), <strong>Houilles-Carri\u00e8res<\/strong> (78) au printemps, <strong>Cergy-Pr\u00e9fecture <\/strong>(95) \u00e0 l\u2019automne et <strong>Palaiseau Polytechnique<\/strong> (91) en fin d\u2019ann\u00e9e.<\/p>\n<p><strong>50% des trajets en Ile-de-France peuvent \u00eatre faits \u00e0 v\u00e9lo<\/strong>, ou \u00e0 VAE si on est oblig\u00e9 de franchir des c\u00f4tes importantes puisque le bassin parisien est fait de rivi\u00e8res, de coteaux et de plateaux, en cercle et en radial.\u00a0 <strong>La location ouvrira le 5 janvier 2026.<\/strong><\/p>\n<p class=\"has-text-align-center has-isa-bleu-color has-text-color has-link-color has-large-font-size wp-elements-3ac3cca3c24bdcbe99da7d7f9a8e8d7f\"><strong><a href=\"https:\/\/www.veligo-location.fr\" target=\"_blank\" rel=\"noreferrer noopener\">V\u00e9li<\/a><a href=\"https:\/\/www.veligo-location.fr\" target=\"_blank\" rel=\"noreferrer noopener\">go<\/a><a href=\"https:\/\/www.veligo-location.fr\" target=\"_blank\" rel=\"noreferrer noopener\"> location<\/a><\/strong><\/p>\n<p><img loading=\"lazy\" decoding=\"async\" width=\"768\" height=\"1024\" data-id=\"84832\" src=\"data:image\/svg+xml,%3Csvg%20xmlns=\" http:=\"\" alt=\"\" class=\"wp-image-84832\" data-lazy-src=\"https:\/\/www.europesays.com\/fr\/wp-content\/uploads\/2025\/12\/tricycle-768x1024.jpeg\"\/><\/p>\n<p><img loading=\"lazy\" decoding=\"async\" width=\"804\" height=\"1024\" data-id=\"84831\" src=\"data:image\/svg+xml,%3Csvg%20xmlns=\" http:=\"\" alt=\"\" class=\"wp-image-84831\" data-lazy-src=\"https:\/\/www.europesays.com\/fr\/wp-content\/uploads\/2025\/12\/tandem-devant-804x1024.jpg\"\/><br \/>\n<strong>Deux ou trois roues, seul ou accompagn\u00e9, \u00e0 moteur ou sans \u2026<\/strong><\/p>\n<p>Pour que tout aille bien jusqu\u2019\u00e0 l\u2019adoption ne restera plus qu\u2019\u00e0 r\u00e9gler la question des garages \u00e0 v\u00e9lo au domicile ou pr\u00e8s des lieux de travail.\u00a0<\/p>\n<p><strong>La cause et le pourquoi<\/strong><\/p>\n<p>Ile-de-France mobilit\u00e9s con\u00e7oit son service de location comme <strong>un outil de transformation des usages<\/strong>, un levier de transformation du syst\u00e8me de mobilit\u00e9 francilien. Et \u00e7a marche l en v\u00e9lo \u00e9lectrique pour certains, en v\u00e9lo tout normal pour la plupart, selon les d\u00e9clarations.<\/p>\n<p class=\"has-medium-font-size\"><strong>Pourquoi le v\u00e9lo \u00e7a a march\u00e9 finalement aussi bien en \u00cele-de-France, apr\u00e8s 50 ans d\u2019autoroutification forcen\u00e9e ?\u00a0<\/strong><\/p>\n<p><strong>Parce que la plupart des d\u00e9placements se font sur d\u2019assez courtes distances<\/strong>. Dans la r\u00e9gion <strong>50% des trajets font moins de 7 km.<\/strong> De plus souligne la pr\u00e9sidente, la r\u00e9gion est stressante, et pleine de jeunes (\u00e9tudiants, jeunes professionnels) et \u00e2g\u00e9e (puisqu\u2019on vieillit de plus en plus longtemps).\u00a0<\/p>\n<p><strong>Parce que la R\u00e9gion multiplie les garages \u00e0 v\u00e9lo pr\u00e8s des gares<\/strong>, notamment celles du Grand-Paris express, qui commence \u00e0 \u00eatre mis en service sur certaines lignes.<\/p>\n<p><strong>Parce que la R\u00e9gion soutient \u00e0 fond le projet de pistes cyclables<\/strong> que lui avait pr\u00e9sent\u00e9 le <a href=\"https:\/\/velo-iledefrance.fr\" target=\"_blank\" rel=\"noopener\"><strong>Collectif V\u00e9lo en \u00cele-de-France<\/strong> <\/a>et qui a en charge son pilotage. En 2030, assure Mme P\u00e9cresse, on aura 750 km d\u2019axes cyclables \u00ab\u00a0hors-voirie\u00a0\u00bb contre d\u00e9j\u00e0 300.\u00a0<\/p>\n<p><strong>Parce que ce service de location<\/strong> de dingue a fait passer le cap \u00e0 votre voisine et a fait des envieux, et parce que leur qualit\u00e9 et le service ont \u00e9t\u00e9 d\u00e8s le premier jour au super-top.<\/p>\n<p><strong>Parce que il y a des aides \u00e0 l\u2019achat<\/strong>. Parce que ? dans une certaine mesure. A ce propos on note une <strong>offre \u00ab\u00a0sp\u00e9ciale jeunes\u00a0\u00bb<\/strong>, 15-25 ans, pour les v\u00e9los tout court \u2026 qui a pas mal de succ\u00e8s chez les plus \u00e2g\u00e9s d\u2019entre eux \u2026 Ces derniers, visiblement, d\u00e9j\u00e0 jeunes professionnels, en profitent pour s\u2019acheter un v\u00e9lo cher et sportif \u2026 Une aide qui m\u00e9ritera d\u2019\u00eatre revue, me dit-on, car la cible c\u2019\u00e9tait plut\u00f4t les 16-20 ans, les actuels allergiques au v\u00e9lo. Par la location peut-\u00eatre d\u2019abord ?\u00a0Ou finalement pas revue, car apr\u00e8s tout David Sayag (<a href=\"https:\/\/www.isabelleetlevelo.fr\/2025\/10\/15\/sociologie-du-velo\/\" target=\"_blank\" rel=\"noreferrer noopener\">Sociologie du v\u00e9lo<\/a>) a montr\u00e9 que les fronti\u00e8res entre les pratiques ne sont pas \u00e9tanches.<\/p>\n<p>Parce que <strong>l\u2019essayer c\u2019est l\u2019adopter<\/strong> comme a constat\u00e9 la Pr\u00e9sidente, ce qui justifie amplement cette politique de location ! <\/p>\n<p><img loading=\"lazy\" decoding=\"async\" width=\"1024\" height=\"683\" data-id=\"84816\" src=\"data:image\/svg+xml,%3Csvg%20xmlns=\" http:=\"\" alt=\"\" class=\"wp-image-84816\" data-lazy- data-lazy- data-lazy-src=\"https:\/\/www.europesays.com\/fr\/wp-content\/uploads\/2025\/12\/EHU09036-1024x683.jpg\"\/><\/p>\n<p class=\"has-text-align-center has-isa-bleu-color has-text-color has-link-color has-small-font-size wp-elements-e6d3bd2c93b0fd98206deda14a5bf2cf\"><strong>Un v\u00e9lo adapt\u00e9 et la vie reprend ! <\/strong>Le casque et le moteur ne sont nullement obligatoires, ils peuvent m\u00eame \u00eatre d\u00e9conseill\u00e9s.<\/p>\n<p>                    <a href=\"#\" rel=\"nofollow\" onclick=\"window.print(); return false;\" title=\"Printer Friendly, PDF &amp; Email\"><br \/>\n                    <img decoding=\"async\" class=\"pf-button-img\" src=\"data:image\/svg+xml,%3Csvg%20xmlns=\" http:=\"\" alt=\"Print Friendly, PDF &amp; Email\" style=\"width: 124px;height: 30px;\" data-lazy-src=\"https:\/\/www.europesays.com\/fr\/wp-content\/uploads\/2025\/04\/printfriendly-pdf-button-nobg-md.png\"\/><br \/>\n                    <\/a><\/p>\n","protected":false},"excerpt":{"rendered":"Pour Val\u00e9rie P\u00e9cresse, la pr\u00e9sidente de la R\u00e9gion d\u2019\u00cele-de-France, le v\u00e9lo c\u2019est comme une relation amoureuse. Il faut&hellip;\n","protected":false},"author":2,"featured_media":581756,"comment_status":"","ping_status":"","sticky":false,"template":"","format":"standard","meta":{"footnotes":""},"categories":[1592],"tags":[1111,11,1777,674,1011,27,662,47851,12,626,4630,25],"class_list":{"0":"post-581755","1":"post","2":"type-post","3":"status-publish","4":"format-standard","5":"has-post-thumbnail","7":"category-ile-de-france","8":"tag-actu","9":"tag-actualites","10":"tag-eu","11":"tag-europe","12":"tag-fr","13":"tag-france","14":"tag-ile-de-france","15":"tag-location-de-velos","16":"tag-news","17":"tag-paris","18":"tag-politique-cyclable","19":"tag-republique-francaise"},"share_on_mastodon":{"url":"https:\/\/pubeurope.com\/@fr\/115671800521179859","error":""},"_links":{"self":[{"href":"https:\/\/www.europesays.com\/fr\/wp-json\/wp\/v2\/posts\/581755","targetHints":{"allow":["GET"]}}],"collection":[{"href":"https:\/\/www.europesays.com\/fr\/wp-json\/wp\/v2\/posts"}],"about":[{"href":"https:\/\/www.europesays.com\/fr\/wp-json\/wp\/v2\/types\/post"}],"author":[{"embeddable":true,"href":"https:\/\/www.europesays.com\/fr\/wp-json\/wp\/v2\/users\/2"}],"replies":[{"embeddable":true,"href":"https:\/\/www.europesays.com\/fr\/wp-json\/wp\/v2\/comments?post=581755"}],"version-history":[{"count":0,"href":"https:\/\/www.europesays.com\/fr\/wp-json\/wp\/v2\/posts\/581755\/revisions"}],"wp:featuredmedia":[{"embeddable":true,"href":"https:\/\/www.europesays.com\/fr\/wp-json\/wp\/v2\/media\/581756"}],"wp:attachment":[{"href":"https:\/\/www.europesays.com\/fr\/wp-json\/wp\/v2\/media?parent=581755"}],"wp:term":[{"taxonomy":"category","embeddable":true,"href":"https:\/\/www.europesays.com\/fr\/wp-json\/wp\/v2\/categories?post=581755"},{"taxonomy":"post_tag","embeddable":true,"href":"https:\/\/www.europesays.com\/fr\/wp-json\/wp\/v2\/tags?post=581755"}],"curies":[{"name":"wp","href":"https:\/\/api.w.org\/{rel}","templated":true}]}}