{"id":581765,"date":"2025-12-06T09:04:13","date_gmt":"2025-12-06T09:04:13","guid":{"rendered":"https:\/\/www.europesays.com\/fr\/581765\/"},"modified":"2025-12-06T09:04:13","modified_gmt":"2025-12-06T09:04:13","slug":"en-russie-toutes-les-porsche-sont-tombees-en-panne-en-meme-temps","status":"publish","type":"post","link":"https:\/\/www.europesays.com\/fr\/581765\/","title":{"rendered":"En Russie, toutes les Porsche sont tomb\u00e9es en panne en m\u00eame temps"},"content":{"rendered":"<p><strong class=\"post-excerpt\"\/><\/p>\n<p itemprop=\"description\"><strong class=\"post-excerpt\">Toutes les<br \/>\nPorsche immobilis\u00e9es en m\u00eame temps, vraiment ? Le myst\u00e8re reste<br \/>\npour le moment entier en Russie.<\/strong><\/p>\n<p>EN BREF<\/p>\n<ul class=\"bloc_resume_post_list\">\n<li>Depuis le 1er d\u00e9cembre, des centaines de Porsche en<br \/>\nRussie sont inop\u00e9rantes \u00e0 cause d&rsquo;un dysfonctionnement du syst\u00e8me<br \/>\nVTS.<\/li>\n<li>Le syst\u00e8me de s\u00e9curit\u00e9 par satellite VTS immobilise les<br \/>\nv\u00e9hicules en cas de perte de signal, affectant tous les mod\u00e8les<br \/>\ndepuis 2013.<\/li>\n<li>Le myst\u00e8re persiste entre sabotage et bug logiciel,<br \/>\nlaissant les propri\u00e9taires russes perplexes et en qu\u00eate de<br \/>\nsolutions.<\/li>\n<\/ul>\n<p class=\"p1\">Depuis le 1er d\u00e9cembre, des centaines de Porsche sont<br \/>\ntomb\u00e9es en panne simultan\u00e9ment \u00e0 travers la Russie. En cause : un<br \/>\ndysfonctionnement du syst\u00e8me de s\u00e9curit\u00e9 par satellite. Sabotage ou<br \/>\nsimple bug logiciel ? Le flou demeure.<\/p>\n<p>Un blackout m\u00e9canique soudain sur tout le territoire<br \/>\npour les Porsche<\/p>\n<p class=\"p1\">Le 1er d\u00e9cembre au matin, <strong>des centaines de<br \/>\npropri\u00e9taires russes de Porsche ont d\u00e9couvert avec stupeur que<br \/>\nleurs v\u00e9hicules \u00e9taient tout simplement inop\u00e9rants.<\/strong> Que ce<br \/>\nsoit \u00e0 Moscou, Saint-P\u00e9tersbourg, Ekaterinbourg ou Krasnodar, les<br \/>\nm\u00eames sympt\u00f4mes sont observ\u00e9s. V\u00e9hicules qui ne d\u00e9marrent plus,<br \/>\nalarmes d\u00e9faillantes, coupures moteur al\u00e9atoires.<\/p>\n<p class=\"p1\">Ce ph\u00e9nom\u00e8ne <strong>d\u2019ampleur nationale touche tous<br \/>\nles <a href=\"https:\/\/www.autojournal.fr\/videos\/porsche-panamera-s-e-hybrid-2013-204184.html\" target=\"_blank\" rel=\"noopener\">mod\u00e8les produits depuis 2013,<\/a><br \/>\n\u00e9quip\u00e9s d\u2019un dispositif de suivi par satellite VTS<\/strong><br \/>\n(Vehicle Tracking System). Ce syst\u00e8me de s\u00e9curit\u00e9 active<br \/>\nautomatiquement l\u00a0\u00bbantid\u00e9marrage en cas de perte de signal<br \/>\nsatellite. Immobilisant alors compl\u00e8tement les Porsche en<br \/>\nquestion.<\/p>\n<p class=\"p1\">A<strong>u c\u0153ur de l\u2019affaire se trouve donc le<br \/>\nsyst\u00e8me VTS d\u2019origine, con\u00e7u pour renforcer la s\u00e9curit\u00e9 contre le<br \/>\nvol.<\/strong> Mais dans ce cas pr\u00e9cis, c\u2019est ce m\u00eame syst\u00e8me qui<br \/>\ntransforme les <a href=\"https:\/\/www.autojournal.fr\/pratique\/porsche-panamera-ce-quil-faut-savoir-en-occasion-373591.html\" target=\"_blank\" rel=\"noopener\">luxueuses sportives allemandes<\/a><br \/>\nen objets d\u00e9coratifs stationn\u00e9s, incapables de d\u00e9marrer ou m\u00eame de<br \/>\nr\u00e9pondre aux commandes.<\/p>\n<p class=\"p1\">Selon Yulia Trushkova, <strong>directrice apr\u00e8s-vente<br \/>\ndu groupe Rolf, tous les types de motorisations sont concern\u00e9s en<br \/>\nRussie.<\/strong> Et les centres techniques sont d\u00e9sormais submerg\u00e9s<br \/>\nde demandes d\u2019assistance identiques. En clair, le probl\u00e8me est<br \/>\ng\u00e9n\u00e9ralis\u00e9.<\/p>\n<p>Sabotage ou incident technique ?<\/p>\n<p class=\"p1\">Pour l\u2019instant, aucune preuve officielle n\u2019appuie la<br \/>\nth\u00e8se d\u2019une action malveillante. Mais les sp\u00e9culations vont bon<br \/>\ntrain en Russie. Certains m\u00e9dias, <strong><a href=\"https:\/\/www.themoscowtimes.com\/2025\/12\/02\/hundreds-of-porsche-owners-in-russia-unable-to-start-cars-after-system-failure-a91302\" target=\"_blank\" rel=\"noopener\">comme The Moscow Times,<\/a> relayent<br \/>\ndes t\u00e9moignages de professionnels laissant entendre qu\u2019un sabotage<br \/>\ncibl\u00e9 n\u2019est pas \u00e0 exclure.<\/strong> Toutefois, ni Porsche Russie,<br \/>\nni le si\u00e8ge international de la marque n\u2019ont comment\u00e9 l\u2019incident.<br \/>\nVoil\u00e0 qui alimente alors un peu plus l\u2019incompr\u00e9hension.<\/p>\n<p class=\"p1\"><strong>Plusieurs hypoth\u00e8ses sont \u00e9voqu\u00e9es<br \/>\n:<\/strong><\/p>\n<ul class=\"ul1\">\n<li class=\"li1\">Une mise \u00e0 jour logicielle d\u00e9fectueuse, d\u00e9ploy\u00e9e \u00e0<br \/>\ndistance<\/li>\n<li class=\"li1\">Une interruption volontaire ou accidentelle du<br \/>\nsignal satellite<\/li>\n<li class=\"li1\">Une <a href=\"https:\/\/www.autojournal.fr\/economie\/cyber-attaque-jaguar-land-rover-prolonge-arret-de-production-393392.html\" target=\"_blank\" rel=\"noopener\">faille de cybers\u00e9curit\u00e9<\/a><br \/>\nexploit\u00e9e par un tiers<\/li>\n<\/ul>\n<p class=\"p2\">Face au silence de Porsche, <strong>les propri\u00e9taires<br \/>\nmultiplient les tentatives de contournement.<\/strong><\/p>\n<ul class=\"ul1\">\n<li class=\"li1\">D\u00e9brancher la batterie pendant plusieurs<br \/>\nheures<\/li>\n<li class=\"li1\">Arracher les connecteurs du syst\u00e8me d\u2019alarme<\/li>\n<li class=\"li1\">Forcer le red\u00e9marrage manuellement<\/li>\n<\/ul>\n<p class=\"p1\">Un <a href=\"https:\/\/www.autojournal.fr\/info-nouveautes-produits\/porsche-macan-gts-electrique-nouveaute-presentation-2025-395480.html\" target=\"_blank\" rel=\"noopener\">propri\u00e9taire de Macan<\/a> \u00e0<br \/>\nSaint-P\u00e9tersbourg t\u00e9moigne. \u00ab J\u2019ai r\u00e9cup\u00e9r\u00e9 un repas \u00e0<br \/>\nemporter, et cinq minutes plus tard, la voiture refusait de<br \/>\nred\u00e9marrer \u00bb.<\/p>\n<p class=\"p1\">D&rsquo;autres <strong>relatent des pannes al\u00e9atoires et<br \/>\nimpossibles \u00e0 anticiper, souvent apr\u00e8s une simple coupure de<br \/>\ncourant.<\/strong> Ou sans aucune intervention pr\u00e9alable.<\/p>\n<blockquote class=\"twitter-tweet\"><p><a class=\"twitter-link\" rel=\"noindex, nofollow noopener\" href=\"https:\/\/twitter.com\/jurgen_nauditt\/status\/1995776361332461903\" target=\"_blank\"><\/p><\/blockquote>\n<p>Porsche absente, mais bien pr\u00e9sente en Russie<\/p>\n<p class=\"p1\">Bien que Porsche ait officiellement suspendu ses<br \/>\nlivraisons vers la <strong>Russie depuis le d\u00e9but du <a href=\"https:\/\/www.autojournal.fr\/actu\/guerre-ukraine-pourquoi-terres-rares-interessent-donald-trump-378040.html\" target=\"_blank\" rel=\"noopener\">conflit en Ukraine<\/a>, les mod\u00e8les<br \/>\nde la marque restent tr\u00e8s pr\u00e9sents dans les grandes<br \/>\nvilles.<\/strong> Notamment chez une client\u00e8le fortun\u00e9e.<\/p>\n<p class=\"p1\">Le march\u00e9 parall\u00e8le et <a href=\"https:\/\/www.autojournal.fr\/actu\/les-salons-automobiles-sont-toujours-aussi-importants-vraiment-395255.html\" target=\"_blank\" rel=\"noopener\">les<\/a> <strong>importations via des<br \/>\npays tiers ont maintenu une certaine disponibilit\u00e9 locale des<br \/>\nv\u00e9hicules.<\/strong> Ce qui explique l\u2019ampleur de l\u2019impact.<\/p>\n<p class=\"p3\">\u00c0 ce jour, aucune solution d\u00e9finitive n\u2019a \u00e9t\u00e9<br \/>\ncommuniqu\u00e9e. <strong>Les ateliers d\u00e9bordent, les d\u00e9panneuses<br \/>\ns\u2019activent\u2026 Et les Porschistes en Russie s\u2019interrogent.<\/strong><br \/>\nLeur voiture a-t-elle \u00e9t\u00e9 victime d\u2019un simple bug\u2026 Ou d\u2019un message<br \/>\nvenu d\u2019ailleurs ?<\/p>\n<p><script async src=\"https:\/\/platform.twitter.com\/widgets.js\" charset=\"utf-8\"><\/script><\/p>\n","protected":false},"excerpt":{"rendered":"Toutes les Porsche immobilis\u00e9es en m\u00eame temps, vraiment ? Le myst\u00e8re reste pour le moment entier en Russie.&hellip;\n","protected":false},"author":2,"featured_media":581766,"comment_status":"","ping_status":"","sticky":false,"template":"","format":"standard","meta":{"footnotes":""},"categories":[1591],"tags":[11,1887,1638,12,1885,1886,132],"class_list":{"0":"post-581765","1":"post","2":"type-post","3":"status-publish","4":"format-standard","5":"has-post-thumbnail","7":"category-russie","8":"tag-actualites","9":"tag-federation-de-russie","10":"tag-has_diapo","11":"tag-news","12":"tag-russia","13":"tag-russian-federation","14":"tag-russie"},"share_on_mastodon":{"url":"https:\/\/pubeurope.com\/@fr\/115671824225147528","error":""},"_links":{"self":[{"href":"https:\/\/www.europesays.com\/fr\/wp-json\/wp\/v2\/posts\/581765","targetHints":{"allow":["GET"]}}],"collection":[{"href":"https:\/\/www.europesays.com\/fr\/wp-json\/wp\/v2\/posts"}],"about":[{"href":"https:\/\/www.europesays.com\/fr\/wp-json\/wp\/v2\/types\/post"}],"author":[{"embeddable":true,"href":"https:\/\/www.europesays.com\/fr\/wp-json\/wp\/v2\/users\/2"}],"replies":[{"embeddable":true,"href":"https:\/\/www.europesays.com\/fr\/wp-json\/wp\/v2\/comments?post=581765"}],"version-history":[{"count":0,"href":"https:\/\/www.europesays.com\/fr\/wp-json\/wp\/v2\/posts\/581765\/revisions"}],"wp:featuredmedia":[{"embeddable":true,"href":"https:\/\/www.europesays.com\/fr\/wp-json\/wp\/v2\/media\/581766"}],"wp:attachment":[{"href":"https:\/\/www.europesays.com\/fr\/wp-json\/wp\/v2\/media?parent=581765"}],"wp:term":[{"taxonomy":"category","embeddable":true,"href":"https:\/\/www.europesays.com\/fr\/wp-json\/wp\/v2\/categories?post=581765"},{"taxonomy":"post_tag","embeddable":true,"href":"https:\/\/www.europesays.com\/fr\/wp-json\/wp\/v2\/tags?post=581765"}],"curies":[{"name":"wp","href":"https:\/\/api.w.org\/{rel}","templated":true}]}}