{"id":581767,"date":"2025-12-06T09:05:14","date_gmt":"2025-12-06T09:05:14","guid":{"rendered":"https:\/\/www.europesays.com\/fr\/581767\/"},"modified":"2025-12-06T09:05:14","modified_gmt":"2025-12-06T09:05:14","slug":"guerre-en-ukraine-les-negociations-se-poursuivent-en-floride-attaque-massive-dans-la-region-de-kiev","status":"publish","type":"post","link":"https:\/\/www.europesays.com\/fr\/581767\/","title":{"rendered":"Guerre en Ukraine. Les n\u00e9gociations se poursuivent en Floride, attaque \u00ab\u00a0massive\u00a0\u00bb dans la r\u00e9gion de Kiev"},"content":{"rendered":"<p>N\u00e9gociateurs ukrainiens et am\u00e9ricains se retrouvent ce samedi en Floride pour leur troisi\u00e8me jour de discussions sur le plan de Washington visant \u00e0 mettre fin \u00e0 <a href=\"https:\/\/www.ledauphine.com\/france-monde\/ukraine\" target=\"_blank\" rel=\"noopener\">la guerre avec la Russie<\/a>, au moment o\u00f9 les forces russes poursuivent leur avanc\u00e9e sur le front et leurs bombardements nocturnes.<\/p>\n<p>\u00ab Les deux parties sont convenues que tout progr\u00e8s r\u00e9el vers un accord d\u00e9pendait de la volont\u00e9 de la Russie de s&rsquo;engager s\u00e9rieusement en faveur d&rsquo;une paix durable, notamment par des mesures de d\u00e9sescalade et l&rsquo;arr\u00eat des tueries \u00bb, a indiqu\u00e9 vendredi soir le d\u00e9partement d&rsquo;Etat en bouclant la deuxi\u00e8me journ\u00e9e de ces pourparlers.<\/p>\n<p>Il a pr\u00e9cis\u00e9 que les participants s&rsquo;\u00e9taient \u00ab mis d&rsquo;accord sur le cadre des arrangements de s\u00e9curit\u00e9 [&#8230;] et des capacit\u00e9s de dissuasion n\u00e9cessaires pour maintenir une paix durable \u00bb en cas de r\u00e8glement.<\/p>\n<p>Un accord \u00ab qui prot\u00e8ge l&rsquo;ind\u00e9pendance\u00a0\u00bb de l&rsquo;Ukraine<\/p>\n<p>C\u00f4t\u00e9 am\u00e9ricain, l&rsquo;\u00e9missaire de <a href=\"https:\/\/www.ledauphine.com\/p\/donald-trump\" target=\"_blank\" rel=\"noopener\">Donald Trump<\/a>, Steve Witkoff, ainsi que le gendre du pr\u00e9sident, Jared Kushner, participent aux discussions pr\u00e8s de Miami, la magapole de Floride (sud-est). C\u00f4t\u00e9 ukrainien, il s&rsquo;agit du n\u00e9gociateur en chef Roustem Oumerov et du g\u00e9n\u00e9ral Andre\u00ef Hnatov.<\/p>\n<p>Depuis la pr\u00e9sentation du plan am\u00e9ricain, il y a bient\u00f4t trois semaines, plusieurs sessions de pourparlers ont eu lieu avec les Ukrainiens <a href=\"https:\/\/www.ledauphine.com\/defense-guerre-conflit\/2025\/11\/30\/guerre-en-ukraine-discussions-pas-faciles-entre-kiev-et-washington-en-floride\" target=\"_blank\" rel=\"noopener\">\u00e0 Gen\u00e8ve<\/a> et <a href=\"https:\/\/www.ledauphine.com\/defense-guerre-conflit\/2025\/11\/30\/guerre-en-ukraine-discussions-pas-faciles-entre-kiev-et-washington-en-floride\" target=\"_blank\" rel=\"noopener\">en Floride pour tenter d&rsquo;amender le texte en faveur de Kiev<\/a>. Le document a aussi \u00e9t\u00e9 pr\u00e9sent\u00e9 mardi au pr\u00e9sident <a href=\"https:\/\/www.ledauphine.com\/p\/vladimir-poutine\" target=\"_blank\" rel=\"noopener\">Vladimir Poutine<\/a> lors d&rsquo;une visite \u00e0 Moscou de Steve Witkoff et de Jared Kushner.<\/p>\n<p>Peu de d\u00e9tails ont filtr\u00e9 sur ce plan amend\u00e9, apr\u00e8s qu&rsquo;une version initiale a \u00e9t\u00e9 per\u00e7ue par Kiev et les Europ\u00e9ens comme \u00e9tant largement favorable \u00e0 la Russie. Dans son communiqu\u00e9, le d\u00e9partement d&rsquo;Etat pr\u00e9cise que les participants \u00ab ont discut\u00e9 des r\u00e9sultats \u00bb de la r\u00e9union \u00e0 Moscou et que Roustem Oumerov a r\u00e9affirm\u00e9 que la priorit\u00e9 de l&rsquo;Ukraine \u00e9tait de parvenir \u00e0 un accord \u00ab qui prot\u00e8ge son ind\u00e9pendance et sa souverainet\u00e9 \u00bb.<\/p>\n<p>Nouvelle attaque russe<\/p>\n<p><a href=\"https:\/\/www.ledauphine.com\/defense-guerre-conflit\/2025\/12\/02\/pas-de-compromis-trouve-entre-l-emissaire-americain-steve-witkoff-et-vladimir-poutine\" target=\"_blank\" rel=\"noopener\">Apr\u00e8s la rencontre dans la capitale russe<\/a>, le Kremlin a assur\u00e9 que des progr\u00e8s avaient \u00e9t\u00e9 r\u00e9alis\u00e9s mais qu&rsquo;il restait \u00ab beaucoup de travail \u00bb pour aboutir \u00e0 un r\u00e8glement du conflit d\u00e9clench\u00e9 par l&rsquo;invasion russe de f\u00e9vrier 2022. Le conseiller diplomatique du Kremlin, Iouri Ouchakov, a pour sa part jug\u00e9 vendredi que la r\u00e9union de mardi \u00e0 Moscou s&rsquo;\u00e9tait d\u00e9roul\u00e9e dans une ambiance cordiale et s&rsquo;est f\u00e9licit\u00e9 de la participation de Jared Kushner aux discussions.<\/p>\n<p>Le chef de l&rsquo;Etat russe et Steve Witkoff ont eu une \u00ab conversation v\u00e9ritablement amicale et ils se comprennent \u00bb, a dit Iouri Ouchakov \u00e0 la t\u00e9l\u00e9vision d&rsquo;\u00c9tat russe. \u00ab Une nouvelle personne nous a rejoints et je dirais qu&rsquo;elle s&rsquo;est r\u00e9v\u00e9l\u00e9e tr\u00e8s utile \u00bb, a-t-il ajout\u00e9 \u00e0 propos de Jared Kushner.<\/p>\n<p>Ce samedi, \u00e0 l&rsquo;aube, la Russie \u00ab attaque massivement la r\u00e9gion de Kiev avec des drones et des missiles \u00bb, a \u00e9crit sur Telegram le gouverneur r\u00e9gional Mykola Kalachnyk, qui a fait \u00e9tat de trois bless\u00e9s. Les autorit\u00e9s ont \u00e9mis une alerte a\u00e9rienne pour l&rsquo;ensemble de l&rsquo;Ukraine, \u00e0 l&rsquo;exception de la r\u00e9gion de Zakarpattia dans l&rsquo;extr\u00eame-ouest du pays.<\/p>\n<p>De son c\u00f4t\u00e9, le minist\u00e8re russe de la D\u00e9fense a indiqu\u00e9 que 116 drones ukrainiens avaient \u00e9t\u00e9 intercept\u00e9s au-dessus de la Russie dans la nuit. Vendredi, l&rsquo;arm\u00e9e russe a poursuivi son avanc\u00e9e sur le front, revendiquant la prise de la localit\u00e9 de Bezimenn\u00e9 dans la r\u00e9gion orientale de Donetsk, o\u00f9 se concentrent les combats.<\/p>\n","protected":false},"excerpt":{"rendered":"N\u00e9gociateurs ukrainiens et am\u00e9ricains se retrouvent ce samedi en Floride pour leur troisi\u00e8me jour de discussions sur le&hellip;\n","protected":false},"author":2,"featured_media":581768,"comment_status":"","ping_status":"","sticky":false,"template":"","format":"standard","meta":{"footnotes":""},"categories":[1590],"tags":[11,3206,1777,674,107,329,12,316,220],"class_list":{"0":"post-581767","1":"post","2":"type-post","3":"status-publish","4":"format-standard","5":"has-post-thumbnail","7":"category-ukraine","8":"tag-actualites","9":"tag-defense-guerre-conflit","10":"tag-eu","11":"tag-europe","12":"tag-fil-info","13":"tag-france-monde","14":"tag-news","15":"tag-politique","16":"tag-ukraine"},"share_on_mastodon":{"url":"https:\/\/pubeurope.com\/@fr\/115671828021193926","error":""},"_links":{"self":[{"href":"https:\/\/www.europesays.com\/fr\/wp-json\/wp\/v2\/posts\/581767","targetHints":{"allow":["GET"]}}],"collection":[{"href":"https:\/\/www.europesays.com\/fr\/wp-json\/wp\/v2\/posts"}],"about":[{"href":"https:\/\/www.europesays.com\/fr\/wp-json\/wp\/v2\/types\/post"}],"author":[{"embeddable":true,"href":"https:\/\/www.europesays.com\/fr\/wp-json\/wp\/v2\/users\/2"}],"replies":[{"embeddable":true,"href":"https:\/\/www.europesays.com\/fr\/wp-json\/wp\/v2\/comments?post=581767"}],"version-history":[{"count":0,"href":"https:\/\/www.europesays.com\/fr\/wp-json\/wp\/v2\/posts\/581767\/revisions"}],"wp:featuredmedia":[{"embeddable":true,"href":"https:\/\/www.europesays.com\/fr\/wp-json\/wp\/v2\/media\/581768"}],"wp:attachment":[{"href":"https:\/\/www.europesays.com\/fr\/wp-json\/wp\/v2\/media?parent=581767"}],"wp:term":[{"taxonomy":"category","embeddable":true,"href":"https:\/\/www.europesays.com\/fr\/wp-json\/wp\/v2\/categories?post=581767"},{"taxonomy":"post_tag","embeddable":true,"href":"https:\/\/www.europesays.com\/fr\/wp-json\/wp\/v2\/tags?post=581767"}],"curies":[{"name":"wp","href":"https:\/\/api.w.org\/{rel}","templated":true}]}}