{"id":581772,"date":"2025-12-06T09:08:15","date_gmt":"2025-12-06T09:08:15","guid":{"rendered":"https:\/\/www.europesays.com\/fr\/581772\/"},"modified":"2025-12-06T09:08:15","modified_gmt":"2025-12-06T09:08:15","slug":"le-service-militaire-volontaire-adopte-en-allemagne","status":"publish","type":"post","link":"https:\/\/www.europesays.com\/fr\/581772\/","title":{"rendered":"le service militaire volontaire adopt\u00e9 en Allemagne"},"content":{"rendered":"<p>      lire plus tard<\/p>\n<p id=\"dialog__title\" class=\"dialog__title\">Pour sauvegarder cet article, connectez-vous ou cr\u00e9ez un compte franceinfo<\/p>\n<p class=\"dialog__description\">Sans paiement. Sans abonnement.<\/p>\n<p>        Fermer la fen\u00eatre d\u2019activation des notifications France Info<\/p>\n<p>      cr\u00e9er votre compte<\/p>\n<p>      se connecter<\/p>\n<p>        Fermer la fen\u00eatre de pr\u00e9sentation<\/p>\n<p>    Publi\u00e9 le 06\/12\/2025 09:31<\/p>\n<p>      Mis \u00e0 jour le 06\/12\/2025 09:48<\/p>\n<p>        Temps de lecture : 1min &#8211; vid\u00e9o : 2min<\/p>\n<p>    <img decoding=\"async\" class=\"francetv-player-wrapper__image\" alt=\"Eurozapping : le service militaire adopt\u00e9 en Allemagne\"  width=\"432\" height=\"243\" src=\"https:\/\/www.europesays.com\/fr\/wp-content\/uploads\/2025\/12\/eurozapping-0612-1-6933e8baaffe9827169564.jpg\" fetchpriority=\"high\"\/><\/p>\n<p>              Eurozapping : le service militaire adopt\u00e9 en Allemagne<br \/>\n                    (Franceinfo)<\/p>\n<p>      2min<\/p>\n<p>\n  Comme chaque soir, le JT du 23h info fait un tour de l&rsquo;actualit\u00e9 diffus\u00e9e par les cha\u00eenes europ\u00e9ennes de t\u00e9l\u00e9vision. C&rsquo;est l&rsquo;Eurozapping du vendredi 6 d\u00e9cembre.\n<\/p>\n<p><strong>Ce texte correspond \u00e0 une partie de la retranscription du reportage ci-dessus. Cliquez sur la vid\u00e9o pour la regarder en int\u00e9gralit\u00e9.<\/strong><\/p>\n<p>Le <a href=\"https:\/\/www.franceinfo.fr\/monde\/europe\/allemagne\/l-allemagne-donne-le-feu-vert-au-retour-du-service-militaire-volontaire_7660123.html\" target=\"_blank\" rel=\"noopener\">service militaire volontaire<\/a> est adopt\u00e9 en Allemagne. Le Parlement vient de donner son feu vert. Tous les Allemands de 18 ans vont devoir passer des tests et pourront s&rsquo;engager.<br \/>\u00ab\u00a0La libert\u00e9 d&rsquo;expression, de manifester, de religion, notre \u00c9tat ne peut les d\u00e9fendre sans forces arm\u00e9es\u00a0\u00bb, a d\u00e9clar\u00e9 Boris Pistorius, ministre allemand de la D\u00e9fense.<\/p>\n<p>Des milliers de jeunes dans toute l&rsquo;Allemagne se sont mobilis\u00e9s contre cette d\u00e9cision. Car s&rsquo;il n&rsquo;y a pas assez de volontaires, ce service deviendra obligatoire.<br \/>Le gouvernement doit cesser de militariser notre soci\u00e9t\u00e9 et s&rsquo;occuper plut\u00f4t du climat qui est bien plus urgent.<\/p>\n<p>R\u00e9volution dans cet archipel du Danemark, perdu dans l&rsquo;oc\u00e9an Atlantique. \u00c0 une voix pr\u00e8s, le Parlement r\u00e9gional vient d&rsquo;autoriser le droit \u00e0 l&rsquo;avortement. Jusqu&rsquo;ici, la l\u00e9gislation sur l&rsquo;IVG \u00e9tait une des plus restrictives d&rsquo;Europe. <\/p>\n<p>C&rsquo;\u00e9tait en 1972. Jeremy, 17 ans, \u00e9l\u00e8ve dans une \u00e9cole catholique, tombe amoureux d&rsquo;un gar\u00e7on, inadmissible \u00e0 l&rsquo;\u00e9poque.<br \/>\u00ab\u00a0Tu seras expuls\u00e9 imm\u00e9diatement \u00e0 moins que tu acceptes d&rsquo;\u00eatre soign\u00e9\u00a0\u00bb, t\u00e9moigne Jeremy Gavins<br \/>L&rsquo;h\u00f4pital public lui inflige alors des chocs \u00e9lectriques. Un traitement qui a \u00e9t\u00e9 utilis\u00e9 pour des centaines d&rsquo;homosexuels dans les ann\u00e9es 60 et 70. Plus d&rsquo;un demi-si\u00e8cle plus tard, une enqu\u00eate a \u00e9t\u00e9 ouverte pour que les survivants puissent enfin obtenir des excuses.<\/p>\n","protected":false},"excerpt":{"rendered":"lire plus tard Pour sauvegarder cet article, connectez-vous ou cr\u00e9ez un compte franceinfo Sans paiement. Sans abonnement. Fermer&hellip;\n","protected":false},"author":2,"featured_media":581773,"comment_status":"","ping_status":"","sticky":false,"template":"","format":"standard","meta":{"footnotes":""},"categories":[1587],"tags":[11,672,1804,1805,1803,1777,674,1801,12,1802],"class_list":{"0":"post-581772","1":"post","2":"type-post","3":"status-publish","4":"format-standard","5":"has-post-thumbnail","7":"category-allemagne","8":"tag-actualites","9":"tag-allemagne","10":"tag-bundesrepublik-deutschland","11":"tag-de","12":"tag-deutschland","13":"tag-eu","14":"tag-europe","15":"tag-germany","16":"tag-news","17":"tag-republique-federale-dallemagne"},"share_on_mastodon":{"url":"https:\/\/pubeurope.com\/@fr\/115671840239381439","error":""},"_links":{"self":[{"href":"https:\/\/www.europesays.com\/fr\/wp-json\/wp\/v2\/posts\/581772","targetHints":{"allow":["GET"]}}],"collection":[{"href":"https:\/\/www.europesays.com\/fr\/wp-json\/wp\/v2\/posts"}],"about":[{"href":"https:\/\/www.europesays.com\/fr\/wp-json\/wp\/v2\/types\/post"}],"author":[{"embeddable":true,"href":"https:\/\/www.europesays.com\/fr\/wp-json\/wp\/v2\/users\/2"}],"replies":[{"embeddable":true,"href":"https:\/\/www.europesays.com\/fr\/wp-json\/wp\/v2\/comments?post=581772"}],"version-history":[{"count":0,"href":"https:\/\/www.europesays.com\/fr\/wp-json\/wp\/v2\/posts\/581772\/revisions"}],"wp:featuredmedia":[{"embeddable":true,"href":"https:\/\/www.europesays.com\/fr\/wp-json\/wp\/v2\/media\/581773"}],"wp:attachment":[{"href":"https:\/\/www.europesays.com\/fr\/wp-json\/wp\/v2\/media?parent=581772"}],"wp:term":[{"taxonomy":"category","embeddable":true,"href":"https:\/\/www.europesays.com\/fr\/wp-json\/wp\/v2\/categories?post=581772"},{"taxonomy":"post_tag","embeddable":true,"href":"https:\/\/www.europesays.com\/fr\/wp-json\/wp\/v2\/tags?post=581772"}],"curies":[{"name":"wp","href":"https:\/\/api.w.org\/{rel}","templated":true}]}}