{"id":581774,"date":"2025-12-06T09:09:11","date_gmt":"2025-12-06T09:09:11","guid":{"rendered":"https:\/\/www.europesays.com\/fr\/581774\/"},"modified":"2025-12-06T09:09:11","modified_gmt":"2025-12-06T09:09:11","slug":"natation-mewen-tomac-licencie-a-caen-deja-double-vice-champion-deurope-en-pologne","status":"publish","type":"post","link":"https:\/\/www.europesays.com\/fr\/581774\/","title":{"rendered":"Natation. Mewen Tomac, licenci\u00e9 \u00e0 Caen, d\u00e9j\u00e0 double vice-champion d&rsquo;Europe en Pologne"},"content":{"rendered":"<p>                    Par<br \/>\n        <strong><br \/>\n            <a href=\"https:\/\/actu.fr\/auteur\/redaction-sportacaen\" title=\"Consulter tous les articles de R\u00e9daction Sport \u00e0 Caen\" target=\"_blank\" rel=\"noopener\">R\u00e9daction Sport \u00e0 Caen<\/a><br \/>\n                    <\/strong><\/p>\n<p>        Publi\u00e9 le<\/p>\n<p>            6 d\u00e9c. 2025 \u00e0 10h00        <\/p>\n<p>\u00c0 Lublin (Pologne), il avait d\u00e9j\u00e0 permis \u00e0 la d\u00e9l\u00e9gation tricolore d\u2019ouvrir son compteur de m\u00e9dailles. Le mercredi 3 d\u00e9cembre 2025, <b>Mewen Tomac \u00e9tait d\u00e9j\u00e0 devenu vice-champion d\u2019Europe du 200m dos <\/b>(1min47\u201989). En t\u00eate durant les trois-quarts de la course, il avait d\u00fb s\u2019incliner devant le nageur irlandais, John Short.\u00a0<\/p>\n<p>    <a href=\"https:\/\/www.facebook.com\/plugins\/post.php?href=https%3A%2F%2Fwww.facebook.com%2Fencaen1%2Fposts%2Fpfbid02QETQMRodqNDPNPPDNRPFfj6xqPetbhavSyS52yd6WsC7JCkCmzwt9oZ7vd2ojfyQl&amp;show_text=true&amp;width=350\" title=\"Ouvrie le lien\" target=\"_blank\" rel=\"noopener\">Cliquez ici pour visualiser le contenu<\/a><\/p>\n<p class=\" wall-content\">Rebelote deux jours plus tard. Si l\u2019Italien Thomas Ceccon \u00e9tait trop fort pour le reste de la concurrence<b>, le pensionnaire de l\u2019E.N.Caen a su venir \u00e0 bout du Britannique Oliver Morgan pour prendre la deuxi\u00e8me place du 100m dos<\/b>. Il s\u2019offre, par la m\u00eame occasion, un nouveau record de France sur la distance (49\u201946).\u00a0<\/p>\n<p class=\" wall-content\">S\u2019il disputera les s\u00e9ries du 50m dos, il d\u00e9fendra \u00e9galement ses chances, ce soir, samedi 6 d\u00e9cembre 2025, lors de la finale du 200m quatre nages.\u00a0<\/p>\n<p class=\" wall-content\">Personnalisez votre actualit\u00e9 en ajoutant vos villes et m\u00e9dias en favori avec <a href=\"https:\/\/moncompte.actu.fr\" title=\"D\u00e9couvez Mon Actu\" rel=\"nofollow noopener\" data-trk=\"{&quot;cta&quot;:{&quot;action&quot;:&quot;https:\\\/\\\/moncompte.actu.fr&quot;,&quot;category&quot;:&quot;mon compte&quot;,&quot;from&quot;:&quot;article footer&quot;,&quot;name&quot;:&quot;Mon actu&quot;,&quot;type&quot;:&quot;cta&quot;}}\" target=\"_blank\">Mon Actu<\/a>.<\/p>\n","protected":false},"excerpt":{"rendered":"Par R\u00e9daction Sport \u00e0 Caen Publi\u00e9 le 6 d\u00e9c. 2025 \u00e0 10h00 \u00c0 Lublin (Pologne), il avait d\u00e9j\u00e0&hellip;\n","protected":false},"author":2,"featured_media":581775,"comment_status":"","ping_status":"","sticky":false,"template":"","format":"standard","meta":{"footnotes":""},"categories":[1586],"tags":[11,1777,674,1011,27,12,25,1745,60,15103],"class_list":{"0":"post-581774","1":"post","2":"type-post","3":"status-publish","4":"format-standard","5":"has-post-thumbnail","7":"category-europe","8":"tag-actualites","9":"tag-eu","10":"tag-europe","11":"tag-fr","12":"tag-france","13":"tag-news","14":"tag-republique-francaise","15":"tag-sport-caen","16":"tag-sports","17":"tag-sports-nautiques"},"share_on_mastodon":{"url":"https:\/\/pubeurope.com\/@fr\/115671843947506161","error":""},"_links":{"self":[{"href":"https:\/\/www.europesays.com\/fr\/wp-json\/wp\/v2\/posts\/581774","targetHints":{"allow":["GET"]}}],"collection":[{"href":"https:\/\/www.europesays.com\/fr\/wp-json\/wp\/v2\/posts"}],"about":[{"href":"https:\/\/www.europesays.com\/fr\/wp-json\/wp\/v2\/types\/post"}],"author":[{"embeddable":true,"href":"https:\/\/www.europesays.com\/fr\/wp-json\/wp\/v2\/users\/2"}],"replies":[{"embeddable":true,"href":"https:\/\/www.europesays.com\/fr\/wp-json\/wp\/v2\/comments?post=581774"}],"version-history":[{"count":0,"href":"https:\/\/www.europesays.com\/fr\/wp-json\/wp\/v2\/posts\/581774\/revisions"}],"wp:featuredmedia":[{"embeddable":true,"href":"https:\/\/www.europesays.com\/fr\/wp-json\/wp\/v2\/media\/581775"}],"wp:attachment":[{"href":"https:\/\/www.europesays.com\/fr\/wp-json\/wp\/v2\/media?parent=581774"}],"wp:term":[{"taxonomy":"category","embeddable":true,"href":"https:\/\/www.europesays.com\/fr\/wp-json\/wp\/v2\/categories?post=581774"},{"taxonomy":"post_tag","embeddable":true,"href":"https:\/\/www.europesays.com\/fr\/wp-json\/wp\/v2\/tags?post=581774"}],"curies":[{"name":"wp","href":"https:\/\/api.w.org\/{rel}","templated":true}]}}