{"id":581788,"date":"2025-12-06T09:22:13","date_gmt":"2025-12-06T09:22:13","guid":{"rendered":"https:\/\/www.europesays.com\/fr\/581788\/"},"modified":"2025-12-06T09:22:13","modified_gmt":"2025-12-06T09:22:13","slug":"quatre-arrivees-a-beziers-mediterranee-cyclisme-actualite","status":"publish","type":"post","link":"https:\/\/www.europesays.com\/fr\/581788\/","title":{"rendered":"Quatre arriv\u00e9es \u00e0 B\u00e9ziers M\u00e9diterran\u00e9e Cyclisme &#8211; Actualit\u00e9"},"content":{"rendered":"<p style=\"text-align: justify;\">B\u00e9ziers M\u00e9diterran\u00e9e Cyclisme annonce l&rsquo;arriv\u00e9e de quatre coureurs pour la saison prochaine. Lukas Albespy, Vincent Arhie, Enzo Loubeau et Eroan Punzano rejoignent le club de N3.\u00a0<\/p>\n<p style=\"text-align: justify;\"><strong><a href=\"https:\/\/www.directvelo.com\/coureur\/57573\/lukas-albespy\" target=\"_blank\" rel=\"noopener\">Lukas Albespy<\/a><\/strong>\u00a0(US Fronton), 18 ans, s&rsquo;est class\u00e9 4e du Grand Prix Autour de la M\u00f4le, 7e d&rsquo;une \u00e9tape du Tour d&rsquo;Ambert Livradois Forez et 9e du GP les Franqueses KH7.<\/p>\n<p><strong><a href=\"https:\/\/www.directvelo.com\/coureur\/20571\/vincent-arhie\" target=\"_blank\" rel=\"noopener\">Vincent Arhie<\/a>\u00a0<\/strong>(UV Aube), 27 ans, s&rsquo;est offert la Ronde Avizoise, et s&rsquo;est class\u00e9 4e du Tour du P\u00e9rigord et 5e du Caux Tour et du Championnat du Grand Est.<\/p>\n<p><strong><a href=\"https:\/\/www.directvelo.com\/coureur\/33209\/enzo-loubeau\" target=\"_blank\" rel=\"noopener\">Enzo Loubeau<\/a>\u00a0<\/strong>(Occitane CF), 23 ans, a termin\u00e9 3e de la Nocturne de Bruch, 6e de la 1\u00e8re \u00e9tape du Tour des Landes et 7e de la Nocturne de Lourdes<\/p>\n<p><strong><a href=\"https:\/\/www.directvelo.com\/coureur\/57572\/eroan-punzano\" target=\"_blank\" rel=\"noopener\">Eroan Punzano<\/a><\/strong>\u00a0(Revel Sprinter Club), 18 ans, s&rsquo;est class\u00e9 22e du Championnat d&rsquo;Occitanie et 23e du Grand Prix de Saint-Paul-Cap-de-Joux.\u00a0<\/p>\n<p>Suivez toutes les mutations de l&rsquo;hiver <a href=\"https:\/\/www.directvelo.com\/mutations\/2026#amateur-dn3\" target=\"_blank\" rel=\"noopener\"><strong>en cliquant ici<\/strong><\/a>.\u00a0<\/p>\n","protected":false},"excerpt":{"rendered":"B\u00e9ziers M\u00e9diterran\u00e9e Cyclisme annonce l&rsquo;arriv\u00e9e de quatre coureurs pour la saison prochaine. Lukas Albespy, Vincent Arhie, Enzo Loubeau&hellip;\n","protected":false},"author":2,"featured_media":581789,"comment_status":"","ping_status":"","sticky":false,"template":"","format":"standard","meta":{"footnotes":""},"categories":[1411],"tags":[834,828,836,829,837,827,83,826,824,823,1154,207,814,817,815,816,822,821,832,211,839,1011,27,820,818,819,835,831,830,833,838,60,212,208,825],"class_list":{"0":"post-581788","1":"post","2":"type-post","3":"status-publish","4":"format-standard","5":"has-post-thumbnail","7":"category-cyclisme","8":"tag-attaque","9":"tag-belgique","10":"tag-braquet","11":"tag-bretagne","12":"tag-chute","13":"tag-competition","14":"tag-coupe-de-france","15":"tag-coureur","16":"tag-course-cyclisme","17":"tag-course-cycliste","18":"tag-cycling","19":"tag-cyclisme","20":"tag-direct","21":"tag-direct-velo","22":"tag-directvelo","23":"tag-directvelo-com","24":"tag-epreuve","25":"tag-epreuve-cycliste","26":"tag-federation-francaise-de-cyclisme","27":"tag-ffc","28":"tag-flandres","29":"tag-fr","30":"tag-france","31":"tag-live","32":"tag-live-course","33":"tag-live-epreuve","34":"tag-peloton","35":"tag-radio-peloton","36":"tag-radio-tour","37":"tag-ravitaillement","38":"tag-relance","39":"tag-sports","40":"tag-uci","41":"tag-velo","42":"tag-velos"},"share_on_mastodon":{"url":"https:\/\/pubeurope.com\/@fr\/115671894985603708","error":""},"_links":{"self":[{"href":"https:\/\/www.europesays.com\/fr\/wp-json\/wp\/v2\/posts\/581788","targetHints":{"allow":["GET"]}}],"collection":[{"href":"https:\/\/www.europesays.com\/fr\/wp-json\/wp\/v2\/posts"}],"about":[{"href":"https:\/\/www.europesays.com\/fr\/wp-json\/wp\/v2\/types\/post"}],"author":[{"embeddable":true,"href":"https:\/\/www.europesays.com\/fr\/wp-json\/wp\/v2\/users\/2"}],"replies":[{"embeddable":true,"href":"https:\/\/www.europesays.com\/fr\/wp-json\/wp\/v2\/comments?post=581788"}],"version-history":[{"count":0,"href":"https:\/\/www.europesays.com\/fr\/wp-json\/wp\/v2\/posts\/581788\/revisions"}],"wp:featuredmedia":[{"embeddable":true,"href":"https:\/\/www.europesays.com\/fr\/wp-json\/wp\/v2\/media\/581789"}],"wp:attachment":[{"href":"https:\/\/www.europesays.com\/fr\/wp-json\/wp\/v2\/media?parent=581788"}],"wp:term":[{"taxonomy":"category","embeddable":true,"href":"https:\/\/www.europesays.com\/fr\/wp-json\/wp\/v2\/categories?post=581788"},{"taxonomy":"post_tag","embeddable":true,"href":"https:\/\/www.europesays.com\/fr\/wp-json\/wp\/v2\/tags?post=581788"}],"curies":[{"name":"wp","href":"https:\/\/api.w.org\/{rel}","templated":true}]}}