{"id":581790,"date":"2025-12-06T09:23:16","date_gmt":"2025-12-06T09:23:16","guid":{"rendered":"https:\/\/www.europesays.com\/fr\/581790\/"},"modified":"2025-12-06T09:23:16","modified_gmt":"2025-12-06T09:23:16","slug":"frank-leboeuf-juge-coupable","status":"publish","type":"post","link":"https:\/\/www.europesays.com\/fr\/581790\/","title":{"rendered":"Frank Leboeuf jug\u00e9 coupable"},"content":{"rendered":"<p><strong>Associ\u00e9 \u00e0 Marcel Desailly en<br \/>\ncharni\u00e8re centrale, Frank Leboeuf est le principal fautif sur le<br \/>\nbut du S\u00e9n\u00e9gal lors de la d\u00e9faite des Bleus \u00e0 la Coupe du monde<br \/>\n2002. Le d\u00e9fenseur \u00e9tait d\u00e9j\u00e0 pris pour cible avant le<br \/>\ntournoi.<\/strong><\/p>\n<p>\u00ab On ne peut pas dire que ce soit contre le cours du jeu<br \/>\nparce qu\u2019ils se sont cr\u00e9\u00e9 les occasions les plus d\u00e9cisives \u00bb,<br \/>\nanalysait Thierry Roland sur l\u2019ouverture du score du S\u00e9n\u00e9gal face \u00e0<br \/>\nl\u2019\u00e9quipe de France, sign\u00e9e Papa Bouba Diop (30e), pour une d\u00e9faite<br \/>\n1-0 des Bleus en ouverture de la Coupe du monde 2002, le 31 mai<br \/>\n2002 \u00e0 S\u00e9oul (Cor\u00e9e du Sud). Vingt-quatre ans avant l\u2019affrontement<br \/>\nentre les deux pays \u00e0 la World Cup 2026, les Lions de la Teranga<br \/>\nont cr\u00e9\u00e9 la surprise gr\u00e2ce \u00e0 une acc\u00e9l\u00e9ration foudroyante<br \/>\nd\u2019El-Hadji Diouf sur Frank Leboeuf.<\/p>\n<p>Leboeuf est particuli\u00e8rement fautif sur l\u2019action. C\u00f4t\u00e9 droit, le<br \/>\nd\u00e9fenseur central alors capitaine de l\u2019OM a manqu\u00e9 son intervention<br \/>\nd\u00e9fensive. Diouf a pris la poudre d\u2019escampette dans le camp<br \/>\ntricolore. Son centre a \u00e9chapp\u00e9 \u00e0 Marcel Desailly et Bouba Diop a<br \/>\nconclu en deux temps devant Fabien Barthez malgr\u00e9 le retour<br \/>\nd\u2019Emmanuel Petit. La charni\u00e8re centrale vieillissante (33 ans pour<br \/>\nDesailly, 34 pour Leboeuf) a vraiment fait peine \u00e0 voir sur ce but<br \/>\ns\u00e9n\u00e9galais. Les Bleus champions du monde 2018 ne se sont jamais<br \/>\nrelev\u00e9s de ce faux d\u00e9part. Ils ne m\u00e9ritaient probablement pas de<br \/>\nsurvivre \u00e0 la phase de groupes.<\/p>\n<\/p>\n<p>Priv\u00e9s de leur Ballon d\u2019Or 98 Zin\u00e9dine Zidane, bless\u00e9 quelques<br \/>\njours auparavant lors d\u2019un dernier match de pr\u00e9paration en Cor\u00e9e,<br \/>\nles Bleus ont but\u00e9 sur le S\u00e9n\u00e9gal du gardien de but Tony Sylva.<br \/>\nYouri Djorkaeff, install\u00e9 en num\u00e9ro 10 par Roger Lemerre (\u00e0 la<br \/>\ndemande des cadres), a \u00e9t\u00e9 trop discret, mais David Trezeguet a<br \/>\nfrapp\u00e9 le poteau avant l\u2019ouverture du score du S\u00e9n\u00e9gal et Thierry<br \/>\nHenry a eu plusieurs occasions pour \u00e9galiser ensuite. Les entr\u00e9es<br \/>\nde Christophe Dugarry et Sylvain Wiltord au fil de la seconde<br \/>\np\u00e9riode n\u2019ont pas chang\u00e9 grand-chose.<\/p>\n<p>Leboeuf \u00ab\u00a0trop show-biz, trop jet-set\u00ab\u00a0<\/p>\n<p>\u00ab Libero contest\u00e9, Frank Leboeuf fait figure de coupable<br \/>\nid\u00e9al \u00bb, a \u00e9crit Le Monde deux jours plus tard. Et<br \/>\npour cause, le successeur de Laurent Blanc en d\u00e9fense centrale<br \/>\n\u00e9tait tout particuli\u00e8rement vis\u00e9 par la presse hexagonale avant le<br \/>\nMondial est-asiatique. \u00ab Le geste d\u00e9fensif qu\u2019il ne fallait pas<br \/>\nrater, un soir de d\u00e9b\u00e2cle fran\u00e7aise. Qu\u2019importe si l\u2019erreur<br \/>\ninitiale a \u00e9t\u00e9 commise par Youri Djorkaeff, autre vieux grognard de<br \/>\n34 ans. Oubli\u00e9es les errances d\u2019un Marcel Desailly lessiv\u00e9, d\u2019un<br \/>\nLilian Thuram aux abonn\u00e9s absents. C\u2019est Frank Leboeuf qui va<br \/>\nprendre pour les autres, comme d\u2019habitude \u00bb, peut-on lire dans<br \/>\nle journal, comme pour d\u00e9fendre l\u2019ind\u00e9fendable.<\/p>\n<p>Avant la Coupe du monde, pour sa derni\u00e8re comp\u00e9tition<br \/>\ninternationale, l\u2019ancien joueur de <a href=\"https:\/\/www.football.fr\/direct-foot\/200240\/200797\/leeds-chelsea.html\" target=\"_blank\" rel=\"noopener\"><br \/>\nChelsea<\/a> avait tent\u00e9 de se d\u00e9fendre: \u00ab J\u2019ai fait des<br \/>\nerreurs, j\u2019ai trop \u00e9t\u00e9 \u00e0 fleur de peau, trop ambitieux. On m\u2019en a<br \/>\nvoulu pour \u00e7a. J\u2019ai m\u00eame frapp\u00e9 un journaliste (le journaliste<br \/>\nde L\u2019Equipe Vincent Duluc, ndlr), ce qui n\u2019a rien<br \/>\narrang\u00e9. Qu\u2019on me dise que j\u2019ai fait un mauvais match, je veux<br \/>\nbien. Mais pas que je suis trop show-biz, trop jet-set. Quand je<br \/>\nl\u00e2che 15 000 francs pour une soir\u00e9e en faveur des enfants du monde<br \/>\nentier, on devrait plut\u00f4t dire que j\u2019ai le c\u0153ur sur la main. Mais<br \/>\nmon image est faite, c\u2019est termin\u00e9\u2026 \u00bb Cela s\u2019est m\u00eame achev\u00e9<br \/>\nplus vite que ses co\u00e9quipiers puisque Leboeuf s\u2019est bless\u00e9 au bout<br \/>\nd\u2019un quart d\u2019heure lors du deuxi\u00e8me match contre l\u2019Uruguay<br \/>\n(0-0).<\/p>\n<blockquote class=\"twitter-tweet\"><p><a class=\"twitter-link\" rel=\"noindex, nofollow noopener\" href=\"https:\/\/twitter.com\/FootRankings\/status\/1997044087757688872\" target=\"_blank\"><\/p><\/blockquote>\n<p><script async src=\"https:\/\/platform.twitter.com\/widgets.js\" charset=\"utf-8\"><\/script><\/p>\n","protected":false},"excerpt":{"rendered":"Associ\u00e9 \u00e0 Marcel Desailly en charni\u00e8re centrale, Frank Leboeuf est le principal fautif sur le but du S\u00e9n\u00e9gal&hellip;\n","protected":false},"author":2,"featured_media":581791,"comment_status":"","ping_status":"","sticky":false,"template":"","format":"standard","meta":{"footnotes":""},"categories":[1410],"tags":[63,1011,27,60],"class_list":{"0":"post-581790","1":"post","2":"type-post","3":"status-publish","4":"format-standard","5":"has-post-thumbnail","7":"category-football","8":"tag-football","9":"tag-fr","10":"tag-france","11":"tag-sports"},"share_on_mastodon":{"url":"https:\/\/pubeurope.com\/@fr\/115671898939253700","error":""},"_links":{"self":[{"href":"https:\/\/www.europesays.com\/fr\/wp-json\/wp\/v2\/posts\/581790","targetHints":{"allow":["GET"]}}],"collection":[{"href":"https:\/\/www.europesays.com\/fr\/wp-json\/wp\/v2\/posts"}],"about":[{"href":"https:\/\/www.europesays.com\/fr\/wp-json\/wp\/v2\/types\/post"}],"author":[{"embeddable":true,"href":"https:\/\/www.europesays.com\/fr\/wp-json\/wp\/v2\/users\/2"}],"replies":[{"embeddable":true,"href":"https:\/\/www.europesays.com\/fr\/wp-json\/wp\/v2\/comments?post=581790"}],"version-history":[{"count":0,"href":"https:\/\/www.europesays.com\/fr\/wp-json\/wp\/v2\/posts\/581790\/revisions"}],"wp:featuredmedia":[{"embeddable":true,"href":"https:\/\/www.europesays.com\/fr\/wp-json\/wp\/v2\/media\/581791"}],"wp:attachment":[{"href":"https:\/\/www.europesays.com\/fr\/wp-json\/wp\/v2\/media?parent=581790"}],"wp:term":[{"taxonomy":"category","embeddable":true,"href":"https:\/\/www.europesays.com\/fr\/wp-json\/wp\/v2\/categories?post=581790"},{"taxonomy":"post_tag","embeddable":true,"href":"https:\/\/www.europesays.com\/fr\/wp-json\/wp\/v2\/tags?post=581790"}],"curies":[{"name":"wp","href":"https:\/\/api.w.org\/{rel}","templated":true}]}}