{"id":581792,"date":"2025-12-06T09:24:15","date_gmt":"2025-12-06T09:24:15","guid":{"rendered":"https:\/\/www.europesays.com\/fr\/581792\/"},"modified":"2025-12-06T09:24:15","modified_gmt":"2025-12-06T09:24:15","slug":"canto-due-les-enfants-vont-bien-quels-sont-les-films-a-voir-ou-pas-cette-semaine-au-cinema","status":"publish","type":"post","link":"https:\/\/www.europesays.com\/fr\/581792\/","title":{"rendered":"Canto Due\u00a0\u00bb, \u00ab\u00a0Les enfants vont bien\u00a0\u00bb&#8230; Quels sont les films \u00e0 voir (ou pas) cette semaine au cin\u00e9ma\u00a0?"},"content":{"rendered":"\n<p class=\"c-chapo \">\n  D\u00e9couvrez les critiques et les entretiens de notre s\u00e9lection des films sortis en salles le mercredi\u00a03\u00a0d\u00e9cembre.\n<\/p>\n<p>      lire plus tard<\/p>\n<p id=\"dialog__title\" class=\"dialog__title\">Pour sauvegarder cet article, connectez-vous ou cr\u00e9ez un compte franceinfo<\/p>\n<p class=\"dialog__description\">Sans paiement. Sans abonnement.<\/p>\n<p>        Fermer la fen\u00eatre d\u2019activation des notifications France Info<\/p>\n<p>      cr\u00e9er votre compte<\/p>\n<p>      se connecter<\/p>\n<p>        Fermer la fen\u00eatre de pr\u00e9sentation<\/p>\n<p>          France T\u00e9l\u00e9visions &#8211; R\u00e9daction Culture<\/p>\n<p>    Publi\u00e9 le 06\/12\/2025 06:10<\/p>\n<p>        Temps de lecture : 6min<\/p>\n<p>    <img decoding=\"async\"  alt=\"Photo du film &quot;Les enfants vont bien&quot; de Nathan Ambrosioni r\u00e9compens\u00e9 au Festival du film francophone d'Angoul\u00eame, le 30\u00a0ao\u00fbt\u00a02025, avec Camille Cottin et Monia Chokri. (MANUEL MOUTIER\u00a0\/\u00a0CHI-FOU-MI PRODUCTIONS)\" width=\"432\" height=\"243\" src=\"https:\/\/www.europesays.com\/fr\/wp-content\/uploads\/2025\/12\/les-enfantsvontbien-68b40f27a6bd2833901623.jpg\" fetchpriority=\"high\"\/><\/p>\n<p>      Photo du film \u00ab\u00a0Les enfants vont bien\u00a0\u00bb de Nathan Ambrosioni r\u00e9compens\u00e9 au Festival du film francophone d&rsquo;Angoul\u00eame, le 30\u00a0ao\u00fbt\u00a02025, avec Camille Cottin et Monia Chokri. (MANUEL MOUTIER\u00a0\/\u00a0CHI-FOU-MI PRODUCTIONS)<\/p>\n<p>Un mal de m\u00e8re partag\u00e9 par Romane Bohringer et Cl\u00e9mentine Autain, Camille Cottin dans la peau d&rsquo;une femme qui h\u00e9rite des enfants de sa s\u0153ur, Bardot de retour au cin\u00e9ma dans un documentaire, 7\u00a0jours de la vie de M\u00e8re\u00a0Teresa, la r\u00e9pression du d\u00e9sir f\u00e9minin et la violence masculine dans une fable angoissante, un biopic d\u00e9cal\u00e9 sur la romanci\u00e8re italienne auteure du livre culte L&rsquo;Art de la joie&#8230; Voici le programme des sorties du mercredi\u00a03\u00a0d\u00e9cembre. <a href=\"https:\/\/www.franceinfo.fr\/culture\/cinema\/sorties-de-films\/\" target=\"_blank\" rel=\"noopener\">Retrouvez ici toutes nos critiques cin\u00e9ma<\/a> de la semaine sur franceinfo\u00a0Culture.<\/p>\n<p>Romane Bohringer et Cl\u00e9mentine Autain confient leur mal de m\u00e8re dans \u00ab\u00a0Dites-lui que je l&rsquo;aime\u00a0\u00bb, un film bouleversant<\/p>\n<p>Romane Bohringer a elle-m\u00eame perdu sa m\u00e8re \u00e0 l&rsquo;\u00e2ge de 14\u00a0ans, mais cette femme l&rsquo;avait abandonn\u00e9e bien avant, alors qu&rsquo;elle n&rsquo;avait que 9\u00a0mois. La m\u00e8re de Cl\u00e9mentine Autain, elle, n&rsquo;a v\u00e9cu que 32\u00a0ans. Frapp\u00e9e par la g\u00e9mellit\u00e9 de leurs deux histoires, Romane Bohringer d\u00e9cide d&rsquo;adapter pour le cin\u00e9ma le livre de Cl\u00e9mentine Autain consacr\u00e9 \u00e0 sa m\u00e8re. Entre autofiction et documentaire, drame et com\u00e9die,\u00a0le\u00a0film hybride de Romane Bohringer ne ressemble \u00e0 aucun autre et a boulevers\u00e9 le public du Festival de Cannes, o\u00f9 il a \u00e9t\u00e9 projet\u00e9 en avant-premi\u00e8re.<br \/><a href=\"https:\/\/www.franceinfo.fr\/culture\/coups-de-coeur-culture\/romane-bohringer-et-clementine-autain-confient-leur-mal-de-mere-dans-dites-lui-que-je-l-aime-un-film-bouleversant_7635104.html\" target=\"_blank\" rel=\"noopener\"><strong>Lire la critique<\/strong><\/a><br \/><a href=\"https:\/\/www.franceinfo.fr\/replay-radio\/l-invite-culture-1\/romane-bohringer-je-voulais-que-ce-soit-un-film-de-lumiere_7617584.html\" target=\"_blank\" rel=\"noopener\"><strong>\u00c9couter l&rsquo;entretien avec Romane Bohringer<\/strong><\/a><br \/><strong\/><\/p>\n<p>\u00ab\u00a0Les enfants vont bien\u00a0\u00bb\u00a0: Camille Cottin h\u00e9rite des deux enfants de sa s\u0153ur dans un nouveau film poignant du jeune r\u00e9alisateur de \u00ab\u00a0Toni en famille\u00a0\u00bb<\/p>\n<p>Une autre histoire de famille et d&rsquo;abandon, avec ce troisi\u00e8me long-m\u00e9trage de Nicolas Ambrosioni qui met en sc\u00e8ne Camille Cottin et Juliette Armanet dans la peau de deux s\u0153urs, dont l&rsquo;une abandonne ses enfants \u00e0 l&rsquo;autre. Camille Cottin campe avec une gravit\u00e9 qu&rsquo;on lui conna\u00eet peu cette m\u00e8re d&rsquo;adoption. En quelques films, le jeune r\u00e9alisateur Nathan Ambrosioni a construit un univers cin\u00e9matographique reconnaissable, psychologique et social, fait d&rsquo;un m\u00e9lange de classicisme et de naturalisme, d&rsquo;une \u00e9tonnante maturit\u00e9.<br \/><strong><a href=\"https:\/\/www.franceinfo.fr\/culture\/cinema\/sorties-de-films\/les-enfants-vont-bien-camille-cottin-herite-des-deux-enfants-de-sa-s-ur-dans-un-nouveau-film-poignant-du-jeune-realisateur-de-toni-en-famille_7611293.html\" target=\"_blank\" rel=\"noopener\">Lire la critique<\/a><br \/><\/strong><\/p>\n<p>\u00ab\u00a0Mektoub My Love: Canto Due\u00a0\u00bb\u00a0: Abdellatif Kechiche revient avec un film tendre et cr\u00e9pusculaire<\/p>\n<p>Le troisi\u00e8me volet de la trilogie met en contact deux univers\u00a0: celui d&rsquo;Amin, sc\u00e9nariste en herbe, avec ses amis et sa famille propri\u00e9taire d&rsquo;un restaurant \u00e0 S\u00e8te, et celui du couple form\u00e9 par une star am\u00e9ricaine et son mari producteur, Jessica et Jack Patterson. Abdellatif Kechiche cl\u00f4t sa trilogie m\u00e9diterran\u00e9enne sur la jeunesse avec un film complexe, assez classique, sur des destins emp\u00each\u00e9s. Lumineux et m\u00e9lancolique.<br \/><strong><a href=\"https:\/\/www.franceinfo.fr\/culture\/cinema\/mektoub-my-love-canto-due-abdellatif-kechiche-revient-avec-un-film-tendre-et-crepusculaire_7643387.html\" target=\"_blank\" rel=\"noopener\">Lire la critique<\/a><\/strong><\/p>\n<p>\u00ab\u00a0Je suis n\u00e9e libre et je mourrai libre\u00a0\u00bb\u00a0: Brigitte Bardot de retour au cin\u00e9ma dans un documentaire aux accents de testament<\/p>\n<p>La star, aujourd&rsquo;hui \u00e2g\u00e9e de 91\u00a0ans, a accept\u00e9 de pr\u00eater sa voix \u00e0 ce film qui revient sur l&rsquo;ensemble de sa vie\u00a0: son enfance, sa fulgurante carri\u00e8re d&rsquo;actrice, ses amours, ses d\u00e9rapages et son combat pour le bien-\u00eatre animal. Sa voix de 2025 se m\u00e9lange \u00e0 celle de ses jeunes ann\u00e9es. La partie la plus int\u00e9ressante du film concerne la deuxi\u00e8me vie de Brigitte Bardot apr\u00e8s sa d\u00e9cision d&rsquo;arr\u00eater le cin\u00e9ma, \u00e0 l&rsquo;\u00e2ge de 39\u00a0ans.\u00a0On peut toutefois reprocher \u00e0 ce documentaire d&rsquo;\u00eatre trop hagiographique. Les deux r\u00e9alisateurs semblent si fascin\u00e9s par la com\u00e9dienne qu&rsquo;ils ne font qu&rsquo;effleurer les sujets qui f\u00e2chent, en lui donnant facilement quitus.<br \/><strong><a href=\"https:\/\/www.franceinfo.fr\/culture\/cinema\/je-suis-nee-libre-et-je-mourrai-libre-brigitte-bardot-de-retour-au-cinema-dans-un-documentaire-aux-accents-de-testament_7609475.html\" target=\"_blank\" rel=\"noopener\">Lire la critique<\/a><\/strong><\/p>\n<p>\u00ab\u00a0Que ma volont\u00e9 soit faite\u00a0\u00bb\u00a0: Julia Kowalski joue des codes horrifiques du cin\u00e9ma pour traiter le d\u00e9sir f\u00e9minin, br\u00fblant et r\u00e9prim\u00e9<\/p>\n<p>Dans ce second long-m\u00e9trage, la r\u00e9alisatrice aux origines polonaises Julia Kowalski explore la r\u00e9pression du d\u00e9sir f\u00e9minin et la violence masculine, dans une fable angoissante qui joue avec l&rsquo;horreur et le fantastique. Dans ce film que l&rsquo;on devine tr\u00e8s intime, Julia Kowalski signe un manifeste onirique pour la f\u00e9minit\u00e9 aussi mystique que pragmatique.<br \/><strong><a href=\"https:\/\/www.franceinfo.fr\/culture\/cinema\/sorties-de-films\/que-ma-volonte-soit-faite-julia-kowalski-joue-des-codes-horrifiques-du-cinema-pour-traiter-le-desir-feminin-brulant-et-reprime_7590848.html\" target=\"_blank\" rel=\"noopener\">Lire la critique<\/a><\/strong><\/p>\n<p>\u00ab\u00a0Teresa\u00a0\u00bb\u00a0: Noomi Rapace dans le portrait rock et iconoclaste de M\u00e8re\u00a0Teresa de Calcutta par la cin\u00e9aste Teona\u00a0Strugar\u00a0Mitevska<\/p>\n<p>Calcutta, 1948. M\u00e8re Teresa s&rsquo;appr\u00eate \u00e0 quitter le couvent pour fonder l&rsquo;ordre des Missionnaires de la Charit\u00e9. Entre foi, compassion et doute, elle forge la d\u00e9cision qui marquera \u00e0 jamais son destin\u00a0\u2013 et celui de milliers de vies. Teona Strugar Mitevska relate avec audace et une bande originale rock ponctu\u00e9e de belles interpr\u00e9tations de chants religieux, sept jours bouleversants de la vie de M\u00e8re\u00a0Teresa.<br \/><a href=\"https:\/\/www.franceinfo.fr\/culture\/cinema\/sorties-de-films\/teresa-noomi-rapace-dans-le-portrait-rock-et-iconoclaste-de-la-petite-s-ur-des-pauvres-par-la-cineaste-teona-strugar-mitevska_7655953.html\" target=\"_blank\" rel=\"noopener\"><strong>Lire la critique<\/strong><\/a><\/p>\n<p>Avec \u00ab\u00a0Fuori\u00a0\u00bb, Mario Martone sonde les myst\u00e8res de l&rsquo;\u00e9crivaine Goliarda Sapienza dans un film exigeant et humaniste<\/p>\n<p>Le nouveau long-m\u00e9trage du r\u00e9alisateur italien Mario Martone s&rsquo;int\u00e9resse \u00e0 l&rsquo;\u00e9crivaine Goliarda Sapienza, dont le livre\u00a0L&rsquo;Art de la joie\u00a0a \u00e9t\u00e9 publi\u00e9 pour la premi\u00e8re fois en Allemagne et en France (2005, Viviane Hamy) plusieurs ann\u00e9es apr\u00e8s sa mort. Loin d&rsquo;un biopic classique, cette \u00e9vocation en forme de balade sans but brosse, \u00e0 coups de petites touches, une peinture impressionniste de la personnalit\u00e9 complexe de cette \u00e9crivaine au destin singulier. Une \u00e9vocation qui parvient \u00e0 saisir les racines d&rsquo;une \u0153uvre en s&rsquo;int\u00e9ressant \u00e0 un moment cl\u00e9 de la vie de son auteure.<br \/><strong><a href=\"https:\/\/www.franceinfo.fr\/culture\/cinema\/sorties-de-films\/avec-fuori-mario-martone-sonde-les-mysteres-de-l-ecrivaine-goliarda-sapienza-dans-un-film-exigeant-et-humaniste_7636820.html\" target=\"_blank\" rel=\"noopener\">Lire la critique<\/a><\/strong><\/p>\n","protected":false},"excerpt":{"rendered":"D\u00e9couvrez les critiques et les entretiens de notre s\u00e9lection des films sortis en salles le mercredi\u00a03\u00a0d\u00e9cembre. lire plus&hellip;\n","protected":false},"author":2,"featured_media":581793,"comment_status":"","ping_status":"","sticky":false,"template":"","format":"standard","meta":{"footnotes":""},"categories":[1359],"tags":[58,59,1011,27,973],"class_list":{"0":"post-581792","1":"post","2":"type-post","3":"status-publish","4":"format-standard","5":"has-post-thumbnail","7":"category-people","8":"tag-divertissement","9":"tag-entertainment","10":"tag-fr","11":"tag-france","12":"tag-people"},"share_on_mastodon":{"url":"https:\/\/pubeurope.com\/@fr\/115671903506002634","error":""},"_links":{"self":[{"href":"https:\/\/www.europesays.com\/fr\/wp-json\/wp\/v2\/posts\/581792","targetHints":{"allow":["GET"]}}],"collection":[{"href":"https:\/\/www.europesays.com\/fr\/wp-json\/wp\/v2\/posts"}],"about":[{"href":"https:\/\/www.europesays.com\/fr\/wp-json\/wp\/v2\/types\/post"}],"author":[{"embeddable":true,"href":"https:\/\/www.europesays.com\/fr\/wp-json\/wp\/v2\/users\/2"}],"replies":[{"embeddable":true,"href":"https:\/\/www.europesays.com\/fr\/wp-json\/wp\/v2\/comments?post=581792"}],"version-history":[{"count":0,"href":"https:\/\/www.europesays.com\/fr\/wp-json\/wp\/v2\/posts\/581792\/revisions"}],"wp:featuredmedia":[{"embeddable":true,"href":"https:\/\/www.europesays.com\/fr\/wp-json\/wp\/v2\/media\/581793"}],"wp:attachment":[{"href":"https:\/\/www.europesays.com\/fr\/wp-json\/wp\/v2\/media?parent=581792"}],"wp:term":[{"taxonomy":"category","embeddable":true,"href":"https:\/\/www.europesays.com\/fr\/wp-json\/wp\/v2\/categories?post=581792"},{"taxonomy":"post_tag","embeddable":true,"href":"https:\/\/www.europesays.com\/fr\/wp-json\/wp\/v2\/tags?post=581792"}],"curies":[{"name":"wp","href":"https:\/\/api.w.org\/{rel}","templated":true}]}}