{"id":581794,"date":"2025-12-06T09:25:13","date_gmt":"2025-12-06T09:25:13","guid":{"rendered":"https:\/\/www.europesays.com\/fr\/581794\/"},"modified":"2025-12-06T09:25:13","modified_gmt":"2025-12-06T09:25:13","slug":"montauban-maurice-cuquel-a-la-galerie-du-fort","status":"publish","type":"post","link":"https:\/\/www.europesays.com\/fr\/581794\/","title":{"rendered":"Montauban. Maurice Cuquel \u00e0 la Galerie du Fort"},"content":{"rendered":"<p>Le photographe Maurice Cuquel expose jusqu\u2019au 3 janvier \u00ab\u00a0Un Chant de Garonne\u00a0\u00bb \u00e0 la R\u00e9sidence du Fort. Franchissez le porche, traversez une vaste cour int\u00e9rieure, admirez la fa\u00e7ade de briques roses et glissez-vous dans la galerie\u2026 \u00c0 deux pas du brouhaha de la ville, des couleurs de saison et des sollicitations diverses, vous pouvez passer un moment en compagnie de Dame Garonne.<\/p>\n<p>Photographies argentiques noir et blanc, l\u00e9gendes informatives et belles phrases du philosophe Michel Serres. C\u2019est une proposition d\u2019attaque, aussi une r\u00e9action au contraste entre le calme de la galerie et la fr\u00e9n\u00e9sie urbaine\u2026 Maurice Cuquel est un photographe dont le travail s\u2019est longtemps nourri de voyages en terres boulevers\u00e9es. La Casamance, Cuba, la Birmanie, le Sahara occidental, le Cambodge, l\u2019Iran, les Balkans et tant d\u2019autres sont pass\u00e9s sous l\u2019objectif et l\u2019\u0153il de cet observateur du monde. Le travail photographique de Maurice Cuquel nous invite ici \u00e0 suivre les m\u00e9andres de Garonne, une ode \u00e0 la nature, aux gens de rivi\u00e8re et au grand fleuve du Sud-Ouest.<\/p>\n<p>Galerie du Fort, 5 rue du Fort \u00e0 Montauban. Ouvert du lundi au vendredi de 8 heures \u00e0 18 heures, le samedi de 11 heures \u00e0 18 heures, ferm\u00e9 le dimanche.<\/p>\n","protected":false},"excerpt":{"rendered":"Le photographe Maurice Cuquel expose jusqu\u2019au 3 janvier \u00ab\u00a0Un Chant de Garonne\u00a0\u00bb \u00e0 la R\u00e9sidence du Fort. Franchissez&hellip;\n","protected":false},"author":2,"featured_media":581795,"comment_status":"","ping_status":"","sticky":false,"template":"","format":"standard","meta":{"footnotes":""},"categories":[1358],"tags":[1348,1384,1385,872,1386,58,59,1349,1011,27,19054,36586],"class_list":{"0":"post-581794","1":"post","2":"type-post","3":"status-publish","4":"format-standard","5":"has-post-thumbnail","7":"category-arts-et-design","8":"tag-arts","9":"tag-arts-and-design","10":"tag-arts-et-design","11":"tag-culture-et-loisirs","12":"tag-design","13":"tag-divertissement","14":"tag-entertainment","15":"tag-expositions","16":"tag-fr","17":"tag-france","18":"tag-montauban","19":"tag-tarn-et-garonne"},"share_on_mastodon":{"url":"https:\/\/pubeurope.com\/@fr\/115671906604153934","error":""},"_links":{"self":[{"href":"https:\/\/www.europesays.com\/fr\/wp-json\/wp\/v2\/posts\/581794","targetHints":{"allow":["GET"]}}],"collection":[{"href":"https:\/\/www.europesays.com\/fr\/wp-json\/wp\/v2\/posts"}],"about":[{"href":"https:\/\/www.europesays.com\/fr\/wp-json\/wp\/v2\/types\/post"}],"author":[{"embeddable":true,"href":"https:\/\/www.europesays.com\/fr\/wp-json\/wp\/v2\/users\/2"}],"replies":[{"embeddable":true,"href":"https:\/\/www.europesays.com\/fr\/wp-json\/wp\/v2\/comments?post=581794"}],"version-history":[{"count":0,"href":"https:\/\/www.europesays.com\/fr\/wp-json\/wp\/v2\/posts\/581794\/revisions"}],"wp:featuredmedia":[{"embeddable":true,"href":"https:\/\/www.europesays.com\/fr\/wp-json\/wp\/v2\/media\/581795"}],"wp:attachment":[{"href":"https:\/\/www.europesays.com\/fr\/wp-json\/wp\/v2\/media?parent=581794"}],"wp:term":[{"taxonomy":"category","embeddable":true,"href":"https:\/\/www.europesays.com\/fr\/wp-json\/wp\/v2\/categories?post=581794"},{"taxonomy":"post_tag","embeddable":true,"href":"https:\/\/www.europesays.com\/fr\/wp-json\/wp\/v2\/tags?post=581794"}],"curies":[{"name":"wp","href":"https:\/\/api.w.org\/{rel}","templated":true}]}}