{"id":581796,"date":"2025-12-06T09:27:12","date_gmt":"2025-12-06T09:27:12","guid":{"rendered":"https:\/\/www.europesays.com\/fr\/581796\/"},"modified":"2025-12-06T09:27:12","modified_gmt":"2025-12-06T09:27:12","slug":"audiences-access-en-format-reduit-le-19-45-signe-une-contre-performance-sur-m6-un-si-grand-soleil-au-plus-bas-de-la-saison","status":"publish","type":"post","link":"https:\/\/www.europesays.com\/fr\/581796\/","title":{"rendered":"Audiences access : En format r\u00e9duit, le \u00ab\u00a019.45\u00a0\u00bb signe une contre-performance sur M6, \u00ab\u00a0Un si grand soleil\u00a0\u00bb au plus bas de la saison"},"content":{"rendered":"<p>La suite apr\u00e8s la publicit\u00e9<\/p>\n<p>Les JT<\/p>\n<p>Le \u00ab\u00a020 Heures\u00a0\u00bb de TF1 \u2013 Anne-Claire Coudray (19h58-20h40) : <strong>4,70 millions (26,2%)\u00a0<\/strong><\/p>\n<p>Le \u00ab\u00a020 Heures\u00a0\u00bb de France 2 \u2013 Laurent Delahousse (19h58-20h36) :<strong> 3,37 millions (18,8%)\u00a0<\/strong><br \/>\u00ab\u00a020h30 le vendredi\u00a0\u00bb (France 2) : <strong>3,27 millions (17,8%)\u00a0\u00a0<\/strong><\/p>\n<p>Le \u00ab\u00a019.45\u00a0\u00bb de M6 &#8211; Ashley Chevalier (20h14-20h25) :<strong> 1,11 million (6,2%)\u00a0\u00a0<\/strong><\/p>\n<p>Sur TF1, Anne-Claire Coudray gagne 100.000 t\u00e9l\u00e9spectateurs et 0,2 point alors que sur France 2, Laurent Delahousse perd 110.000 t\u00e9l\u00e9spectateurs et 0,9 point.<br \/>Le \u00ab\u00a019.45\u00a0\u00bb, r\u00e9duit \u00e0 une dizaine de minutes, s&rsquo;effondre (-4,9 points) et signe une contre-performance sur M6.<br \/>\u00a0<\/p>\n<p>Les talks<\/p>\n<p>\u00ab\u00a0C \u00e0 vous, la suite\u00a0\u00bb (France 5 \/ 20h50-21h03) :\u00a0<strong>1,07 million (5,8%)\u00a0<\/strong><br \/>\u00ab\u00a0C \u00e0 vous, la suite\u00a0\u00bb &#8211; 1\u00e8re partie (France 5 \/ 20h03-20h50) :\u00a0<strong>654.000 (3,6%)<\/strong><\/p>\n<p>\u00ab\u00a028 minutes\u00a0\u00bb (Arte \/ 20h05) :<strong> 727.000 (4,0%)<\/strong><\/p>\n<p>\u00ab\u00a0<a href=\"https:\/\/www.ozap.com\/actu\/cyril-hanouna-descend-du-ciel-un-plateau-tout-rose-chroniqueurs-sur-tapis-rouge-revivez-le-lancement-de-tout-beau-tout-n9uf-sur-w9\/651416\" target=\"_blank\" rel=\"noopener\">Tout beau, tout n9uf <\/a>Week-end\u00a0\u00bb (W9 \/ 21h02-21h16) : <strong>1,50 million (7,9%)\u00a0\u00a0<\/strong><br \/>\u00ab\u00a0Tout beau, tout n9uf Week-end\u00a0\u00bb &#8211; 2\u00e8me partie (W9 \/ 20h10-21h02) : <strong>1,10 million (6,1%)\u00a0\u00a0<\/strong><\/p>\n<p>\u00ab\u00a0<a href=\"https:\/\/www.ozap.com\/actu\/l-arcom-epingle-quotidien-de-yann-barthes-sur-tmc-apres-la-diffusion-sans-autorisation-d-un-enfant-mineur-et-de-propos-moqueurs\/651235\" target=\"_blank\" rel=\"noopener\">Quotidien <\/a>Week-end\u00a0\u00bb (TMC \/ 21h05-21h18) : <strong>1,59 million (8,3%)\u00a0<\/strong><br \/>\u00ab\u00a0Quotidien Week-end\u00a0\u00bb \u2013 2\u00e8me partie (TMC \/ 20h10-21h05) :\u00a0<strong>1,02 million (5,6%)<\/strong><br \/>\u00a0<br \/><a href=\"https:\/\/www.ozap.com\/actu\/audiences-pre-access-quel-score-pour-le-tirage-au-sort-de-la-coupe-du-monde-de-football-2026-diffuse-hier-sur-m6\/652685\" target=\"_blank\" rel=\"noopener\">Comme en pr\u00e9-access<\/a>, Mohamed Bouhafsi est en baisse sur France \u00a05 : -0,5 point pour \u00ab\u00a0C \u00e0 vous, la suite\u00a0\u00bb &#8211; 1\u00e8re partie et -0,6 point pour \u00ab\u00a0C \u00e0 vous, la suite\u00a0\u00bb.<br \/>Cyril Hanouna confirme \u00e9galement sa dynamique \u00e0 la baisse avec \u00ab\u00a0Tout beau, tout n9uf Week-end\u00a0\u00bb &#8211; 2\u00e8me partie (-0,2 point) et \u00ab\u00a0Tout beau, tout n9uf Week-end\u00a0\u00bb (-0,6 point) mais reste \u00e0 un haut niveau. Selon W9, \u00ab\u00a0TBT9\u00a0\u00bb \u00e9tait le talk le plus suivi cette semaine avec une moyenne d&rsquo;1, 7 million de t\u00e9l\u00e9spectateurs (9% de PDA) sur la derni\u00e8re partie.<br \/>Sur TMC, \u00ab\u00a0Quotidien Week-end\u00a0\u00bb \u2013 2\u00e8me partie (+0,3 point) et \u00ab\u00a0Quotidien Week-end\u00a0\u00bb (+1, 0point) signent des scores en nette hausse.<\/p>\n<p>Les magazines<\/p>\n<p>\u00ab\u00a0Tout le sport\u00a0\u00bb (France 3 \/ 19h50) :<strong> 787.000 (4,5%)<\/strong><\/p>\n<p>\u00ab\u00a0Top Mecanic\u00a0\u00bb (RMC D\u00e9couverte \/ 20h05) :\u00a0<strong>453.000 (2,5%) \u00a0<\/strong><\/p>\n<p>\u00ab\u00a0Top Mecanic\u00a0\u00bb est en grande forme sur RMC D\u00e9couverte avec un gain de 0,6 point en une semaine.\u00a0<\/p>\n<p>Les feuilletons<\/p>\n<p>\u00ab\u00a0Un si grand soleil\u00a0\u00bb (France 3 \/ 20h40) : <strong>1,87 millions (10,1%)\u00a0<\/strong><\/p>\n<p>\u00ab\u00a0<a href=\"https:\/\/www.ozap.com\/actu\/audiences-access-le-retour-de-scenes-de-menages-fait-bondir-laccess-de-m6-de-113-sur-une-semaine\/651313\" target=\"_blank\" rel=\"noopener\">Sc\u00e8nes de m\u00e9nages<\/a>\u00a0\u00bb (M6 \/ 20h42-21h02) : <strong>1,81 million (9,8%)\u00a0\u00a0<\/strong><\/p>\n<p>\u00ab\u00a0Plus belle la vie, encore plus belle\u00a0\u00bb (TF1 S\u00e9ries Films \/ 20h36-21h03) : <strong>262.000 (1,4%)<\/strong><\/p>\n<p>Sur France 3, \u00ab\u00a0Un si grand soleil\u00a0\u00bb, en nette baisse sur une semaine (-140.000 fans et -1,2 point), signe son pire score de la saison sur les deux indicateurs et attire 2,7% des FRDA-50.<br \/>\u00ab\u00a0Sc\u00e8nes de m\u00e9nages\u00a0\u00bb est en baisse versus vendredi dernier : -140.000 t\u00e9l\u00e9spectateurs et -0,9 point et signe un faible score aupr\u00e8s des FRDA (7,7%).<br \/>La rediffusion de \u00ab\u00a0Plus belle la vie, encore plus belle\u00a0\u00bb sur TF1 S\u00e9ries Films est en baisse (-0,4 point) et capte 2,2% des FRDA.<\/p>\n<p>L&rsquo;\u00e9mission de t\u00e9l\u00e9-r\u00e9alit\u00e9<\/p>\n<p>\u00ab\u00a0La bataille : la mal\u00e9diction de l&rsquo;\u00eele\u00a0\u00bb (TFX \/20h) :\u00a0<strong>217.000 (1,2%)<\/strong><\/p>\n<p>Sur TFX, \u00ab\u00a0La bataille : la mal\u00e9diction de l&rsquo;\u00eele\u00a0\u00bb est stable et attire 2,2% des 25-49 ans et 4,2% des FRDA-50.<\/p>\n<p>Chiffres M\u00e9diam\u00e9trie<\/p>\n","protected":false},"excerpt":{"rendered":"La suite apr\u00e8s la publicit\u00e9 Les JT Le \u00ab\u00a020 Heures\u00a0\u00bb de TF1 \u2013 Anne-Claire Coudray (19h58-20h40) : 4,70&hellip;\n","protected":false},"author":2,"featured_media":581797,"comment_status":"","ping_status":"","sticky":false,"template":"","format":"standard","meta":{"footnotes":""},"categories":[1356],"tags":[58,59,1011,27,252,1364],"class_list":{"0":"post-581796","1":"post","2":"type-post","3":"status-publish","4":"format-standard","5":"has-post-thumbnail","7":"category-television","8":"tag-divertissement","9":"tag-entertainment","10":"tag-fr","11":"tag-france","12":"tag-television","13":"tag-tv"},"share_on_mastodon":{"url":"https:\/\/pubeurope.com\/@fr\/115671914612846140","error":""},"_links":{"self":[{"href":"https:\/\/www.europesays.com\/fr\/wp-json\/wp\/v2\/posts\/581796","targetHints":{"allow":["GET"]}}],"collection":[{"href":"https:\/\/www.europesays.com\/fr\/wp-json\/wp\/v2\/posts"}],"about":[{"href":"https:\/\/www.europesays.com\/fr\/wp-json\/wp\/v2\/types\/post"}],"author":[{"embeddable":true,"href":"https:\/\/www.europesays.com\/fr\/wp-json\/wp\/v2\/users\/2"}],"replies":[{"embeddable":true,"href":"https:\/\/www.europesays.com\/fr\/wp-json\/wp\/v2\/comments?post=581796"}],"version-history":[{"count":0,"href":"https:\/\/www.europesays.com\/fr\/wp-json\/wp\/v2\/posts\/581796\/revisions"}],"wp:featuredmedia":[{"embeddable":true,"href":"https:\/\/www.europesays.com\/fr\/wp-json\/wp\/v2\/media\/581797"}],"wp:attachment":[{"href":"https:\/\/www.europesays.com\/fr\/wp-json\/wp\/v2\/media?parent=581796"}],"wp:term":[{"taxonomy":"category","embeddable":true,"href":"https:\/\/www.europesays.com\/fr\/wp-json\/wp\/v2\/categories?post=581796"},{"taxonomy":"post_tag","embeddable":true,"href":"https:\/\/www.europesays.com\/fr\/wp-json\/wp\/v2\/tags?post=581796"}],"curies":[{"name":"wp","href":"https:\/\/api.w.org\/{rel}","templated":true}]}}