{"id":581798,"date":"2025-12-06T09:28:10","date_gmt":"2025-12-06T09:28:10","guid":{"rendered":"https:\/\/www.europesays.com\/fr\/581798\/"},"modified":"2025-12-06T09:28:10","modified_gmt":"2025-12-06T09:28:10","slug":"sa-maison-de-reve-dans-le-sud","status":"publish","type":"post","link":"https:\/\/www.europesays.com\/fr\/581798\/","title":{"rendered":"sa maison de r\u00eave dans le Sud"},"content":{"rendered":"<p>Jean-Louis Aubert est un artiste tr\u00e8s appr\u00e9ci\u00e9 du public<br \/>\nfran\u00e7ais. Ses nombreux albums continuent d\u00a0\u00bb\u00eatre tr\u00e8s \u00e9cout\u00e9s, mais<br \/>\npeu connaissent la vie priv\u00e9e du chanteur. D&rsquo;apr\u00e8s un article de<br \/>\nPurepeople, il poss\u00e8de une maison situ\u00e9e dans le sud de la<br \/>\nFrance, en bord de mer.<\/p>\n<p>Jean-Louis Aubert avait besoin de changer d&rsquo;air apr\u00e8s une<br \/>\nlourde op\u00e9ration<\/p>\n<p><strong>Aujourd&rsquo;hui \u00e2g\u00e9 de 70 ans<\/strong>, Jean-Louis Aubert<br \/>\nreste encore tr\u00e8s actif. Apr\u00e8s la fin du groupe T\u00e9l\u00e9phone,<br \/>\nil a poursuivi une carri\u00e8re solo, connaissant une grande r\u00e9ussite.<br \/>\nIl esp\u00e8re d&rsquo;ailleurs remonter sur sc\u00e8ne prochainement, malgr\u00e9<br \/>\n<a href=\"https:\/\/www.lejournaldelamaison.fr\/le-journal-de-la-maison\/reportages-maisons\/maisons-reportages-maisons\/eddy-mitchell-maison-paris-476555.html\" target=\"_blank\" rel=\"noopener\"><br \/>\nquelques soucis de sant\u00e9<\/a>. En effet, il \u00e9voquait r\u00e9cemment sur<br \/>\n<strong>le plateau de Quelle \u00e9poque !<\/strong> son \u00e9tat de<br \/>\nsant\u00e9.<\/p>\n<p>Il y a cinq ans, le chanteur a subi <strong>une op\u00e9ration assez<br \/>\nlourde<\/strong>. Durant sa convalescence, il souhaitait changer<br \/>\nd&rsquo;air et se rapprocher de la mer. En passant devant une agence<br \/>\nimmobili\u00e8re, il d\u00e9cide de demander conseil \u00e0 l&#8217;employ\u00e9 : \u00ab\u00a0On me<br \/>\ndemande ce que je cherche, je dis que je voudrais\u00a0une maison<br \/>\navec un chemin qui descend dans la mer. Il me dit : &lsquo;<strong>\u00c7a<br \/>\nn&rsquo;existe pas en France, monsieur<\/strong>, c&rsquo;est fini\u00a0\u00bb.<\/p>\n<p>Une petite cabane au bord de la mer<\/p>\n<p><strong>Quelques mois apr\u00e8s cet \u00e9change<\/strong>, l&rsquo;agence<br \/>\nimmobili\u00e8re revient vers le chanteur pour lui annoncer une bonne<br \/>\nnouvelle. \u00ab\u00a0Et il me rappelle huit mois apr\u00e8s pour me dire : &lsquo;On<br \/>\na trouv\u00e9 une cabane avec un chemin qui descend dans la mer.&rsquo; La<br \/>\ncabane me pla\u00eet. Il y a un rocher en bas sur lequel je vais<br \/>\nm&rsquo;asseoir et j&rsquo;\u00e9cris &lsquo;Merveille&rsquo; <strong>et la chanson donne la<br \/>\nmaison<\/strong>\u00ab\u00a0, confie-t-il.<\/p>\n<p>Cette maison, Jean-Louis Aubert la d\u00e9crit dans un entretien<br \/>\naccord\u00e9 \u00e0 Notre Temps. Et le moins que l&rsquo;on puisse dire,<br \/>\n<a href=\"https:\/\/www.lejournaldelamaison.fr\/le-journal-de-la-maison\/reportages-maisons\/francoise-laborde-maison-gers-504043.html\" target=\"_blank\" rel=\"noopener\"><br \/>\n<strong>c&rsquo;est qu&rsquo;elle est atypique<\/strong><\/a>. Il s&rsquo;agit d&rsquo;une<br \/>\npetite maison, poss\u00e9dant donc un chemin qui descend vers la mer.<br \/>\nC&rsquo;est un v\u00e9ritable refuge, qui permet \u00e0 l&rsquo;artiste de se ressourcer,<br \/>\nmais aussi <strong>de retrouver l&rsquo;inspiration<\/strong>.<\/p>\n<blockquote class=\"instagram-media\" style=\"background: #ffffff;border: 0;margin: 1px;width: 100%;padding: 0;max-width: 500px;\" data-instgrm-permalink=\"https:\/\/www.instagram.com\/p\/DRPnPTcDedJ\/?hl=fr\" data-instgrm-version=\"14\"\/><p>\nJean-Louis Aubert poss\u00e8de aussi un<br \/>\nmoulin en Eure-et-Loir<\/p>\n<p>Cette maison de bord de mer n&rsquo;est pas la seule propri\u00e9t\u00e9 de<br \/>\nJean-Louis Aubert. <strong>Pour s&rsquo;\u00e9vader loin de Paris<\/strong>, il<br \/>\na \u00e9galement acquis <a href=\"https:\/\/www.lejournaldelamaison.fr\/le-journal-de-la-maison\/reportages-maisons\/maisons-campagne\/jean-louis-aubert-lieu-don-ciel-son-moulin-situe-eure-loir-chartres-charme-rustique-525280.html\" target=\"_blank\" rel=\"noopener\"><br \/>\nun moulin en Eure-et-Loir<\/a>, pr\u00e8s de Chartres. Ce lieu charg\u00e9<br \/>\nd&rsquo;histoire a tout de suite charm\u00e9 le chanteur. \u00ab\u00a0Le propri\u00e9taire<br \/>\n\u00e9tait orphelin adopt\u00e9 par un aristocrate sans enfant, et il r\u00eavait<br \/>\nque sa maison <strong>soit reprise par un artiste<\/strong>, qu&rsquo;elle<br \/>\ninspire quelqu&rsquo;un\u00a0\u00bb, expliquait-il \u00e0 Gala en septembre<br \/>\n2024.<\/p>\n<p>Jean-Louis Aubert semble donc avoir trouv\u00e9 <strong>l&rsquo;\u00e9quilibre<br \/>\nparfait entre mer et campagne<\/strong>. Il n&rsquo;avait probablement<br \/>\njamais imagin\u00e9 acqu\u00e9rir de tels biens, notamment sa cabane offrant<br \/>\n<a href=\"https:\/\/www.lejournaldelamaison.fr\/le-journal-de-la-maison\/reportages-maisons\/maisons-bord-de-mer\/alain-souchon-mer-calme-petite-maison-trinite-sur-mer-grande-cheminee-521828.html\" target=\"_blank\" rel=\"noopener\"><br \/>\nun acc\u00e8s direct \u00e0 la mer<\/a>. \u00c0 force de patience et d&rsquo;un peu de<br \/>\nchance, il aura finalement trouv\u00e9 <strong>ce qui lui convenait<br \/>\nparfaitement<\/strong>.<\/p>\n<p><script async src=\"\/\/www.instagram.com\/embed.js\"><\/script><\/p>\n","protected":false},"excerpt":{"rendered":"Jean-Louis Aubert est un artiste tr\u00e8s appr\u00e9ci\u00e9 du public fran\u00e7ais. Ses nombreux albums continuent d\u00a0\u00bb\u00eatre tr\u00e8s \u00e9cout\u00e9s, mais&hellip;\n","protected":false},"author":2,"featured_media":581799,"comment_status":"","ping_status":"","sticky":false,"template":"","format":"standard","meta":{"footnotes":""},"categories":[1355],"tags":[930,13041,6891,10435,3396,12776,20837,1446,1805,69567,58,59,1011,27,69568,52295,13392,4743,151,17260,2142,6127,1361,873,3583,15300,10649,15298,7053,13586,9066,96],"class_list":{"0":"post-581798","1":"post","2":"type-post","3":"status-publish","4":"format-standard","5":"has-post-thumbnail","7":"category-musique","8":"tag-le","9":"tag-a","10":"tag-agents","11":"tag-aubert","12":"tag-avec","13":"tag-cabane","14":"tag-chemin","15":"tag-dans","16":"tag-de","17":"tag-descend","18":"tag-divertissement","19":"tag-entertainment","20":"tag-fr","21":"tag-france","22":"tag-immobiliers","23":"tag-impossible","24":"tag-jean","25":"tag-la","26":"tag-les","27":"tag-louis","28":"tag-maison","29":"tag-mer","30":"tag-music","31":"tag-musique","32":"tag-qui","33":"tag-reve","34":"tag-sa","35":"tag-selon","36":"tag-sud","37":"tag-trouver","38":"tag-un","39":"tag-une"},"share_on_mastodon":{"url":"https:\/\/pubeurope.com\/@fr\/115671918796618745","error":""},"_links":{"self":[{"href":"https:\/\/www.europesays.com\/fr\/wp-json\/wp\/v2\/posts\/581798","targetHints":{"allow":["GET"]}}],"collection":[{"href":"https:\/\/www.europesays.com\/fr\/wp-json\/wp\/v2\/posts"}],"about":[{"href":"https:\/\/www.europesays.com\/fr\/wp-json\/wp\/v2\/types\/post"}],"author":[{"embeddable":true,"href":"https:\/\/www.europesays.com\/fr\/wp-json\/wp\/v2\/users\/2"}],"replies":[{"embeddable":true,"href":"https:\/\/www.europesays.com\/fr\/wp-json\/wp\/v2\/comments?post=581798"}],"version-history":[{"count":0,"href":"https:\/\/www.europesays.com\/fr\/wp-json\/wp\/v2\/posts\/581798\/revisions"}],"wp:featuredmedia":[{"embeddable":true,"href":"https:\/\/www.europesays.com\/fr\/wp-json\/wp\/v2\/media\/581799"}],"wp:attachment":[{"href":"https:\/\/www.europesays.com\/fr\/wp-json\/wp\/v2\/media?parent=581798"}],"wp:term":[{"taxonomy":"category","embeddable":true,"href":"https:\/\/www.europesays.com\/fr\/wp-json\/wp\/v2\/categories?post=581798"},{"taxonomy":"post_tag","embeddable":true,"href":"https:\/\/www.europesays.com\/fr\/wp-json\/wp\/v2\/tags?post=581798"}],"curies":[{"name":"wp","href":"https:\/\/api.w.org\/{rel}","templated":true}]}}