{"id":581804,"date":"2025-12-06T09:31:20","date_gmt":"2025-12-06T09:31:20","guid":{"rendered":"https:\/\/www.europesays.com\/fr\/581804\/"},"modified":"2025-12-06T09:31:20","modified_gmt":"2025-12-06T09:31:20","slug":"psg-stade-rennais-les-3-raisons-du-malaise-kvaratskhelia","status":"publish","type":"post","link":"https:\/\/www.europesays.com\/fr\/581804\/","title":{"rendered":"PSG &#8211; Stade Rennais : les 3 raisons du malaise Kvaratskhelia"},"content":{"rendered":"<p><strong>Depuis le d\u00e9but de la saison, Khvicha Kvaratskhelia est tr\u00e8s loin de son meilleur niveau. Cela s\u2019explique par une forme de d\u00e9compression apr\u00e8s ses six premiers mois tr\u00e8s r\u00e9ussis et par un changement d\u2019aile.<\/strong><\/p>\n<p>Ce samedi soir, le <a href=\"https:\/\/www.butfootballclub.fr\/1632850-psg-mercato-bouaddi-prolonge-et-devoile-ses-grandes-ambitions-avec-le-losc\/\" target=\"_blank\" rel=\"noopener\">PSG<\/a> a l\u2019opportunit\u00e9 de reprendre la t\u00eate du championnat, \u00e0 condition que le RC Lens fasse un faux pas \u00e0 Nantes plus t\u00f4t dans l\u2019apr\u00e8s-midi. Pour cela, il lui faudra au moins faire match nul au Parc des Princes avec le Stade Rennais. Rien d\u2019insurmontable, m\u00eame si les Bretons restent sur quatre victoires d\u2019affil\u00e9e apr\u00e8s un d\u00e9but de saison tr\u00e8s compliqu\u00e9. Pour cette rencontre, Luis Enrique devrait titulariser Khvicha Kvaratskhelia, m\u00eame si le G\u00e9orgien est loin d\u2019\u00eatre aussi flamboyant que lors de son premier semestre dans la capitale, entre janvier et juin. L\u2019Equipe a cherch\u00e9 des explications \u00e0 cette baisse de r\u00e9gime et en a trouv\u00e9 trois.<\/p>\n<p>Il avait d\u00e9j\u00e0 connu une grosse d\u00e9compression apr\u00e8s le Scudetto \u00e0 Naples<\/p>\n<p>La premi\u00e8re, c\u2019est que l\u2019ailier est coutumier des phases de d\u00e9compression apr\u00e8s les titres. St\u00e9phane Jobard, adjoint de Rudi Garcia lors de leur passage \u00e0 Naples en 2023-24, explique qu\u2019apr\u00e8s le Scudetto de 2023, Khvicha Kvaratskhelia avait connu une grosse baisse de r\u00e9gime lors de l\u2019exercice suivant, comme gris\u00e9 par le succ\u00e8s. Pour Jobard, le G\u00e9orgien reste un jeune joueur (25 ans), qui doit encore apprendre la r\u00e9gularit\u00e9, notamment dans le victoire.<\/p>\n<p>Autre explication avanc\u00e9e par L\u2019Equipe : son changement d\u2019aile r\u00e9current. Khvicha Kvaratskhelia aime jouer \u00e0 gauche mais, depuis le d\u00e9but de la saison, en raison des nombreuses blessures, il a \u00e9volu\u00e9 une fois sur deux \u00e0 droite pour laisser son couloir \u00e0 Bradley Barcola. Il y est moins beaucoup moins \u00e0 l\u2019aise. Enfin, derni\u00e8re explication, il a \u00e9t\u00e9 touch\u00e9 \u00e0 une cuisse fin septembre. Mais, bonne nouvelle, le staff parisien assure que ses donn\u00e9es physiques sont \u00e0 la hausse, ce qui laisse \u00e0 penser que le <a href=\"https:\/\/www.butfootballclub.fr\/1632746-psg-mercato-le-fc-barcelone-officialise-une-signature-luis-enrique-setrangle\/\" target=\"_blank\" rel=\"noopener\">PSG<\/a> devrait bient\u00f4t pouvoir b\u00e9n\u00e9ficier d\u2019un Khvicha Kvaratskhelia au top !<\/p>\n","protected":false},"excerpt":{"rendered":"Depuis le d\u00e9but de la saison, Khvicha Kvaratskhelia est tr\u00e8s loin de son meilleur niveau. Cela s\u2019explique par&hellip;\n","protected":false},"author":2,"featured_media":581805,"comment_status":"","ping_status":"","sticky":false,"template":"","format":"standard","meta":{"footnotes":""},"categories":[9],"tags":[11,448,63,1011,27,66,3388,12,60,10662],"class_list":{"0":"post-581804","1":"post","2":"type-post","3":"status-publish","4":"format-standard","5":"has-post-thumbnail","7":"category-sports","8":"tag-actualites","9":"tag-champions-league","10":"tag-football","11":"tag-fr","12":"tag-france","13":"tag-ligue-1","14":"tag-matchs","15":"tag-news","16":"tag-sports","17":"tag-transferts"},"share_on_mastodon":{"url":"https:\/\/pubeurope.com\/@fr\/115671930525232407","error":""},"_links":{"self":[{"href":"https:\/\/www.europesays.com\/fr\/wp-json\/wp\/v2\/posts\/581804","targetHints":{"allow":["GET"]}}],"collection":[{"href":"https:\/\/www.europesays.com\/fr\/wp-json\/wp\/v2\/posts"}],"about":[{"href":"https:\/\/www.europesays.com\/fr\/wp-json\/wp\/v2\/types\/post"}],"author":[{"embeddable":true,"href":"https:\/\/www.europesays.com\/fr\/wp-json\/wp\/v2\/users\/2"}],"replies":[{"embeddable":true,"href":"https:\/\/www.europesays.com\/fr\/wp-json\/wp\/v2\/comments?post=581804"}],"version-history":[{"count":0,"href":"https:\/\/www.europesays.com\/fr\/wp-json\/wp\/v2\/posts\/581804\/revisions"}],"wp:featuredmedia":[{"embeddable":true,"href":"https:\/\/www.europesays.com\/fr\/wp-json\/wp\/v2\/media\/581805"}],"wp:attachment":[{"href":"https:\/\/www.europesays.com\/fr\/wp-json\/wp\/v2\/media?parent=581804"}],"wp:term":[{"taxonomy":"category","embeddable":true,"href":"https:\/\/www.europesays.com\/fr\/wp-json\/wp\/v2\/categories?post=581804"},{"taxonomy":"post_tag","embeddable":true,"href":"https:\/\/www.europesays.com\/fr\/wp-json\/wp\/v2\/tags?post=581804"}],"curies":[{"name":"wp","href":"https:\/\/api.w.org\/{rel}","templated":true}]}}