{"id":581808,"date":"2025-12-06T09:33:11","date_gmt":"2025-12-06T09:33:11","guid":{"rendered":"https:\/\/www.europesays.com\/fr\/581808\/"},"modified":"2025-12-06T09:33:11","modified_gmt":"2025-12-06T09:33:11","slug":"voyager-plus-depenser-moins-les-francais-ont-trouve-la-methode","status":"publish","type":"post","link":"https:\/\/www.europesays.com\/fr\/581808\/","title":{"rendered":"Voyager plus, d\u00e9penser moins : les Fran\u00e7ais ont trouv\u00e9 la m\u00e9thode"},"content":{"rendered":"<p data-start=\"490\" data-end=\"876\">Voyager aujourd\u2019hui ne rime plus forc\u00e9ment avec long s\u00e9jour ni grands moyens.<br data-start=\"567\" data-end=\"570\"\/>De plus en plus de Fran\u00e7ais privil\u00e9gient <strong>les courts s\u00e9jours en ville<\/strong>, pratiques, abordables et faciles \u00e0 organiser. Selon une \u00e9tude exclusive men\u00e9e par Norstat pour <a href=\"https:\/\/www.easyhotel.com\/fr\" target=\"_blank\" rel=\"noopener\">easyHotel<\/a>, <strong>cette nouvelle fa\u00e7on de voyager s\u00e9duit toutes les g\u00e9n\u00e9rations<\/strong>. Et surtout, elle s\u2019installe durablement dans les habitudes.<\/p>\n<p data-start=\"878\" data-end=\"955\">En clair : <strong>on part plus souvent, pour moins longtemps.<\/strong> Et \u00e7a change tout.<\/p>\n<p> Le city-break devient une norme<\/p>\n<p data-start=\"1007\" data-end=\"1345\">Selon l\u2019enqu\u00eate, <strong>100 % des personnes interrog\u00e9es ont r\u00e9alis\u00e9 au moins un court s\u00e9jour en ville au cours des deux derni\u00e8res ann\u00e9es.<\/strong><br data-start=\"1141\" data-end=\"1144\"\/>Ce format s\u00e9duit par sa souplesse : pas besoin de poser une semaine de cong\u00e9s ni de partir loin. Deux ou trois nuits suffisent pour s\u2019\u00e9vader, d\u00e9couvrir une ville, et revenir sans fatigue ni stress.<\/p>\n<p data-start=\"1347\" data-end=\"1591\">Les motivations sont claires : <strong>facilit\u00e9 d\u2019organisation en t\u00eate<\/strong>, suivie par le <strong>prix<\/strong>, puis par l\u2019envie de <strong>partir plus souvent dans l\u2019ann\u00e9e<\/strong>.<br data-start=\"1496\" data-end=\"1499\"\/>On mise sur des moments simples, mais r\u00e9guliers, plut\u00f4t que sur un seul grand voyage annuel.<\/p>\n<p> Un choix \u00e9conomique\u2026 et strat\u00e9gique<\/p>\n<p data-start=\"1638\" data-end=\"1937\">Contrairement \u00e0 ce que l\u2019on pourrait croire, voyager fr\u00e9quemment ne co\u00fbte pas plus cher. L\u2019\u00e9tude r\u00e9v\u00e8le que <strong>56 % des Fran\u00e7ais consacrent moins de 150 euros \u00e0 l\u2019h\u00e9bergement pour deux nuits.<\/strong><br data-start=\"1830\" data-end=\"1833\"\/>Ce nouveau rapport au voyage repose sur une logique simple : moins d\u2019extravagance, plus de bon sens.<\/p>\n<p data-start=\"1939\" data-end=\"2214\">L\u2019id\u00e9e n\u2019est plus de viser le luxe, mais le confort essentiel : une chambre bien situ\u00e9e, calme, avec une bonne literie, \u00e0 un prix accessible.<br data-start=\"2084\" data-end=\"2087\"\/>Un h\u00e9bergement fonctionnel qui laisse de la marge pour profiter du reste du s\u00e9jour : visites, restaurants, sorties culturelles.<\/p>\n<p> Une envie marqu\u00e9e de red\u00e9couvrir la France<\/p>\n<p data-start=\"2268\" data-end=\"2737\">Autre tendance forte : <strong>les Fran\u00e7ais voyagent en priorit\u00e9\u2026 en France.<\/strong><br data-start=\"2340\" data-end=\"2343\"\/>Les courts s\u00e9jours dans l\u2019Hexagone sont <strong>trois fois plus nombreux que ceux dans le reste de l\u2019Europe<\/strong>, avec une diff\u00e9rence d\u00e9passant les 200 %.<br data-start=\"2488\" data-end=\"2491\"\/>Paris reste la destination la plus choisie, mais Lyon, Bordeaux, Nice ou Marseille attirent aussi de plus en plus de visiteurs.<br data-start=\"2626\" data-end=\"2629\"\/>Le besoin de proximit\u00e9, combin\u00e9 \u00e0 l\u2019envie de red\u00e9couvrir les villes du territoire, explique ce recentrage.<\/p>\n<p data-start=\"2739\" data-end=\"2903\">Et pour \u00e9viter la foule, <strong>le printemps et l\u2019automne sont les p\u00e9riodes les plus appr\u00e9ci\u00e9es<\/strong> : climat agr\u00e9able, moindre affluence, conditions id\u00e9ales pour profiter.<\/p>\n<p>easyHotel, un acteur align\u00e9 avec ces nouvelles habitudes<\/p>\n<p data-start=\"2971\" data-end=\"3416\">Ce changement d\u2019habitudes s\u2019inscrit parfaitement dans la strat\u00e9gie d\u2019easyHotel.<br data-start=\"3050\" data-end=\"3053\"\/>Fond\u00e9e en 2004, cette cha\u00eene h\u00f4teli\u00e8re \u00e9conomique mise sur <strong>des \u00e9tablissements sobres, bien situ\u00e9s et \u00e0 faible empreinte carbone.<\/strong><br data-start=\"3185\" data-end=\"3188\"\/>Elle exploite aujourd\u2019hui <strong>pr\u00e8s de 50 h\u00f4tels en Europe<\/strong>, pour un total d\u2019environ 4 700 chambres.<\/p>\n<p data-start=\"3418\" data-end=\"3776\">En France, easyHotel est d\u00e9j\u00e0 pr\u00e9sente \u00e0 <strong>Marseille, Nice et dans la r\u00e9gion parisienne<\/strong>, et compte bien renforcer sa pr\u00e9sence dans les prochaines ann\u00e9es.<br data-start=\"3573\" data-end=\"3576\"\/><strong>L\u2019Espagne, le Portugal et la France<\/strong> figurent parmi les priorit\u00e9s d\u2019expansion du groupe, qui entend r\u00e9pondre \u00e0 une demande croissante pour <strong>des s\u00e9jours pratiques, accessibles, et bien localis\u00e9s.<\/strong><\/p>\n<p data-start=\"3778\" data-end=\"3950\">Leur approche est claire : <strong>rendre le city-trip plus simple, plus accessible et sans superflu<\/strong>. Comme l\u2019explique Daniel Thompson, directeur marketing de la marque :<\/p>\n<blockquote data-start=\"3951\" data-end=\"4122\">\n<p data-start=\"3953\" data-end=\"4122\">\u00ab Les escapades citadines refl\u00e8tent une \u00e9volution vers des s\u00e9jours plus courts et plus fr\u00e9quents, qui privil\u00e9gient la flexibilit\u00e9 et la gestion intelligente du budget. \u00bb<\/p>\n<\/blockquote>\n<p> Une tendance appel\u00e9e \u00e0 durer<\/p>\n<p data-start=\"4162\" data-end=\"4502\">Ce que cette \u00e9tude confirme, c\u2019est une \u00e9volution de fond. Les Fran\u00e7ais n\u2019abandonnent pas le voyage, bien au contraire.<br data-start=\"4280\" data-end=\"4283\"\/>Ils <strong>le repensent, l\u2019ajustent, le rendent plus fr\u00e9quent et plus adapt\u00e9 \u00e0 leur rythme de vie.<\/strong><br data-start=\"4378\" data-end=\"4381\"\/>Les s\u00e9jours courts en ville permettent de s\u2019\u00e9vader sans contrainte, de d\u00e9couvrir sans fatigue, et de profiter sans exc\u00e8s.<\/p>\n<p data-start=\"4504\" data-end=\"4722\">Et dans ce paysage, <strong>easyHotel occupe une place coh\u00e9rente<\/strong>, en proposant une offre qui correspond \u00e0 cette envie de <strong>voyager plus souvent, plus simplement, \u00e0 moindre co\u00fbt, mais sans faire l\u2019impasse sur le confort.<\/strong><\/p>\n","protected":false},"excerpt":{"rendered":"Voyager aujourd\u2019hui ne rime plus forc\u00e9ment avec long s\u00e9jour ni grands moyens.De plus en plus de Fran\u00e7ais privil\u00e9gient&hellip;\n","protected":false},"author":2,"featured_media":581809,"comment_status":"","ping_status":"","sticky":false,"template":"","format":"standard","meta":{"footnotes":""},"categories":[7],"tags":[69571,3727,1011,27,56,35933,43,40,41,39,42,44,602,586],"class_list":{"0":"post-581808","1":"post","2":"type-post","3":"status-publish","4":"format-standard","5":"has-post-thumbnail","7":"category-sciences-et-technologies","8":"tag-conseils-voyageurs","9":"tag-evasion","10":"tag-fr","11":"tag-france","12":"tag-push","13":"tag-rs","14":"tag-science","15":"tag-science-and-technology","16":"tag-sciences","17":"tag-sciences-et-technologies","18":"tag-technologies","19":"tag-technology","20":"tag-tourisme","21":"tag-voyage"},"share_on_mastodon":{"url":"https:\/\/pubeurope.com\/@fr\/115671938117497125","error":""},"_links":{"self":[{"href":"https:\/\/www.europesays.com\/fr\/wp-json\/wp\/v2\/posts\/581808","targetHints":{"allow":["GET"]}}],"collection":[{"href":"https:\/\/www.europesays.com\/fr\/wp-json\/wp\/v2\/posts"}],"about":[{"href":"https:\/\/www.europesays.com\/fr\/wp-json\/wp\/v2\/types\/post"}],"author":[{"embeddable":true,"href":"https:\/\/www.europesays.com\/fr\/wp-json\/wp\/v2\/users\/2"}],"replies":[{"embeddable":true,"href":"https:\/\/www.europesays.com\/fr\/wp-json\/wp\/v2\/comments?post=581808"}],"version-history":[{"count":0,"href":"https:\/\/www.europesays.com\/fr\/wp-json\/wp\/v2\/posts\/581808\/revisions"}],"wp:featuredmedia":[{"embeddable":true,"href":"https:\/\/www.europesays.com\/fr\/wp-json\/wp\/v2\/media\/581809"}],"wp:attachment":[{"href":"https:\/\/www.europesays.com\/fr\/wp-json\/wp\/v2\/media?parent=581808"}],"wp:term":[{"taxonomy":"category","embeddable":true,"href":"https:\/\/www.europesays.com\/fr\/wp-json\/wp\/v2\/categories?post=581808"},{"taxonomy":"post_tag","embeddable":true,"href":"https:\/\/www.europesays.com\/fr\/wp-json\/wp\/v2\/tags?post=581808"}],"curies":[{"name":"wp","href":"https:\/\/api.w.org\/{rel}","templated":true}]}}