{"id":581828,"date":"2025-12-06T09:44:14","date_gmt":"2025-12-06T09:44:14","guid":{"rendered":"https:\/\/www.europesays.com\/fr\/581828\/"},"modified":"2025-12-06T09:44:14","modified_gmt":"2025-12-06T09:44:14","slug":"course-poursuite-a-montpellier-un-chauffard-gardois-interpelle-avec-1-kg-de-resine-de-cannabis-et-des-comptes-bancaires-suspects","status":"publish","type":"post","link":"https:\/\/www.europesays.com\/fr\/581828\/","title":{"rendered":"Course-poursuite \u00e0 Montpellier\u00a0: un chauffard gardois interpell\u00e9 avec 1\u00a0kg de r\u00e9sine de cannabis et des comptes bancaires suspects"},"content":{"rendered":"<p>\n                                                                \u00c0 Montpellier, une course-poursuite a conduit mercredi soir \u00e0 l\u2019interpellation d\u2019un homme de 27 ans apr\u00e8s sa fuite lors d\u2019un contr\u00f4le routier. Les policiers ont d\u00e9couvert pr\u00e8s d\u2019un kilo de r\u00e9sine de cannabis, d\u2019une valeur estim\u00e9e \u00e0 5\u00a0000\u00a0\u00e0 6\u00a0000\u00a0\u20ac, ainsi que 20\u00a0000\u00a0\u00e0 30\u00a0000\u00a0\u20ac sur ses comptes. D\u00e9f\u00e9r\u00e9 au parquet, il doit \u00eatre jug\u00e9 en comparution imm\u00e9diate lundi 8\u00a0d\u00e9cembre.\n                            <\/p>\n<p>Mercredi 3\u00a0d\u00e9cembre, vers 22\u00a0h\u00a040, une intervention somme toute classique a pris une tout autre tournure dans les rues de Montpellier. Alors qu\u2019ils effectuent des contr\u00f4les de routine aux abords du rond-point du Grand M, les policiers du groupe de s\u00e9curit\u00e9 de proximit\u00e9 (GSP) rep\u00e8rent un v\u00e9hicule commettant une infraction au code de la route. Ils d\u00e9cident de l\u2019intercepter.<\/p>\n<p>Mais apr\u00e8s avoir fait mine d\u2019obtemp\u00e9rer, le conducteur prend soudain la fuite. S\u2019ensuit une course-poursuite d\u2019une dizaine de minutes. Feux rouges grill\u00e9s, vitesse excessive, mises en danger d\u2019autrui, v\u00e9hicule percut\u00e9 en stationnement\u2026 Le chauffard multiplie les infractions avant d\u2019\u00eatre finalement accul\u00e9 dans une impasse. Il tente alors de s\u2019\u00e9chapper \u00e0 pied mais les policiers parviennent \u00e0 l\u2019interpeller.<\/p>\n<p>Valeur marchande entre 5\u00a0000\u00a0et 6\u00a0000\u00a0euros<\/p>\n<p>C\u2019est \u00e0 l\u2019ouverture du v\u00e9hicule que l\u2019affaire prend une autre dimension. Dans l\u2019habitacle, les agents d\u00e9couvrent dix savonnettes de r\u00e9sine de cannabis, pour un poids total avoisinant le kilo. Valeur marchande estim\u00e9e\u00a0: 5\u00a0000\u00a0\u00e0 6\u00a0000\u00a0\u20ac. L\u2019homme, un Gardois de 27 ans domicili\u00e9 \u00e0 Bagnols-sur-C\u00e8ze, est plac\u00e9 en garde \u00e0 vue.<\/p>\n<p>Face aux enqu\u00eateurs, il ne r\u00e9v\u00e8le ni son point de chute \u00e0 Montpellier, ni l\u2019origine du produit. Si la perquisition men\u00e9e \u00e0 son domicile ne donne rien, les investigations financi\u00e8res, elles, attirent l\u2019attention des policiers qui retrouvent entre 20\u00a0000\u00a0et 30\u00a0000\u00a0\u20ac sur ses comptes alors que son seul revenu d\u00e9clar\u00e9 est le RSA.<\/p>\n<p>L\u2019int\u00e9ress\u00e9 assure qu\u2019il s\u2019agit de simples \u00e9conomies et nie toute implication dans un trafic, expliquant avoir seulement transport\u00e9 la drogue \u00ab\u00a0pour rendre service\u00a0\u00bb. D\u00e9f\u00e9r\u00e9 ce vendredi 5\u00a0d\u00e9cembre au parquet de Montpellier, il devrait \u00eatre jug\u00e9 en comparution imm\u00e9diate lundi.<\/p>\n","protected":false},"excerpt":{"rendered":"\u00c0 Montpellier, une course-poursuite a conduit mercredi soir \u00e0 l\u2019interpellation d\u2019un homme de 27 ans apr\u00e8s sa fuite&hellip;\n","protected":false},"author":2,"featured_media":581829,"comment_status":"","ping_status":"","sticky":false,"template":"","format":"standard","meta":{"footnotes":""},"categories":[9599],"tags":[1111,11,1777,674,118,1011,27,7089,2208,12,2680,25],"class_list":{"0":"post-581828","1":"post","2":"type-post","3":"status-publish","4":"format-standard","5":"has-post-thumbnail","7":"category-montpellier","8":"tag-actu","9":"tag-actualites","10":"tag-eu","11":"tag-europe","12":"tag-faits-divers","13":"tag-fr","14":"tag-france","15":"tag-herault","16":"tag-montpellier","17":"tag-news","18":"tag-occitanie","19":"tag-republique-francaise"},"share_on_mastodon":{"url":"https:\/\/pubeurope.com\/@fr\/115671981465671729","error":""},"_links":{"self":[{"href":"https:\/\/www.europesays.com\/fr\/wp-json\/wp\/v2\/posts\/581828","targetHints":{"allow":["GET"]}}],"collection":[{"href":"https:\/\/www.europesays.com\/fr\/wp-json\/wp\/v2\/posts"}],"about":[{"href":"https:\/\/www.europesays.com\/fr\/wp-json\/wp\/v2\/types\/post"}],"author":[{"embeddable":true,"href":"https:\/\/www.europesays.com\/fr\/wp-json\/wp\/v2\/users\/2"}],"replies":[{"embeddable":true,"href":"https:\/\/www.europesays.com\/fr\/wp-json\/wp\/v2\/comments?post=581828"}],"version-history":[{"count":0,"href":"https:\/\/www.europesays.com\/fr\/wp-json\/wp\/v2\/posts\/581828\/revisions"}],"wp:featuredmedia":[{"embeddable":true,"href":"https:\/\/www.europesays.com\/fr\/wp-json\/wp\/v2\/media\/581829"}],"wp:attachment":[{"href":"https:\/\/www.europesays.com\/fr\/wp-json\/wp\/v2\/media?parent=581828"}],"wp:term":[{"taxonomy":"category","embeddable":true,"href":"https:\/\/www.europesays.com\/fr\/wp-json\/wp\/v2\/categories?post=581828"},{"taxonomy":"post_tag","embeddable":true,"href":"https:\/\/www.europesays.com\/fr\/wp-json\/wp\/v2\/tags?post=581828"}],"curies":[{"name":"wp","href":"https:\/\/api.w.org\/{rel}","templated":true}]}}