{"id":581830,"date":"2025-12-06T09:45:19","date_gmt":"2025-12-06T09:45:19","guid":{"rendered":"https:\/\/www.europesays.com\/fr\/581830\/"},"modified":"2025-12-06T09:45:19","modified_gmt":"2025-12-06T09:45:19","slug":"une-pizzeria-cible-dun-incendie-criminel-pres-de-montpellier-la-gendarmerie-enquete","status":"publish","type":"post","link":"https:\/\/www.europesays.com\/fr\/581830\/","title":{"rendered":"Une pizz\u00e9ria cible d&rsquo;un incendie criminel pr\u00e8s de Montpellier : la gendarmerie enqu\u00eate"},"content":{"rendered":"<p>                    Par<br \/>\n        <strong><br \/>\n            <a href=\"https:\/\/actu.fr\/auteur\/jm-aubert\" title=\"Consulter tous les articles de Jean-Marc Aubert\" target=\"_blank\" rel=\"noopener\">Jean-Marc Aubert<\/a><br \/>\n                    <\/strong><\/p>\n<p>        Publi\u00e9 le<\/p>\n<p>            6 d\u00e9c. 2025 \u00e0 10h28        <\/p>\n<p>Une <strong>pizz\u00e9ria<\/strong> a \u00e9t\u00e9 victime d\u2019un <strong>incendie criminel<\/strong>, ce vendredi 5 d\u00e9cembre 2025, \u00e0 l\u2019aube, dans la commune de<strong> Vailhauqu\u00e8s, <\/strong>\u00e0 quelques\u00a0kilom\u00e8tres \u00e0 l\u2019ouest de Montpellier.Les <strong>gendarmes<\/strong> enqu\u00eatent.<\/p>\n<p class=\" wall-content\">C\u2019est l\u2019exploitant de ce commerce qui a d\u00e9couvert le d\u00e9but d\u2019incendie vers 5h30, en apercevant de la fum\u00e9e. Il a r\u00e9ussi \u00e0 \u00e9teindre les flammes avant l\u2019arriv\u00e9e des sapeurs-pompiers du <strong>Sdis34<\/strong> venus de Montpellier, \u00e9vitant ainsi toute propagation \u00e0 la pizz\u00e9ria, mais \u00e9galement aux deux boutiques mitoyennes.\u00a0<\/p>\n<p>    <a href=\"https:\/\/www.google.com\/maps\/embed?pb=!1m18!1m12!1m3!1d2179.6331295866803!2d3.7202068953165006!3d43.66838008243207!2m3!1f0!2f0!3f0!3m2!1i1024!2i768!4f13.1!3m3!1m2!1s0x12b15495e4e8ff23%3A0x7fab8bd83d0e87ea!2sChem.%20du%20Mas%20Castel%2C%2034570%20Vailhauqu%C3%A8s!5e0!3m2!1sfr!2sfr!4v1765005877919!5m2!1sfr!2sfr\" title=\"Ouvrie le lien\" target=\"_blank\" rel=\"noopener\">Cliquez ici pour visualiser le contenu<\/a><\/p>\n<p class=\" wall-content\">La porte d\u2019entr\u00e9e a \u00e9t\u00e9 fractur\u00e9e en milieu de nuit, ce qui atteste que l\u2019origine de cet incendie est volontaire. Le ou les incendiaires ont-ils r\u00e9pandu un produit inflammable ou ont-ils jet\u00e9 un cocktail Molotov ? Et pour quel mobile ? Myst\u00e8re.<\/p>\n<p class=\" wall-content\">Appuy\u00e9s par les techniciens scientifiques de la <strong>cellule d\u2019identification criminelle<\/strong> -Cic- du groupement de gendarmerie de l\u2019H\u00e9rault qui ont pr\u00e9lev\u00e9 divers indices sur place, les enqu\u00eateurs de la brigade de recherches de la compagnie de Castelnau-le-Lez et de la brigade territoriale autonome -Bta- de Saint-G\u00e9ly-du-Fesc m\u00e8nent des investigations sous l\u2019autorit\u00e9 du procureur de la R\u00e9publique de Montpellier, notamment pour savoir si le g\u00e9rant de cette pizz\u00e9ria avait un ou des ennemis susceptibles de se venger, s\u2019il avait \u00e9t\u00e9 menac\u00e9 ou rackett\u00e9 r\u00e9cemment.<\/p>\n<p class=\" wall-content\">Personnalisez votre actualit\u00e9 en ajoutant vos villes et m\u00e9dias en favori avec <a href=\"https:\/\/moncompte.actu.fr\" title=\"D\u00e9couvez Mon Actu\" rel=\"nofollow noopener\" data-trk=\"{&quot;cta&quot;:{&quot;action&quot;:&quot;https:\\\/\\\/moncompte.actu.fr&quot;,&quot;category&quot;:&quot;mon compte&quot;,&quot;from&quot;:&quot;article footer&quot;,&quot;name&quot;:&quot;Mon actu&quot;,&quot;type&quot;:&quot;cta&quot;}}\" target=\"_blank\">Mon Actu<\/a>.<\/p>\n","protected":false},"excerpt":{"rendered":"Par Jean-Marc Aubert Publi\u00e9 le 6 d\u00e9c. 2025 \u00e0 10h28 Une pizz\u00e9ria a \u00e9t\u00e9 victime d\u2019un incendie criminel,&hellip;\n","protected":false},"author":2,"featured_media":581831,"comment_status":"","ping_status":"","sticky":false,"template":"","format":"standard","meta":{"footnotes":""},"categories":[9599],"tags":[1111,11,1777,674,118,1011,27,3381,1310,2208,12,2680,1311,25],"class_list":{"0":"post-581830","1":"post","2":"type-post","3":"status-publish","4":"format-standard","5":"has-post-thumbnail","7":"category-montpellier","8":"tag-actu","9":"tag-actualites","10":"tag-eu","11":"tag-europe","12":"tag-faits-divers","13":"tag-fr","14":"tag-france","15":"tag-gendarmerie","16":"tag-incendie","17":"tag-montpellier","18":"tag-news","19":"tag-occitanie","20":"tag-pompiers","21":"tag-republique-francaise"},"share_on_mastodon":{"url":"https:\/\/pubeurope.com\/@fr\/115671985357290716","error":""},"_links":{"self":[{"href":"https:\/\/www.europesays.com\/fr\/wp-json\/wp\/v2\/posts\/581830","targetHints":{"allow":["GET"]}}],"collection":[{"href":"https:\/\/www.europesays.com\/fr\/wp-json\/wp\/v2\/posts"}],"about":[{"href":"https:\/\/www.europesays.com\/fr\/wp-json\/wp\/v2\/types\/post"}],"author":[{"embeddable":true,"href":"https:\/\/www.europesays.com\/fr\/wp-json\/wp\/v2\/users\/2"}],"replies":[{"embeddable":true,"href":"https:\/\/www.europesays.com\/fr\/wp-json\/wp\/v2\/comments?post=581830"}],"version-history":[{"count":0,"href":"https:\/\/www.europesays.com\/fr\/wp-json\/wp\/v2\/posts\/581830\/revisions"}],"wp:featuredmedia":[{"embeddable":true,"href":"https:\/\/www.europesays.com\/fr\/wp-json\/wp\/v2\/media\/581831"}],"wp:attachment":[{"href":"https:\/\/www.europesays.com\/fr\/wp-json\/wp\/v2\/media?parent=581830"}],"wp:term":[{"taxonomy":"category","embeddable":true,"href":"https:\/\/www.europesays.com\/fr\/wp-json\/wp\/v2\/categories?post=581830"},{"taxonomy":"post_tag","embeddable":true,"href":"https:\/\/www.europesays.com\/fr\/wp-json\/wp\/v2\/tags?post=581830"}],"curies":[{"name":"wp","href":"https:\/\/api.w.org\/{rel}","templated":true}]}}