{"id":581836,"date":"2025-12-06T09:48:56","date_gmt":"2025-12-06T09:48:56","guid":{"rendered":"https:\/\/www.europesays.com\/fr\/581836\/"},"modified":"2025-12-06T09:48:56","modified_gmt":"2025-12-06T09:48:56","slug":"grenoble-cette-femme-fait-une-bien-mauvaise-rencontre-le-faux-pompier-la-detrousse","status":"publish","type":"post","link":"https:\/\/www.europesays.com\/fr\/581836\/","title":{"rendered":"Grenoble. Cette femme fait une bien mauvaise rencontre, le faux pompier la d\u00e9trousse"},"content":{"rendered":"<p>                    Par<br \/>\n        <strong><br \/>\n            <a href=\"https:\/\/actu.fr\/auteur\/julien-sournies\" title=\"Consulter tous les articles de Julien Sournies\" target=\"_blank\" rel=\"noopener\">Julien Sournies<\/a><br \/>\n                    <\/strong><\/p>\n<p>        Publi\u00e9 le<\/p>\n<p>            4 d\u00e9c. 2025 \u00e0 10h59        <\/p>\n<p>Il n\u2019a eu aucun scrupule. Aux alentours de 17h30 ce mercredi 3\u00a0d\u00e9cembre, une femme de 96\u00a0ans a \u00e9t\u00e9 <strong>agress\u00e9e \u00e0 son domicile<\/strong>, situ\u00e9 avenue Rhin et Danube \u00e0 <a href=\"https:\/\/actu.fr\/auvergne-rhone-alpes\/grenoble_38185\" target=\"_blank\" rel=\"noopener\">Grenoble<\/a> (<a href=\"https:\/\/actu.fr\/auvergne-rhone-alpes\/isere_38\" target=\"_blank\" rel=\"noopener\">Is\u00e8re<\/a>), par un individu <strong>pr\u00e9tendant \u00eatre un sapeur-pompier<\/strong>.<\/p>\n<p class=\" wall-content\">Selon les informations transmises par la Direction interd\u00e9partementale de la police nationale (DIPN), le faux soldat du feu a r\u00e9ussi \u00e0 lui faire ouvrir sa porte, pr\u00e9textant une \u00e9vacuation des lieux \u00e0 la suite d\u2019un <strong>d\u00e9part de feu<\/strong> survenu dans les caves de l\u2019immeuble.<\/p>\n<p>Une enqu\u00eate ouverte<\/p>\n<p class=\" wall-content\">Apr\u00e8s avoir arrach\u00e9 trois bagues et deux gourmettes qu\u2019elle portait sur elle, l\u2019individu s\u2019est \u00e9galement introduit dans son appartement pour lui d\u00e9rober de <strong>nombreux bijoux<\/strong> avant de prendre la fuite.<\/p>\n<p>    <a href=\"https:\/\/www.google.com\/maps\/embed?pb=!1m18!1m12!1m3!1d2017.9336054200257!2d5.7025029747759!3d45.17383185276786!2m3!1f0!2f0!3f0!3m2!1i1024!2i768!4f13.1!3m3!1m2!1s0x478af35e56bd05c1%3A0x1039e4e40b061165!2sAv.%20Rhin%20et%20Danube%2C%2038100%20Grenoble!5e1!3m2!1sfr!2sfr!4v1764841129928!5m2!1sfr!2sfr\" title=\"Ouvrie le lien\" target=\"_blank\" rel=\"noopener\">Cliquez ici pour visualiser le contenu<\/a><\/p>\n<p class=\" wall-content\">Malgr\u00e9 la brutalit\u00e9, la victime n\u2019a pas \u00e9t\u00e9 bless\u00e9e, pr\u00e9cisent les forces de l\u2019ordre.<\/p>\n<p class=\" wall-content\">Une<strong> enqu\u00eate de police a \u00e9t\u00e9 ouverte<\/strong> par la police pour vol avec et violences par ruse.<\/p>\n<p class=\" wall-content\">Personnalisez votre actualit\u00e9 en ajoutant vos villes et m\u00e9dias en favori avec <a href=\"https:\/\/moncompte.actu.fr\" title=\"D\u00e9couvez Mon Actu\" rel=\"nofollow noopener\" data-trk=\"{&quot;cta&quot;:{&quot;action&quot;:&quot;https:\\\/\\\/moncompte.actu.fr&quot;,&quot;category&quot;:&quot;mon compte&quot;,&quot;from&quot;:&quot;article footer&quot;,&quot;name&quot;:&quot;Mon actu&quot;,&quot;type&quot;:&quot;cta&quot;}}\" target=\"_blank\">Mon Actu<\/a>.<\/p>\n","protected":false},"excerpt":{"rendered":"Par Julien Sournies Publi\u00e9 le 4 d\u00e9c. 2025 \u00e0 10h59 Il n\u2019a eu aucun scrupule. Aux alentours de&hellip;\n","protected":false},"author":2,"featured_media":581837,"comment_status":"","ping_status":"","sticky":false,"template":"","format":"standard","meta":{"footnotes":""},"categories":[9566],"tags":[1111,11,2430,1777,674,118,1011,27,2731,2825,12,1072,1311,25],"class_list":{"0":"post-581836","1":"post","2":"type-post","3":"status-publish","4":"format-standard","5":"has-post-thumbnail","7":"category-grenoble","8":"tag-actu","9":"tag-actualites","10":"tag-auvergne-rhone-alpes","11":"tag-eu","12":"tag-europe","13":"tag-faits-divers","14":"tag-fr","15":"tag-france","16":"tag-grenoble","17":"tag-insecurite","18":"tag-news","19":"tag-police","20":"tag-pompiers","21":"tag-republique-francaise"},"share_on_mastodon":{"url":"https:\/\/pubeurope.com\/@fr\/115672000916411478","error":""},"_links":{"self":[{"href":"https:\/\/www.europesays.com\/fr\/wp-json\/wp\/v2\/posts\/581836","targetHints":{"allow":["GET"]}}],"collection":[{"href":"https:\/\/www.europesays.com\/fr\/wp-json\/wp\/v2\/posts"}],"about":[{"href":"https:\/\/www.europesays.com\/fr\/wp-json\/wp\/v2\/types\/post"}],"author":[{"embeddable":true,"href":"https:\/\/www.europesays.com\/fr\/wp-json\/wp\/v2\/users\/2"}],"replies":[{"embeddable":true,"href":"https:\/\/www.europesays.com\/fr\/wp-json\/wp\/v2\/comments?post=581836"}],"version-history":[{"count":0,"href":"https:\/\/www.europesays.com\/fr\/wp-json\/wp\/v2\/posts\/581836\/revisions"}],"wp:featuredmedia":[{"embeddable":true,"href":"https:\/\/www.europesays.com\/fr\/wp-json\/wp\/v2\/media\/581837"}],"wp:attachment":[{"href":"https:\/\/www.europesays.com\/fr\/wp-json\/wp\/v2\/media?parent=581836"}],"wp:term":[{"taxonomy":"category","embeddable":true,"href":"https:\/\/www.europesays.com\/fr\/wp-json\/wp\/v2\/categories?post=581836"},{"taxonomy":"post_tag","embeddable":true,"href":"https:\/\/www.europesays.com\/fr\/wp-json\/wp\/v2\/tags?post=581836"}],"curies":[{"name":"wp","href":"https:\/\/api.w.org\/{rel}","templated":true}]}}