{"id":581838,"date":"2025-12-06T09:50:18","date_gmt":"2025-12-06T09:50:18","guid":{"rendered":"https:\/\/www.europesays.com\/fr\/581838\/"},"modified":"2025-12-06T09:50:18","modified_gmt":"2025-12-06T09:50:18","slug":"calendrier-du-week-end-des-equipes-de-lassociation-6-7-decembre","status":"publish","type":"post","link":"https:\/\/www.europesays.com\/fr\/581838\/","title":{"rendered":"Calendrier du week-end des \u00e9quipes de l\u2019Association (6\/7 d\u00e9cembre)"},"content":{"rendered":"<p>D\u00e9couvrez le programme complet des \u00e9quipes de l\u2019Association pour ce week-end du <strong data-start=\"284\" data-end=\"303\">6 et 7 d\u00e9cembre<\/strong>.<\/p>\n<p><strong>Photo<\/strong> : Julien Diaf\u00e9ria<\/p>\n<p><strong data-start=\"314\" data-end=\"338\">SAMEDI 6 D\u00c9CEMBRE<\/strong><br \/>\n<strong data-start=\"344\" data-end=\"360\">Groupe \u00c9lite<\/strong><\/p>\n<p><strong data-start=\"363\" data-end=\"399\">FC Vaulx-en-Velin \u2013 GF38 (18h00)<\/strong><br data-start=\"399\" data-end=\"402\"\/>Stade F. Jomard, Vaulx-en-Velin<\/p>\n<p><strong data-start=\"441\" data-end=\"453\">U18F (1)<\/strong><\/p>\n<p><strong data-start=\"456\" data-end=\"494\">GF38 \u2013 Chassieu D\u00e9cines FC (16h00)<\/strong><br data-start=\"494\" data-end=\"497\"\/>Stade Argouges, Grenoble<\/p>\n<p><strong data-start=\"529\" data-end=\"541\">U18F (2)<\/strong><\/p>\n<p><strong data-start=\"544\" data-end=\"573\">Crolles FC \u2013 GF38 (16h00)<\/strong><br data-start=\"573\" data-end=\"576\"\/>Stade de la Dent, Crolles<\/p>\n<p><strong data-start=\"609\" data-end=\"619\">U18 R1<\/strong><\/p>\n<p><strong data-start=\"622\" data-end=\"656\">GF38 \u2013 AS Saint-Priest (17h30)<\/strong><br data-start=\"656\" data-end=\"659\"\/>Stade Vercors, Grenoble<\/p>\n<p><strong data-start=\"690\" data-end=\"706\">U17 National<\/strong><\/p>\n<p><strong data-start=\"709\" data-end=\"746\">GF38 \u2013 SC Aubagne Air Bel (14h30)<\/strong><br data-start=\"746\" data-end=\"749\"\/>Stade Vercors, Grenoble<\/p>\n<p><strong data-start=\"780\" data-end=\"792\">U15F \u00e0 8<\/strong><\/p>\n<p><strong data-start=\"795\" data-end=\"827\">FC \u00c9chirolles \u2013 GF38 (10h00)<\/strong><br data-start=\"827\" data-end=\"830\"\/>Stade P. Picasso, \u00c9chirolles<\/p>\n<p><strong data-start=\"866\" data-end=\"876\">U14 R1<\/strong><\/p>\n<p><strong data-start=\"879\" data-end=\"903\">RF 42 \u2013 GF38 (15h00)<\/strong><br data-start=\"903\" data-end=\"906\"\/>Stade H. Mallevat, Roanne<\/p>\n<p><strong data-start=\"939\" data-end=\"947\">U13F<\/strong><\/p>\n<p><strong data-start=\"950\" data-end=\"983\">GF38 \u2013 AS Gr\u00e9sivaudan (10h00)<\/strong><br data-start=\"983\" data-end=\"986\"\/>Stade Argouges, Grenoble<\/p>\n<p><strong data-start=\"1018\" data-end=\"1025\">U13<\/strong><\/p>\n<p><strong data-start=\"1028\" data-end=\"1056\">GF38 \u2013 US Chatte (10h00)<\/strong><br data-start=\"1056\" data-end=\"1059\"\/>Stade Vercors, Grenoble<\/p>\n<p><strong data-start=\"1090\" data-end=\"1097\">U12<\/strong><\/p>\n<p><strong data-start=\"1100\" data-end=\"1128\">GF38 \u2013 Eybens OC (10h00)<\/strong><br data-start=\"1128\" data-end=\"1131\"\/>Stade Vercors, Grenoble<\/p>\n<p><strong data-start=\"1166\" data-end=\"1192\">DIMANCHE 7 D\u00c9CEMBRE<\/strong><br \/>\n<strong data-start=\"1198\" data-end=\"1205\">R1F<\/strong><\/p>\n<p><strong data-start=\"1208\" data-end=\"1246\">GF38 \u2013 Chassieu D\u00e9cines FC (15h00)<\/strong><br data-start=\"1246\" data-end=\"1249\"\/>Stade Stijovic, Grenoble<\/p>\n<p><strong data-start=\"1281\" data-end=\"1295\">U16 Avenir<\/strong><\/p>\n<p><strong data-start=\"1298\" data-end=\"1335\">GF38 \u2013 US Annecy-le-Vieux (13h00)<\/strong><br data-start=\"1335\" data-end=\"1338\"\/>Stade Elka\u00efm, Grenoble<\/p>\n<p><strong data-start=\"1368\" data-end=\"1378\">U15 R1<\/strong><\/p>\n<p><strong data-start=\"1381\" data-end=\"1405\">RF 42 \u2013 GF38 (12h30)<\/strong><br data-start=\"1405\" data-end=\"1408\"\/>Stade H. Mallevat, Roanne<\/p>\n","protected":false},"excerpt":{"rendered":"D\u00e9couvrez le programme complet des \u00e9quipes de l\u2019Association pour ce week-end du 6 et 7 d\u00e9cembre. Photo :&hellip;\n","protected":false},"author":2,"featured_media":581839,"comment_status":"","ping_status":"","sticky":false,"template":"","format":"standard","meta":{"footnotes":""},"categories":[9566],"tags":[1111,11,2430,1777,674,1011,27,2731,12,25],"class_list":{"0":"post-581838","1":"post","2":"type-post","3":"status-publish","4":"format-standard","5":"has-post-thumbnail","7":"category-grenoble","8":"tag-actu","9":"tag-actualites","10":"tag-auvergne-rhone-alpes","11":"tag-eu","12":"tag-europe","13":"tag-fr","14":"tag-france","15":"tag-grenoble","16":"tag-news","17":"tag-republique-francaise"},"share_on_mastodon":{"url":"https:\/\/pubeurope.com\/@fr\/115672005025447802","error":""},"_links":{"self":[{"href":"https:\/\/www.europesays.com\/fr\/wp-json\/wp\/v2\/posts\/581838","targetHints":{"allow":["GET"]}}],"collection":[{"href":"https:\/\/www.europesays.com\/fr\/wp-json\/wp\/v2\/posts"}],"about":[{"href":"https:\/\/www.europesays.com\/fr\/wp-json\/wp\/v2\/types\/post"}],"author":[{"embeddable":true,"href":"https:\/\/www.europesays.com\/fr\/wp-json\/wp\/v2\/users\/2"}],"replies":[{"embeddable":true,"href":"https:\/\/www.europesays.com\/fr\/wp-json\/wp\/v2\/comments?post=581838"}],"version-history":[{"count":0,"href":"https:\/\/www.europesays.com\/fr\/wp-json\/wp\/v2\/posts\/581838\/revisions"}],"wp:featuredmedia":[{"embeddable":true,"href":"https:\/\/www.europesays.com\/fr\/wp-json\/wp\/v2\/media\/581839"}],"wp:attachment":[{"href":"https:\/\/www.europesays.com\/fr\/wp-json\/wp\/v2\/media?parent=581838"}],"wp:term":[{"taxonomy":"category","embeddable":true,"href":"https:\/\/www.europesays.com\/fr\/wp-json\/wp\/v2\/categories?post=581838"},{"taxonomy":"post_tag","embeddable":true,"href":"https:\/\/www.europesays.com\/fr\/wp-json\/wp\/v2\/tags?post=581838"}],"curies":[{"name":"wp","href":"https:\/\/api.w.org\/{rel}","templated":true}]}}