{"id":581840,"date":"2025-12-06T09:51:11","date_gmt":"2025-12-06T09:51:11","guid":{"rendered":"https:\/\/www.europesays.com\/fr\/581840\/"},"modified":"2025-12-06T09:51:11","modified_gmt":"2025-12-06T09:51:11","slug":"cotes-darmor-le-duo-comme-ca-soffre-les-trans-musicales-a-rennes-ce-samedi","status":"publish","type":"post","link":"https:\/\/www.europesays.com\/fr\/581840\/","title":{"rendered":"C\u00f4tes-d&rsquo;Armor. Le duo Comme \u00e7a s&rsquo;offre les Trans Musicales \u00e0 Rennes ce samedi"},"content":{"rendered":"<p>                    Par<br \/>\n        <strong><br \/>\n            <a href=\"https:\/\/actu.fr\/auteur\/christophe-ganne\" title=\"Consulter tous les articles de Christophe Ganne\" target=\"_blank\" rel=\"noopener\">Christophe Ganne<\/a><br \/>\n                    <\/strong><\/p>\n<p>        Publi\u00e9 le<\/p>\n<p>            6 d\u00e9c. 2025 \u00e0 9h47        <\/p>\n<p>Ce jour l\u00e0 c\u2019est \u00e0 Hano\u00ef au Vietnam que l\u2019on parvient \u00e0 joindre Somoine, nom de sc\u00e8ne du DJ tr\u00e9gorrois. \u00ab\u00a0Je profite de quelques dates pour voyager dans ce pays\u00a0\u00bb l\u00e2che le jeune artiste.<\/p>\n<p class=\" wall-content\">Depuis quelques temps, il commence \u00e0 mixer en dehors de la Bretagne et m\u00eame hors de France. Mais la \u00ab\u00a0cons\u00e9cration\u00a0\u00bb comme il le r\u00e9p\u00e8te viendra d\u00e9but d\u00e9cembre \u00e0 Rennes.<\/p>\n<blockquote class=\"ac-article-quote wall-content\">\n<p>\u00ab\u00a0Les Trans Musicales pour nous c\u2019est incroyable. On y allait en spectateur il y a quinze ans.\u00a0\u00bb<\/p>\n<p>Eliott Bothorel<\/p><\/blockquote>\n<p>\u00ab\u00a0On s\u2019adapte au public\u00a0\u00bb<\/p>\n<p class=\" wall-content\">\n<p class=\" wall-content\">Ce samedi 6 d\u00e9cembre, \u00e0 ce duo baptis\u00e9 Comme \u00e7a, de mettre l\u2019ambiance dans la c\u00e9l\u00e8bre Green room, l\u2019une des salles embl\u00e9matiques des Trans au parc des expos de Rennes.\u00a0<\/p>\n<p class=\" wall-content\">Pas de quoi lui mettre la pression.<\/p>\n<blockquote class=\"ac-article-quote wall-content\">\n<p>\u00ab\u00a0On prend les choses comme elles viennent, on s\u2019adapte surtout au public. C\u2019est un peu notre marque de fabrique.\u00a0\u00bb<\/p>\n<\/blockquote>\n<p>Vid\u00e9os : en ce moment sur Actu<\/p>\n<p class=\" wall-content\">Somoine, de son vrai nom Eliott Bothorel, a commenc\u00e9 \u00e0 Paimpol. Son p\u00e8re, d\u00e9put\u00e9 de la cinqui\u00e8me circonscription \u00ab\u00a0aime beaucoup le rock et ma m\u00e8re chante tout le temps, \u00e7a a donn\u00e9 un bon m\u00e9lange\u00a0\u00bb.\u00a0<\/p>\n<p>Des lieux atypiques<\/p>\n<p class=\" wall-content\">Avec son complice de Nantes, Vincent Gasoil, ils forment le duo Comme \u00e7a. \u00ab\u00a0A 17 ans, j\u2019ai commenc\u00e9 \u00e0 faire des \u00e9v\u00e9nements en mixant. J\u2019y ai pris go\u00fbt. Il y a huit ans, on a mont\u00e9 une association pour organiser des \u00e9v\u00e9nements et des soir\u00e9es dans des lieux atypiques\u00a0\u00bb. Manoirs, bars originaux, clubs sont leurs lieux de pr\u00e9dilection. C\u00f4t\u00e9 musique le duo privil\u00e9gie les ann\u00e9es 80 et 90<\/p>\n<p>Votre r\u00e9gion, votre actu !<\/p>\n<p>Recevez chaque jour les infos qui comptent pour vous.<\/p>\n<p>\t<a href=\"https:\/\/actu.fr\/newsletter\" class=\"ac-btn ac-btn--corner ac-btn--medium ac-btn--blue800\" target=\"_blank\" rel=\"noopener\">S&rsquo;incrire<\/a><\/p>\n<blockquote class=\"ac-article-quote wall-content\">\n<p>\u00ab\u00a0On a tous les deux \u00e9t\u00e9 tr\u00e8s touch\u00e9s par la new wave. On aime les sons avec des synth\u00e9s. Notre musique a parfois de la nostalgie, elle n\u2019est pas noire comme les rythmes venus de Berlin.\u00a0\u00bb<\/p>\n<\/blockquote>\n<p>Redonner le sourire<\/p>\n<p class=\" wall-content\">Dans la r\u00e9gion rennaise, ils ont s\u00e9duit leur auditoire. La ferme de Quinc\u00e9 \u00e0 Rennes, le Macadam et le Ferrailleur \u00e0 Nantes les ont pris en r\u00e9sidence. De quoi se forger un r\u00e9pertoire et une identit\u00e9 musicale. C\u2019est comme \u00e7a que Th\u00e9o Muller, l\u2019un des programmateurs des Trans les a remarqu\u00e9. \u00ab\u00a0Ce que l\u2019on veut avec nos sons c\u2019est faire voyager les gens, faire ressentir des \u00e9motions et redonner le sourire\u00a0\u00bb. Tout un programme.<\/p>\n<p class=\" wall-content\">\u00ab\u00a0C\u2019est en stars locales qu\u2019ils ouvriront la Greenroom\u00a0\u00bb annoncent les Transmusicales. Eux r\u00e9pondent qu\u2019ils le feront \u00a0\u00bb au feeling\u00a0\u00bb. Comme \u00e7a tout simplement.\u00a0<\/p>\n<p>ELECTRO. Trans Musicales de Rennes, samedi 6 d\u00e9cembre \u00e0 la Green room, parc des expos.\u00a0<\/p>\n<p class=\" wall-content\">Personnalisez votre actualit\u00e9 en ajoutant vos villes et m\u00e9dias en favori avec <a href=\"https:\/\/moncompte.actu.fr\" title=\"D\u00e9couvez Mon Actu\" rel=\"nofollow noopener\" data-trk=\"{&quot;cta&quot;:{&quot;action&quot;:&quot;https:\\\/\\\/moncompte.actu.fr&quot;,&quot;category&quot;:&quot;mon compte&quot;,&quot;from&quot;:&quot;article footer&quot;,&quot;name&quot;:&quot;Mon actu&quot;,&quot;type&quot;:&quot;cta&quot;}}\" target=\"_blank\">Mon Actu<\/a>.<\/p>\n","protected":false},"excerpt":{"rendered":"Par Christophe Ganne Publi\u00e9 le 6 d\u00e9c. 2025 \u00e0 9h47 Ce jour l\u00e0 c\u2019est \u00e0 Hano\u00ef au Vietnam&hellip;\n","protected":false},"author":2,"featured_media":581841,"comment_status":"","ping_status":"","sticky":false,"template":"","format":"standard","meta":{"footnotes":""},"categories":[2821],"tags":[1111,11,829,1777,674,69409,1011,27,1652,12,584,25],"class_list":{"0":"post-581840","1":"post","2":"type-post","3":"status-publish","4":"format-standard","5":"has-post-thumbnail","7":"category-rennes","8":"tag-actu","9":"tag-actualites","10":"tag-bretagne","11":"tag-eu","12":"tag-europe","13":"tag-festival-trans-musicales","14":"tag-fr","15":"tag-france","16":"tag-loisirs-culture","17":"tag-news","18":"tag-rennes","19":"tag-republique-francaise"},"share_on_mastodon":{"url":"https:\/\/pubeurope.com\/@fr\/115672009124211794","error":""},"_links":{"self":[{"href":"https:\/\/www.europesays.com\/fr\/wp-json\/wp\/v2\/posts\/581840","targetHints":{"allow":["GET"]}}],"collection":[{"href":"https:\/\/www.europesays.com\/fr\/wp-json\/wp\/v2\/posts"}],"about":[{"href":"https:\/\/www.europesays.com\/fr\/wp-json\/wp\/v2\/types\/post"}],"author":[{"embeddable":true,"href":"https:\/\/www.europesays.com\/fr\/wp-json\/wp\/v2\/users\/2"}],"replies":[{"embeddable":true,"href":"https:\/\/www.europesays.com\/fr\/wp-json\/wp\/v2\/comments?post=581840"}],"version-history":[{"count":0,"href":"https:\/\/www.europesays.com\/fr\/wp-json\/wp\/v2\/posts\/581840\/revisions"}],"wp:featuredmedia":[{"embeddable":true,"href":"https:\/\/www.europesays.com\/fr\/wp-json\/wp\/v2\/media\/581841"}],"wp:attachment":[{"href":"https:\/\/www.europesays.com\/fr\/wp-json\/wp\/v2\/media?parent=581840"}],"wp:term":[{"taxonomy":"category","embeddable":true,"href":"https:\/\/www.europesays.com\/fr\/wp-json\/wp\/v2\/categories?post=581840"},{"taxonomy":"post_tag","embeddable":true,"href":"https:\/\/www.europesays.com\/fr\/wp-json\/wp\/v2\/tags?post=581840"}],"curies":[{"name":"wp","href":"https:\/\/api.w.org\/{rel}","templated":true}]}}