{"id":581843,"date":"2025-12-06T09:53:10","date_gmt":"2025-12-06T09:53:10","guid":{"rendered":"https:\/\/www.europesays.com\/fr\/581843\/"},"modified":"2025-12-06T09:53:10","modified_gmt":"2025-12-06T09:53:10","slug":"le-trafic-cts-bloque-a-cause-dun-camion-embourbe-sur-les-voies-du-tram","status":"publish","type":"post","link":"https:\/\/www.europesays.com\/fr\/581843\/","title":{"rendered":"le trafic CTS bloqu\u00e9 \u00e0 cause d&rsquo;un camion embourb\u00e9 sur les voies du tram"},"content":{"rendered":"<p>                    Par<br \/>\n        <strong><br \/>\n            <a href=\"https:\/\/actu.fr\/auteur\/ivan-capecchi\" title=\"Consulter tous les articles de Ivan CAPECCHI\" target=\"_blank\" rel=\"noopener\">Ivan CAPECCHI<\/a><br \/>\n                    <\/strong><\/p>\n<p>        Publi\u00e9 le<\/p>\n<p>            6 d\u00e9c. 2025 \u00e0 10h10        <\/p>\n<p>La <strong>circulation du tram C est fortement perturb\u00e9e<\/strong> ce samedi matin \u00e0 Strasbourg. Vers 8h50, un camion s\u2019est retrouv\u00e9 <strong>embourb\u00e9 sur la plateforme du tramway<\/strong> rue de Ribeauvill\u00e9, peu apr\u00e8s l\u2019arr\u00eat Lyc\u00e9e Jean-Monnet en direction de Gravi\u00e8re, selon la page Info Trafic Bas-Rhin. Le v\u00e9hicule bloque enti\u00e8rement les rails.<\/p>\n<p>Le trafic de la ligne C perturb\u00e9 entre Jean-Jaur\u00e8s et Kibitzenau<\/p>\n<p class=\" wall-content\">Selon les premi\u00e8res informations, la <strong>circulation des trams a \u00e9t\u00e9 interrompue dans les deux sens<\/strong> afin de s\u00e9curiser la zone et permettre l\u2019intervention d\u2019un d\u00e9panneur.<\/p>\n<p class=\" wall-content\">\n<p class=\" wall-content\">La <a href=\"https:\/\/actu.fr\/tag\/compagnie-des-transports-strasbourgeois-cts\" target=\"_blank\" rel=\"noopener\">CTS<\/a> confirme une <strong>interruption de la ligne C entre les arr\u00eats Jean-Jaur\u00e8s et Kibitzenau<\/strong>.<\/p>\n<p class=\" wall-content\">Des <a href=\"https:\/\/actu.fr\/grand-est\/strasbourg_67482\/accident-de-tram-a-strasbourg-les-bus-de-remplacement-bondes-je-trouve-ca-mieux-de-marcher_62276989.html\" target=\"_blank\" rel=\"noopener\">bus de remplacement<\/a> ont \u00e9t\u00e9 mis en place pour assurer la continuit\u00e9 du service, pr\u00e9cise l\u2019exploitant.<\/p>\n<p class=\" wall-content\">Personnalisez votre actualit\u00e9 en ajoutant vos villes et m\u00e9dias en favori avec <a href=\"https:\/\/moncompte.actu.fr\" title=\"D\u00e9couvez Mon Actu\" rel=\"nofollow noopener\" data-trk=\"{&quot;cta&quot;:{&quot;action&quot;:&quot;https:\\\/\\\/moncompte.actu.fr&quot;,&quot;category&quot;:&quot;mon compte&quot;,&quot;from&quot;:&quot;article footer&quot;,&quot;name&quot;:&quot;Mon actu&quot;,&quot;type&quot;:&quot;cta&quot;}}\" target=\"_blank\">Mon Actu<\/a>.<\/p>\n","protected":false},"excerpt":{"rendered":"Par Ivan CAPECCHI Publi\u00e9 le 6 d\u00e9c. 2025 \u00e0 10h10 La circulation du tram C est fortement perturb\u00e9e&hellip;\n","protected":false},"author":2,"featured_media":581844,"comment_status":"","ping_status":"","sticky":false,"template":"","format":"standard","meta":{"footnotes":""},"categories":[2820],"tags":[1111,11,7344,1777,674,118,1011,27,775,12,25,640],"class_list":{"0":"post-581843","1":"post","2":"type-post","3":"status-publish","4":"format-standard","5":"has-post-thumbnail","7":"category-strasbourg","8":"tag-actu","9":"tag-actualites","10":"tag-compagnie-des-transports-strasbourgeois-cts","11":"tag-eu","12":"tag-europe","13":"tag-faits-divers","14":"tag-fr","15":"tag-france","16":"tag-grand-est","17":"tag-news","18":"tag-republique-francaise","19":"tag-strasbourg"},"share_on_mastodon":{"url":"https:\/\/pubeurope.com\/@fr\/115672016956109257","error":""},"_links":{"self":[{"href":"https:\/\/www.europesays.com\/fr\/wp-json\/wp\/v2\/posts\/581843","targetHints":{"allow":["GET"]}}],"collection":[{"href":"https:\/\/www.europesays.com\/fr\/wp-json\/wp\/v2\/posts"}],"about":[{"href":"https:\/\/www.europesays.com\/fr\/wp-json\/wp\/v2\/types\/post"}],"author":[{"embeddable":true,"href":"https:\/\/www.europesays.com\/fr\/wp-json\/wp\/v2\/users\/2"}],"replies":[{"embeddable":true,"href":"https:\/\/www.europesays.com\/fr\/wp-json\/wp\/v2\/comments?post=581843"}],"version-history":[{"count":0,"href":"https:\/\/www.europesays.com\/fr\/wp-json\/wp\/v2\/posts\/581843\/revisions"}],"wp:featuredmedia":[{"embeddable":true,"href":"https:\/\/www.europesays.com\/fr\/wp-json\/wp\/v2\/media\/581844"}],"wp:attachment":[{"href":"https:\/\/www.europesays.com\/fr\/wp-json\/wp\/v2\/media?parent=581843"}],"wp:term":[{"taxonomy":"category","embeddable":true,"href":"https:\/\/www.europesays.com\/fr\/wp-json\/wp\/v2\/categories?post=581843"},{"taxonomy":"post_tag","embeddable":true,"href":"https:\/\/www.europesays.com\/fr\/wp-json\/wp\/v2\/tags?post=581843"}],"curies":[{"name":"wp","href":"https:\/\/api.w.org\/{rel}","templated":true}]}}