{"id":581845,"date":"2025-12-06T09:54:39","date_gmt":"2025-12-06T09:54:39","guid":{"rendered":"https:\/\/www.europesays.com\/fr\/581845\/"},"modified":"2025-12-06T09:54:39","modified_gmt":"2025-12-06T09:54:39","slug":"ligue-1-pour-le-racing-club-de-strasbourg-cest-lheure-de-se-grandir-a-toulouse","status":"publish","type":"post","link":"https:\/\/www.europesays.com\/fr\/581845\/","title":{"rendered":"Ligue 1. Pour le Racing Club de Strasbourg, c\u2019est l\u2019heure de (se) grandir \u00e0 Toulouse"},"content":{"rendered":"<p>Ils n\u2019en ont plus vraiment l\u2019\u00e2ge, quoique pour certains c\u2019\u00e9tait encore le cas il n\u2019y a pas si longtemps, mais les Strasbourgeois sauront samedi soir, tard dans la nuit, si Saint Nicolas est pass\u00e9. Ils en auront d\u2019ailleurs d\u00e9j\u00e0 une petite id\u00e9e dans l\u2019avion du retour en fonction de leur production du jour, \u00e0 Toulouse.<\/p>\n<p>Certes, les joueurs du Racing ne sont plus des \u00e9coliers, mais ils restent en apprentissage au sommet de la Ligue 1. Et on ne peut pas dire que les derni\u00e8res copies rendues m\u00e9ritaient une bonne note, m\u00eame si les victoires \u00e0 la Meinau<a href=\"https:\/\/www.dna.fr\/sport\/2025\/11\/09\/suivez-en-direct-le-match-entre-le-racing-club-de-strasbourg-et-lille-(17h15)\" target=\"_blank\" rel=\"noopener\"> contre Lille (2-0)<\/a> et <a href=\"https:\/\/www.dna.fr\/sport\/2025\/11\/27\/royal-et-renversant-le-racing-club-de-strasbourg-s-offre-crystal-palace\" target=\"_blank\" rel=\"noopener\">Crystal Palace en Ligue Conf\u00e9rence (2-1)<\/a> ont am\u00e9lior\u00e9 le bilan comptable.<\/p>\n<p>Depuis <a href=\"https:\/\/www.dna.fr\/sport\/2025\/11\/01\/suivez-en-direct-la-rencontre-entre-rennes-et-le-racing-coup-d-envoi-a-15h\" target=\"_blank\" rel=\"noopener\">le cinglant revers \u00e0 Rennes (4-1)<\/a>, qui n\u2019a vraiment pas plu au staff bas-rhinois, les Alsaciens sont plus ou moins sur un rythme d\u2019une \u00e0 plusieurs bourdes par match. Et si cela n\u2019a miraculeusement pas pr\u00eat\u00e9 \u00e0 cons\u00e9quence en coupe d\u2019Europe, les d\u00e9faites en Bretagne, \u00e0 Lens <a href=\"https:\/\/www.dna.fr\/sport\/2025\/12\/01\/la-defaite-du-racing-club-de-strasbourg-face-a-brest-en-images\" target=\"_blank\" rel=\"noopener\">et contre Brest \u00e0 la Meinau<\/a> sont directement imputables \u00e0 des erreurs \u2013&#8230;<\/p>\n","protected":false},"excerpt":{"rendered":"Ils n\u2019en ont plus vraiment l\u2019\u00e2ge, quoique pour certains c\u2019\u00e9tait encore le cas il n\u2019y a pas si&hellip;\n","protected":false},"author":2,"featured_media":581846,"comment_status":"","ping_status":"","sticky":false,"template":"","format":"standard","meta":{"footnotes":""},"categories":[2820],"tags":[328,1111,11,2649,2880,1777,674,107,63,1011,27,775,12,41281,25,4604,517,640,2879],"class_list":{"0":"post-581845","1":"post","2":"type-post","3":"status-publish","4":"format-standard","5":"has-post-thumbnail","7":"category-strasbourg","8":"tag-a-la-une","9":"tag-actu","10":"tag-actualites","11":"tag-bas-rhin","12":"tag-edition-strasbourg","13":"tag-eu","14":"tag-europe","15":"tag-fil-info","16":"tag-football","17":"tag-fr","18":"tag-france","19":"tag-grand-est","20":"tag-news","21":"tag-racing-club-strasbourg-masculin","22":"tag-republique-francaise","23":"tag-selection-abonne","24":"tag-sport","25":"tag-strasbourg","26":"tag-strasbourg-ville"},"share_on_mastodon":{"url":"https:\/\/pubeurope.com\/@fr\/115672020628416817","error":""},"_links":{"self":[{"href":"https:\/\/www.europesays.com\/fr\/wp-json\/wp\/v2\/posts\/581845","targetHints":{"allow":["GET"]}}],"collection":[{"href":"https:\/\/www.europesays.com\/fr\/wp-json\/wp\/v2\/posts"}],"about":[{"href":"https:\/\/www.europesays.com\/fr\/wp-json\/wp\/v2\/types\/post"}],"author":[{"embeddable":true,"href":"https:\/\/www.europesays.com\/fr\/wp-json\/wp\/v2\/users\/2"}],"replies":[{"embeddable":true,"href":"https:\/\/www.europesays.com\/fr\/wp-json\/wp\/v2\/comments?post=581845"}],"version-history":[{"count":0,"href":"https:\/\/www.europesays.com\/fr\/wp-json\/wp\/v2\/posts\/581845\/revisions"}],"wp:featuredmedia":[{"embeddable":true,"href":"https:\/\/www.europesays.com\/fr\/wp-json\/wp\/v2\/media\/581846"}],"wp:attachment":[{"href":"https:\/\/www.europesays.com\/fr\/wp-json\/wp\/v2\/media?parent=581845"}],"wp:term":[{"taxonomy":"category","embeddable":true,"href":"https:\/\/www.europesays.com\/fr\/wp-json\/wp\/v2\/categories?post=581845"},{"taxonomy":"post_tag","embeddable":true,"href":"https:\/\/www.europesays.com\/fr\/wp-json\/wp\/v2\/tags?post=581845"}],"curies":[{"name":"wp","href":"https:\/\/api.w.org\/{rel}","templated":true}]}}