{"id":581849,"date":"2025-12-06T09:57:19","date_gmt":"2025-12-06T09:57:19","guid":{"rendered":"https:\/\/www.europesays.com\/fr\/581849\/"},"modified":"2025-12-06T09:57:19","modified_gmt":"2025-12-06T09:57:19","slug":"en-2014-le-pari-fou-dune-reprise-par-les-salaries","status":"publish","type":"post","link":"https:\/\/www.europesays.com\/fr\/581849\/","title":{"rendered":"en 2014, le pari fou d\u2019une reprise par les salari\u00e9s"},"content":{"rendered":"<p class=\"fs-5 \">Pour comprendre ce qui s\u2019est jou\u00e9 le 7 novembre 2014, il faut remonter sept ans plus t\u00f4t. Le 13 ao\u00fbt 2007, le Groupe Hersant M\u00e9dia (GHM) rach\u00e8te Nice-Matin et La Provence \u00e0 Lagard\u00e8re SCA pour 160 millions d\u2019euros.<\/p>\n<p class=\"fs-5 \">Tr\u00e8s vite, au sein du quotidien ni\u00e7ois, l\u2019ambiance se d\u00e9t\u00e9riore. La holding dirig\u00e9e par Philippe Hersant facture, chaque ann\u00e9e, entre 3 et 4 millions d\u2019euros de management fees \u00e0 sa filiale azur\u00e9enne. Ces frais, visant des services administratifs, comptables et juridiques d\u00e9j\u00e0 pourvus au sein de l\u2019entreprise, plombent artificiellement les comptes du journal.<\/p>\n<p class=\"fs-5 \">GHM, par ailleurs, va mal. Le groupe est \u00e9branl\u00e9 par le d\u00e9ficit abyssal de ParuVendu, l\u2019hebdomadaire de petites annonces acquis \u00e0 prix d\u2019or au moment pr\u00e9cis o\u00f9 Internet commence \u00e0 ass\u00e9cher ce march\u00e9. En 2010, Hersant est au bord du gouffre. Il d\u00e9cide, fin mars, de vendre le si\u00e8ge historique de Nice-Matin pour tenter d\u2019\u00e9viter le naufrage.<\/p>\n<p class=\"fs-5 \">\u00ab\u00a0Il avait oubli\u00e9 que nous \u00e9tions une Soci\u00e9t\u00e9 coop\u00e9rative \u00e0 participation ouvri\u00e8re (Sapo), grince \u00c9ric Galliano, alors reporter \u00e0 Nice. Ces b\u00e2timents ont \u00e9t\u00e9 pay\u00e9s, en partie, par les b\u00e9n\u00e9fices auxquels les salari\u00e9s-coop\u00e9rateurs ont renonc\u00e9 (1). Il n\u2019\u00e9tait pas concevable de les sacrifier pour qu\u2019un actionnaire suisse puisse se remettre \u00e0 flot\u00a0!\u2005\u00a0\u00bb<\/p>\n<p>                                                                                Un journal-pirate distribu\u00e9 \u00e0 50.000 exemplaires<\/p>\n<p class=\"fs-5 \">L\u2019officialisation du projet de vente, le 1er avril (\u00a0!), provoque une r\u00e9action imm\u00e9diate. Visc\u00e9rale. Sous l\u2019impulsion du reporter Jean-Fran\u00e7ois Roubaud (2), les journalistes multiplient les op\u00e9rations symboliques\u00a0: les hommes d\u00e9fraient la chronique en posant (presque) nus au c\u0153ur de la capitale azur\u00e9enne, les femmes montent les marches \u00e0 Cannes dans des robes en papier journal.<\/p>\n<p>        <img decoding=\"async\" src=\"https:\/\/www.europesays.com\/fr\/wp-content\/uploads\/2025\/12\/ARTBLOCKVIEW-10656087-1128-752-9fa5d5f_upload-1-jbccnlbli42o-pari-fou-2-large.png\" class=\"figure-img img-fluid rounded\" alt=\"Le 20\u00a0mai 2010, quatre journalistes montent les marches au Festival de Cannes pour protester contre un projet de vente du si\u00e8ge historique par le Groupe GHM.\"\/><\/p>\n<p>            Le 20\u00a0mai 2010, quatre journalistes montent les marches au Festival de Cannes pour protester contre un projet de vente du si\u00e8ge historique par le Groupe GHM. <br \/>Patrice Lapoirie<\/p>\n<p class=\"fs-5 \">Les ouvriers du Livre gravissent la colline du Ch\u00e2teau de Nice et d\u00e9ploient une banderole au sommet\u00a0: \u00ab\u00a0Non \u00e0 la vente de Nice-Matin \u00e0 la d\u00e9coupe\u00a0\u00bb. Un journal-pirate est imprim\u00e9 \u00e0 50.000 exemplaires pour sensibiliser le public.<\/p>\n<p class=\"fs-5 \">\u00c0 l\u2019issue d\u2019un cycle de n\u00e9gociations engag\u00e9es route de Grenoble, face \u00e0 Philippe Hersant, Roubaud hausse le ton\u00a0: \u00ab\u00a0Vous avez la possibilit\u00e9 l\u00e9gale de vendre notre si\u00e8ge. Mais si vous le faites, sachez que votre nom sera tra\u00een\u00e9 dans la boue sur tous les fronts m\u00e9diatiques. Ce que vous avez vu, ce n\u2019est qu\u2019un d\u00e9but\u00a0!\u2005\u00a0\u00bb<\/p>\n<p>        <img decoding=\"async\" src=\"https:\/\/www.europesays.com\/fr\/wp-content\/uploads\/2025\/12\/ARTBLOCKVIEW-10656087-1128-752-e37d255_upload-1-wbuzdinwsci1-pari-fou-3-large.jpg\" class=\"figure-img img-fluid rounded\" alt=\"Un journal-pirate est imprim\u00e9 fin avril 2010\u00a0\u00e0 50.000\u00a0exemplaires pour sensibiliser le public.\"\/><\/p>\n<p>            Un journal-pirate est imprim\u00e9 fin avril 2010\u00a0\u00e0 50.000\u00a0exemplaires pour sensibiliser le public. <br \/>Repro L.P.<\/p>\n<p class=\"fs-5 \">Bouscul\u00e9, Hersant r\u00e9clame une suspension de s\u00e9ance et se retire avec ses conseillers. \u00c0 son retour, quinze minutes plus tard, le fils du \u00ab\u00a0Papivore\u00a0\u00bb (3) jette l\u2019\u00e9ponge.<\/p>\n<p>                                                                                Demander l\u2019impossible\u2026<\/p>\n<p class=\"fs-5 \">Quatre ans plus tard, la situation de GHM s\u2019est encore d\u00e9grad\u00e9e. En mai 2014, Nice-Matin est plac\u00e9 en redressement judiciaire. Les repreneurs se bousculent \u2013 des plus s\u00e9rieux aux plus fantaisistes. Leur point commun\u00a0: la promesse d\u2019une casse sociale sans pr\u00e9c\u00e9dent.<\/p>\n<p class=\"fs-5 \">\u00ab\u00a0Jusqu\u2019\u00e0 800 licenciements pour 1\u2005200 salari\u00e9s, se souvient \u00c9ric Galliano. C\u2019\u00e9tait effarant\u00a0! Ils pr\u00e9tendaient sauver l\u2019entreprise en la saignant \u00e0 blanc\u2026 C\u2019est cette violence et cette morgue qui ont fait na\u00eetre l\u2019id\u00e9e d\u2019une reprise en interne.\u2005\u00a0\u00bb<\/p>\n<p class=\"fs-5 \">Le journaliste, comptable de formation, se plonge dans les chiffres. Selon lui, le pari est difficile, mais la partie \u00ab\u00a0jouable\u00a0\u00bb. Il sourit. \u00ab\u00a0D\u00e8s lors qu\u2019il y avait une chance, m\u00eame petite, pour Jean-Fran\u00e7ois, le d\u00e9bat \u00e9tait clos\u00a0: il fallait foncer\u00a0!\u2005\u00a0\u00bb<\/p>\n<p class=\"fs-5 \">Le souvenir de la mobilisation r\u00e9ussie de 2010 est encore dans toutes les m\u00e9moires. Comme, peut-\u00eatre, quelques slogans rescap\u00e9s des ann\u00e9es soixante \u2013 \u00ab\u00a0Soyez r\u00e9alistes, demandez l\u2019impossible\u00a0\u00bb.<\/p>\n<p class=\"fs-5 \">Mais par o\u00f9 commencer\u00a0? Il faut d\u2019abord structurer l\u2019offre de reprise, lui donner une consistance juridique. Rom\u00e9o Cirone,  expert-comptable, guide les apprentis entrepreneurs. Un cabinet d\u2019avocats est mandat\u00e9. Quelque 456 employ\u00e9s abandonnent leur treizi\u00e8me mois pour constituer le capital de d\u00e9part\u00a0; un appel aux dons inspir\u00e9 par la g\u00e9n\u00e9rosit\u00e9 de Simonne, une lectrice nonag\u00e9naire, permet de collecter 376\u2005275\u2005euros en 48 jours. Comme en 2010, un concert est organis\u00e9 au Th\u00e9\u00e2tre de verdure de Nice pour alimenter le tr\u00e9sor de guerre.<\/p>\n<p>                                                                                &#8230; et obtenir l\u2019improbable<\/p>\n<p class=\"fs-5 \">Finalement, le 7 novembre, l\u2019improbable se produit\u00a0: le tribunal de commerce de Nice confie les cl\u00e9s \u00e0 la Soci\u00e9t\u00e9 coop\u00e9rative d\u2019int\u00e9r\u00eat collectif (Scic) cr\u00e9\u00e9e par les salari\u00e9s.<\/p>\n<p class=\"fs-5 \">\u00ab\u00a0La plupart des observateurs pensaient que nous allions nous fracasser en quelques semaines, se souvient \u00c9ric Galliano. De fait, c\u2019est ce qui a failli se produire. Nous n\u2019avions pas droit au moindre d\u00e9ficit. Oui, \u00e7a a \u00e9t\u00e9 tr\u00e8s dur\u2026\u2005\u00a0\u00bb<\/p>\n<p class=\"fs-5 \">D\u00e8s le d\u00e9part, l\u2019objectif est de s\u2019adosser \u00e0 un investisseur \u2013 mais \u00ab\u00a0\u00e0 des conditions d\u00e9centes, insiste le reporter. Nous recherchions un partenaire, pas un \u00e9ni\u00e8me pr\u00e9dateur.\u2005\u00a0\u00bb<\/p>\n<p class=\"fs-5 \">En 2016, les coop\u00e9rateurs pensent avoir d\u00e9nich\u00e9 l\u2019oiseau rare. Un pacte d\u2019actionnaires est sign\u00e9 avec le groupe belge Nethys, via sa filiale Avenir D\u00e9veloppement, qui acquiert 34\u2005% des parts et s\u2019engage \u00e0 \u00ab\u00a0monter\u00a0\u00bb \u00e0 51\u2005% au 31 d\u00e9cembre 2018. Mais une fois encore, le vent de l\u2019histoire souffle \u00e0 rebours. Un scandale d\u2019emplois fictifs \u00e9clabousse le groupe public Publifin, maison m\u00e8re de Nethys. Le 20 novembre 2018, press\u00e9 par le Parlement wallon, le conseil d\u2019administration de la soci\u00e9t\u00e9 li\u00e9geoise vote le principe d\u2019un retrait de Nice-Matin et La Provence, o\u00f9 elle est \u00e9galement pr\u00e9sente \u00e0 hauteur de 11\u2005%.<\/p>\n<p>                                                                                Le choix de Xavier Niel<\/p>\n<p class=\"fs-5 \">Retour \u00e0 la case d\u00e9part\u00a0? Pas tout \u00e0 fait. En juillet 2019, alors que la situation demeure incertaine, la holding NJJ du fondateur de Free, Xavier Niel, rach\u00e8te Avenir D\u00e9veloppement et se dit pr\u00eate \u00e0 honorer le pacte d\u2019actionnaires.<\/p>\n<p class=\"fs-5 \">La nouvelle provoque un schisme entre les coop\u00e9rateurs. Les personnels techniques et administratifs privil\u00e9gient la candidature d\u2019Iskandar Safa, un homme d\u2019affaires franco-libanais propri\u00e9taire de Valeurs actuelles, sur les rangs depuis d\u00e9cembre 2018. Les journalistes, en revanche, pr\u00e9f\u00e8rent l\u2019actionnaire du journal Le Monde.<\/p>\n<p class=\"fs-5 \">Safa, finalement, retire son offre le 29 juillet 2019 pour \u00e9viter \u00ab\u00a0un contentieux [&#8230;] pr\u00e9judiciable aux salari\u00e9s et au titre lui-m\u00eame.\u2005\u00a0\u00bb Le 13 f\u00e9vrier 2020, NJJ devient l\u2019unique actionnaire du Groupe Nice-Matin. Une page se tourne.<\/p>\n<p class=\"fs-6\">1. Notre chronique du 13 septembre.<\/p>\n<p>2. D\u00e9c\u00e9d\u00e9 le 6 octobre 2021.<\/p>\n<p>3. Robert Hersant \u00e9tait surnomm\u00e9 le \u00ab\u00a0Papivore\u00a0\u00bb en raison de son app\u00e9tit insatiable pour l\u2019achat de journaux.<\/p>\n","protected":false},"excerpt":{"rendered":"Pour comprendre ce qui s\u2019est jou\u00e9 le 7 novembre 2014, il faut remonter sept ans plus t\u00f4t. Le&hellip;\n","protected":false},"author":2,"featured_media":581850,"comment_status":"","ping_status":"","sticky":false,"template":"","format":"standard","meta":{"footnotes":""},"categories":[2819],"tags":[55033,1111,11,1777,674,1011,27,12,2401,882,25],"class_list":{"0":"post-581849","1":"post","2":"type-post","3":"status-publish","4":"format-standard","5":"has-post-thumbnail","7":"category-nice","8":"tag-80-ans-de-nice-matin","9":"tag-actu","10":"tag-actualites","11":"tag-eu","12":"tag-europe","13":"tag-fr","14":"tag-france","15":"tag-news","16":"tag-nice","17":"tag-provence-alpes-cote-dazur","18":"tag-republique-francaise"},"share_on_mastodon":{"url":"https:\/\/pubeurope.com\/@fr\/115672033437872378","error":""},"_links":{"self":[{"href":"https:\/\/www.europesays.com\/fr\/wp-json\/wp\/v2\/posts\/581849","targetHints":{"allow":["GET"]}}],"collection":[{"href":"https:\/\/www.europesays.com\/fr\/wp-json\/wp\/v2\/posts"}],"about":[{"href":"https:\/\/www.europesays.com\/fr\/wp-json\/wp\/v2\/types\/post"}],"author":[{"embeddable":true,"href":"https:\/\/www.europesays.com\/fr\/wp-json\/wp\/v2\/users\/2"}],"replies":[{"embeddable":true,"href":"https:\/\/www.europesays.com\/fr\/wp-json\/wp\/v2\/comments?post=581849"}],"version-history":[{"count":0,"href":"https:\/\/www.europesays.com\/fr\/wp-json\/wp\/v2\/posts\/581849\/revisions"}],"wp:featuredmedia":[{"embeddable":true,"href":"https:\/\/www.europesays.com\/fr\/wp-json\/wp\/v2\/media\/581850"}],"wp:attachment":[{"href":"https:\/\/www.europesays.com\/fr\/wp-json\/wp\/v2\/media?parent=581849"}],"wp:term":[{"taxonomy":"category","embeddable":true,"href":"https:\/\/www.europesays.com\/fr\/wp-json\/wp\/v2\/categories?post=581849"},{"taxonomy":"post_tag","embeddable":true,"href":"https:\/\/www.europesays.com\/fr\/wp-json\/wp\/v2\/tags?post=581849"}],"curies":[{"name":"wp","href":"https:\/\/api.w.org\/{rel}","templated":true}]}}