{"id":581855,"date":"2025-12-06T10:00:25","date_gmt":"2025-12-06T10:00:25","guid":{"rendered":"https:\/\/www.europesays.com\/fr\/581855\/"},"modified":"2025-12-06T10:00:25","modified_gmt":"2025-12-06T10:00:25","slug":"municipales-2026-talence-cas-decole-dunion-de-toute-la-gauche-en-france","status":"publish","type":"post","link":"https:\/\/www.europesays.com\/fr\/581855\/","title":{"rendered":"Municipales 2026 : Talence, cas d&rsquo;\u00e9cole d&rsquo;union de toute la gauche en France"},"content":{"rendered":"<p class=\"wp-block-post-excerpt__excerpt\">Retour de hype pour le Nouveau Front populaire \u00e0 Talence : pour d\u00e9loger la droite, qui tient la ville depuis 1983, l\u2019\u00e9cologiste Isabelle Rami a rassembl\u00e9 la gauche, PS et Insoumis compris, des repr\u00e9sentants de la soci\u00e9t\u00e9 civile, et m\u00eame un adjoint au maire actuel, qui vient de d\u00e9missionner. Une raret\u00e9 dans les grandes villes. <\/p>\n<p><a href=\"https:\/\/rue89bordeaux.com\/category\/actualite\/\" rel=\"tag noopener\" target=\"_blank\">Actualit\u00e9<\/a>, <a href=\"https:\/\/rue89bordeaux.com\/category\/kiosque-abonne\/\" rel=\"tag noopener\" target=\"_blank\">\u00c9dition abonn\u00e9s<\/a><\/p>\n<p>Simon Barth\u00e9l\u00e9my<\/p>\n<p>Publi\u00e9 le 6 d\u00e9cembre 2025\u00a0\u00a0\u00b7\u00a0\u00a0<\/p>\n<p>Imprim\u00e9 le 6 d\u00e9cembre 2025 \u00e0 11h00\u00a0\u00a0\u00b7\u00a0\u00a0<\/p>\n<p>\t\t\t\t\t5\u00a0minutes\n<\/p>\n<p>A l\u2019instar d\u2019une ville comme Toulouse, Talence vote plus \u00e0 gauche que la moyenne fran\u00e7aise aux \u00e9lections nationales \u2013 31% pour Jean-Luc M\u00e9lenchon \u00e0 la pr\u00e9sidentielle en 2022, 24% pour Rapha\u00ebl Glucksmann aux europ\u00e9ennes l\u2019an dernier \u2013, mais \u00e0 droite aux municipales depuis la prise de la ville en 1983 par G\u00e9rard Castagn\u00e9ra.<\/p>\n<p>Battue en 2020 par Emmanuel Sallaberry (53% contre 39%), Isabelle Rami pense toutefois \u00eatre en mesure de briser le signe indien l\u2019an prochain, avec plusieurs atouts dans sa manche, d\u00e9gain\u00e9s lors du lancement de sa campagne, ce vendredi 5 d\u00e9cembre dans une salle du quartier de Thouars. <\/p>\n<p>\t\tAccord n\u00e9cessaire<\/p>\n<p>Comme aux derni\u00e8res municipales, la conseill\u00e8re municipale \u00e9cologiste est d\u2019abord parvenue \u00e0 rassembler toute la gauche, de la France insoumise au Parti socialiste, en passant par le Parti communiste, Nouvelle Donne et L\u2019Apr\u00e8s (Alliance pour une R\u00e9publique \u00e9cologique et sociale, cr\u00e9\u00e9e par les dissidents et exclus de LFI). <\/p>\n<p>Lisez la suite pour 1\u20ac<\/p>\n<p>En profitant de notre offre d\u2019essai, r\u00e9siliable en ligne \u00e0 tout moment.<\/p>\n<p><strong>Pour acc\u00e9der \u00e0 cet article, il faut \u00eatre abonn\u00e9. Pourquoi\u00a0?<\/strong><\/p>\n<p>Les informations exclusives, les enqu\u00eates et certains reportages constituent l\u2019\u00e9dition abonn\u00e9s de Rue89 Bordeaux. En tant que m\u00e9dia ind\u00e9pendant, nos ressources proviennent de nos lectrices et lecteurs abonn\u00e9s, aucun milliardaire ni groupe bancaire ne nous finance.<\/p>\n<p>Nous demandons \u00e0 nos lecteurs une faible contribution pour disposer \u00e0 Bordeaux d\u2019un m\u00e9dia critique des pouvoirs, capable d\u2019enqu\u00eater et de traiter les enjeux locaux en profondeur et dans la dur\u00e9e.<\/p>\n<p>Chaque abonnement compte. Toutes nos recettes sont investies dans un journalisme local ind\u00e9pendant, dont la force et la r\u00e9activit\u00e9 d\u00e9pend directement du nombre d\u2019abonn\u00e9s actifs.<\/p>\n<p class=\"has-text-align-right\"><strong><a href=\"https:\/\/rue89bordeaux.com\/?p=128375\" data-type=\"page\" data-id=\"0\" target=\"_blank\" rel=\"noopener\">Je m\u2019abonne\u00a0 <\/a><\/strong><\/p>\n<p>\t\t\t<a href=\"https:\/\/rue89bordeaux.com\/\" class=\"custom-logo-link\" rel=\"home noopener\" target=\"_blank\"><img loading=\"lazy\" decoding=\"async\" width=\"290\" height=\"49\" src=\"https:\/\/www.europesays.com\/fr\/wp-content\/uploads\/2025\/04\/logo.png\" class=\"custom-logo\" alt=\"Rue89Bordeaux Enqu\u00eates et informations de proximit\u00e9\"  \/><\/a><\/p>\n<p>\n\t\t\t\tAbonnez-vous maintenant pour suivre l\u2019actualit\u00e9 locale.\t\t\t<\/p>\n<p class=\"font-bold font-serif-heading mb-2 text-4xl\">\n\t\t\t\t\t\tL\u2019investigation locale \u00e0 port\u00e9e de main.\n\t\t\t\t\t<\/p>\n<p>\n\t\t\t\t\t\tAbonnez-vous et profitez d\u2019un acc\u00e8s illimit\u00e9 \u00e0 Rue89Bordeaux. Annulez quand vous voulez.\n\t\t\t\t\t<\/p>\n<p class=\"xl:text-sm\">\n\t\t\t\t\tD\u00e9j\u00e0 abonn\u00e9\u00a0?<br \/>\n\t\t\t\t\t<a class=\"border border-transparent text-center transition-colors duration-instant focus:border-info focus:rounded focus:shadow-focus cursor-pointer text-black hover:text-gray-700 active:bg-black-700 font-semibold inline-block\" href=\"https:\/\/rue89bordeaux.com\/user\/login\/?redirect=\/2025\/12\/talence-cas-decole-en-france-dunion-de-toute-la-gauche-aux-municipales\/\" target=\"_blank\" rel=\"noopener\">Connectez-vous<\/a>\t\t\t\t<\/p>\n<p>\n\t\t\t\tChoisissez votre formule\u00a0:\n\t\t\t<\/p>\n<p>\t\t\t\tFermer<\/p>\n","protected":false},"excerpt":{"rendered":"Retour de hype pour le Nouveau Front populaire \u00e0 Talence : pour d\u00e9loger la droite, qui tient la&hellip;\n","protected":false},"author":2,"featured_media":581856,"comment_status":"","ping_status":"","sticky":false,"template":"","format":"standard","meta":{"footnotes":""},"categories":[2817],"tags":[1111,11,1997,1777,674,1011,27,69573,3434,12,2219,25,46939],"class_list":{"0":"post-581855","1":"post","2":"type-post","3":"status-publish","4":"format-standard","5":"has-post-thumbnail","7":"category-bordeaux","8":"tag-actu","9":"tag-actualites","10":"tag-bordeaux","11":"tag-eu","12":"tag-europe","13":"tag-fr","14":"tag-france","15":"tag-isabelle-rami","16":"tag-municipales-2026","17":"tag-news","18":"tag-nouvelle-aquitaine","19":"tag-republique-francaise","20":"tag-talence"},"share_on_mastodon":{"url":"https:\/\/pubeurope.com\/@fr\/115672045243760884","error":""},"_links":{"self":[{"href":"https:\/\/www.europesays.com\/fr\/wp-json\/wp\/v2\/posts\/581855","targetHints":{"allow":["GET"]}}],"collection":[{"href":"https:\/\/www.europesays.com\/fr\/wp-json\/wp\/v2\/posts"}],"about":[{"href":"https:\/\/www.europesays.com\/fr\/wp-json\/wp\/v2\/types\/post"}],"author":[{"embeddable":true,"href":"https:\/\/www.europesays.com\/fr\/wp-json\/wp\/v2\/users\/2"}],"replies":[{"embeddable":true,"href":"https:\/\/www.europesays.com\/fr\/wp-json\/wp\/v2\/comments?post=581855"}],"version-history":[{"count":0,"href":"https:\/\/www.europesays.com\/fr\/wp-json\/wp\/v2\/posts\/581855\/revisions"}],"wp:featuredmedia":[{"embeddable":true,"href":"https:\/\/www.europesays.com\/fr\/wp-json\/wp\/v2\/media\/581856"}],"wp:attachment":[{"href":"https:\/\/www.europesays.com\/fr\/wp-json\/wp\/v2\/media?parent=581855"}],"wp:term":[{"taxonomy":"category","embeddable":true,"href":"https:\/\/www.europesays.com\/fr\/wp-json\/wp\/v2\/categories?post=581855"},{"taxonomy":"post_tag","embeddable":true,"href":"https:\/\/www.europesays.com\/fr\/wp-json\/wp\/v2\/tags?post=581855"}],"curies":[{"name":"wp","href":"https:\/\/api.w.org\/{rel}","templated":true}]}}