{"id":581859,"date":"2025-12-06T10:02:13","date_gmt":"2025-12-06T10:02:13","guid":{"rendered":"https:\/\/www.europesays.com\/fr\/581859\/"},"modified":"2025-12-06T10:02:13","modified_gmt":"2025-12-06T10:02:13","slug":"le-mangeur-masque-explique-pourquoi","status":"publish","type":"post","link":"https:\/\/www.europesays.com\/fr\/581859\/","title":{"rendered":"le Mangeur Masqu\u00e9 explique pourquoi"},"content":{"rendered":"<p>                    Par<br \/>\n        <strong><br \/>\n            <a href=\"https:\/\/actu.fr\/auteur\/redaction-toulouse\" title=\"Consulter tous les articles de R\u00e9daction de Toulouse\" target=\"_blank\" rel=\"noopener\">R\u00e9daction de Toulouse<\/a><br \/>\n                    <\/strong><\/p>\n<p>        Publi\u00e9 le<\/p>\n<p>            6 d\u00e9c. 2025 \u00e0 11h00        <\/p>\n<p>On a chacun une histoire \u00e0 raconter avec un restaurant. Entre les murs, des moments de vie partag\u00e9s, des instants fig\u00e9s, des rencontres qui finissent parfois par un au revoir qui se regrettera sans doute un jour (si j\u2019avais su\u2026). Moi, <strong>Dar Diaf<\/strong>, je l\u2019ai connu gr\u00e2ce \u00e0 une amie ch\u00e8re, impatiente de me faire d\u00e9couvrir son petit endroit pr\u00e9f\u00e9r\u00e9,<strong> install\u00e9 depuis 30 ans<\/strong> dans une rue intimiste des <strong>Carmes<\/strong>. C\u2019\u00e9tait il y a une pellet\u00e9e d\u2019ann\u00e9es. \u00a0\u00c0 une \u00e9poque <a href=\"https:\/\/actu.fr\/toulouse\/\" target=\"_blank\" rel=\"noopener\">o\u00f9 Toulouse<\/a> \u00e9tait encore un peu plus rugueuse. O\u00f9 le TFC des Pitchouns red\u00e9couvrait la Ligue 1. O\u00f9 il n\u2019y avait qu\u2019une seule ligne de m\u00e9tro sous terre. <strong>Nostalgique<\/strong> ? Pas le moins du monde.<\/p>\n<p>Chef Sid Ahmed, depuis toujours<\/p>\n<p class=\" wall-content\">Encore aujourd\u2019hui, je pousse avec le m\u00eame plaisir la porte de cette <strong>\u00a0\u00bb maison des invit\u00e9s \u00ab\u00a0<\/strong> (la traduction litt\u00e9rale de Dar Diaf). Un endroit rare, port\u00e9 depuis toujours par le chef Sid Ahmed, qui cultive sa discr\u00e9tion. Pour mieux la partager \u00e0 sa table.<\/p>\n<p class=\" wall-content\">\u00c0 ses d\u00e9buts, c\u2019\u00e9tait uniquement l\u2019apr\u00e8s midi, fa\u00e7on salon de th\u00e9 avec de sublimes p\u00e2tisseries orientales (2\u20ac pi\u00e8ce). Depuis<strong> une bonne quinzaine d\u2019ann\u00e9es<\/strong> maintenant, le service se fait \u00e9galement le midi, comme une cantine, avec toujours des souvenirs rapport\u00e9s de <strong>M\u00e9diterran\u00e9e<\/strong>, des saveurs de cannelle, de cumin, de fleur d\u2019oranger, de viande aux mille \u00e9pices.<\/p>\n<p>Des couleurs plein l\u2019assiette\u00a0<br \/>\n    <img   decoding=\"async\" loading=\"lazy\" src=\"https:\/\/www.europesays.com\/fr\/wp-content\/uploads\/2025\/12\/292441e95d2962d2441e95d2901344v-960x640.jpg\" alt=\"Les assiettes proposent toujours des compositions surprenantes.\" width=\"960\" height=\"640\"\/><br \/>\n    Les assiettes proposent toujours des compositions surprenantes. (\u00a9L.M.M.)<\/p>\n<p class=\" wall-content\">Beaucoup de v\u00e9g\u00e9tal et des <strong>couleurs plein l\u2019assiette,<\/strong> simple mais inventive, et surtout unique puisque l\u2019ardoise ne propose qu\u2019un seul plat au d\u00e9jeuner (14\u20ac). C\u2019est comme \u00e7a. Et c\u2019est bien aussi parfois de se laisser porter.<\/p>\n<p class=\" wall-content\">Cette composition renouvel\u00e9e r\u00e9guli\u00e8rement au gr\u00e9 des saisons peut \u00eatre compl\u00e9t\u00e9e par un dessert (3\u20ac50). Ce midi-l\u00e0 : <strong>fondant au chocolat<\/strong> \u00e0 la f\u00e8ve tonka, mangue et trait de citron, ou pommes fondantes et cr\u00e8me de fromage blanc aux amandes am\u00e8res.<\/p>\n<p>Votre r\u00e9gion, votre actu !<\/p>\n<p>Recevez chaque jour les infos qui comptent pour vous.<\/p>\n<p>\t<a href=\"https:\/\/actu.fr\/newsletter\" class=\"ac-btn ac-btn--corner ac-btn--medium ac-btn--blue800\" target=\"_blank\" rel=\"noopener\">S&rsquo;incrire<\/a><br \/>\nMerveilleuses confitures maison !<br \/>\n    <img   decoding=\"async\" loading=\"lazy\" class=\"size-large\" src=\"https:\/\/www.europesays.com\/fr\/wp-content\/uploads\/2025\/12\/499431e95d2964d9431e95d2911a43v-960x640.jpg\" alt=\"La confiture patate douce\/vanille, quelle d\u00e9couverte\" width=\"960\" height=\"640\"\/><br \/>\n    La confiture patate douce\/vanille, quelle d\u00e9couverte \u00a9L.M.M.<\/p>\n<p class=\" wall-content\">Et puis si la curiosit\u00e9 vous prend, allez plonger votre regard \u00e0 l\u2019arri\u00e8re du restaurant, face \u00e0 la cuisine ouverte : vous d\u00e9couvrirez un coin \u00e9picerie, avec notamment<strong> une rang\u00e9e de merveilleuses confitures maison<\/strong> (4\u20ac le pot) : poire\/gingembre, orange\/carotte\/citron, mirabelle \u00e0 l\u2019anis vert\u2026 \u00c0 emporter pr\u00e9cieusement avec soi comme un souvenir doux sucr\u00e9, avant de reprendre sa vie, en arpentant non loin les couloirs de la ligne B du m\u00e9tro. Bien dans son \u00e9poque.<\/p>\n<p class=\" wall-content\"><strong>LE MANGEUR MASQU\u00c9 <\/strong><br \/>Suivez-le sur <a href=\"https:\/\/www.instagram.com\/le_mangeur_masque\/?hl=fr\" target=\"_blank\" rel=\"noopener\">Insta.<\/a><\/p>\n<p>Dar Diaf, 10 rue Maletache<\/p>\n<p class=\" wall-content\">Personnalisez votre actualit\u00e9 en ajoutant vos villes et m\u00e9dias en favori avec <a href=\"https:\/\/moncompte.actu.fr\" title=\"D\u00e9couvez Mon Actu\" rel=\"nofollow noopener\" data-trk=\"{&quot;cta&quot;:{&quot;action&quot;:&quot;https:\\\/\\\/moncompte.actu.fr&quot;,&quot;category&quot;:&quot;mon compte&quot;,&quot;from&quot;:&quot;article footer&quot;,&quot;name&quot;:&quot;Mon actu&quot;,&quot;type&quot;:&quot;cta&quot;}}\" target=\"_blank\">Mon Actu<\/a>.<\/p>\n<p>                    <script async src=\"\/\/www.instagram.com\/embed.js\"><\/script><\/p>\n","protected":false},"excerpt":{"rendered":"Par R\u00e9daction de Toulouse Publi\u00e9 le 6 d\u00e9c. 2025 \u00e0 11h00 On a chacun une histoire \u00e0 raconter&hellip;\n","protected":false},"author":2,"featured_media":581860,"comment_status":"","ping_status":"","sticky":false,"template":"","format":"standard","meta":{"footnotes":""},"categories":[2816],"tags":[1111,11,1777,674,1011,27,1652,12,2680,25,2850,2312],"class_list":{"0":"post-581859","1":"post","2":"type-post","3":"status-publish","4":"format-standard","5":"has-post-thumbnail","7":"category-toulouse","8":"tag-actu","9":"tag-actualites","10":"tag-eu","11":"tag-europe","12":"tag-fr","13":"tag-france","14":"tag-loisirs-culture","15":"tag-news","16":"tag-occitanie","17":"tag-republique-francaise","18":"tag-restaurants-de-toulouse","19":"tag-toulouse"},"share_on_mastodon":{"url":"https:\/\/pubeurope.com\/@fr\/115672053174509120","error":""},"_links":{"self":[{"href":"https:\/\/www.europesays.com\/fr\/wp-json\/wp\/v2\/posts\/581859","targetHints":{"allow":["GET"]}}],"collection":[{"href":"https:\/\/www.europesays.com\/fr\/wp-json\/wp\/v2\/posts"}],"about":[{"href":"https:\/\/www.europesays.com\/fr\/wp-json\/wp\/v2\/types\/post"}],"author":[{"embeddable":true,"href":"https:\/\/www.europesays.com\/fr\/wp-json\/wp\/v2\/users\/2"}],"replies":[{"embeddable":true,"href":"https:\/\/www.europesays.com\/fr\/wp-json\/wp\/v2\/comments?post=581859"}],"version-history":[{"count":0,"href":"https:\/\/www.europesays.com\/fr\/wp-json\/wp\/v2\/posts\/581859\/revisions"}],"wp:featuredmedia":[{"embeddable":true,"href":"https:\/\/www.europesays.com\/fr\/wp-json\/wp\/v2\/media\/581860"}],"wp:attachment":[{"href":"https:\/\/www.europesays.com\/fr\/wp-json\/wp\/v2\/media?parent=581859"}],"wp:term":[{"taxonomy":"category","embeddable":true,"href":"https:\/\/www.europesays.com\/fr\/wp-json\/wp\/v2\/categories?post=581859"},{"taxonomy":"post_tag","embeddable":true,"href":"https:\/\/www.europesays.com\/fr\/wp-json\/wp\/v2\/tags?post=581859"}],"curies":[{"name":"wp","href":"https:\/\/api.w.org\/{rel}","templated":true}]}}