{"id":581863,"date":"2025-12-06T10:05:22","date_gmt":"2025-12-06T10:05:22","guid":{"rendered":"https:\/\/www.europesays.com\/fr\/581863\/"},"modified":"2025-12-06T10:05:22","modified_gmt":"2025-12-06T10:05:22","slug":"achraf-hakimi-a-lille-lannonce-que-peronne-na-vu-venir","status":"publish","type":"post","link":"https:\/\/www.europesays.com\/fr\/581863\/","title":{"rendered":"Achraf Hakimi \u00e0 Lille, l\u2019annonce que peronne n\u2019a vu venir !"},"content":{"rendered":"<p>                    Hugo Chirossel<br \/>\n                        &#8211;<\/p>\n<p>Journaliste<\/p>\n<p>Passionn\u00e9 de football depuis le plus jeune \u00e2ge, devenir journaliste sportif est rapidement devenu une \u00e9vidence pour Hugo. Il se d\u00e9couvrira plus tard un amour pour la NBA, avant d\u2019explorer d\u2019autres horizons comme ceux de la Formule 1 et de la NFL.<\/p>\n<p class=\"heading\">En battant l\u2019OM (1-0) vendredi, le LOSC est revenu \u00e0 la hauteur de leur adversaire du soir au classement, \u00e0 deux points du RC Lens, premier. Apr\u00e8s la rencontre, Bruno Genesio a mis en avant le r\u00f4le de Thomas Meunier. L\u2019entra\u00eeneur lillois estime qu\u2019il a un profil similaire \u00e0 celui d\u2019Achraf Hakimi au PSG, dont il a avou\u00e9 s\u2019inspirer. <\/p>\n<p>Vendredi soir, le <strong>LOSC<\/strong> a encha\u00een\u00e9 une troisi\u00e8me victoire cons\u00e9cutive en championnat lors de la r\u00e9ception de l\u2019<strong>OM<\/strong> (1-0). Un succ\u00e8s qui permet aux Dogues de revenir \u00e0 la hauteur des Olympiens au classement et \u00e0 deux points du leader, le <strong>RC Lens<\/strong>, oppos\u00e9 au <strong>FC Nantes<\/strong> ce samedi.<\/p>\n<p>                                            Meunier, \u00ab un profil similaire \u00e0 Achraf Hakimi \u00bb<\/p>\n<p>Le <strong>LOSC<\/strong> s\u2019est impos\u00e9 gr\u00e2ce \u00e0 un but d\u2019<strong>Ethan Mbapp\u00e9<\/strong>, bien aid\u00e9 par une sortie hasardeuse de <strong>Geronimo Rulli<\/strong>, et notamment un bon <strong>Thomas Meunier<\/strong>. Un joueur que <strong>Bruno Genesio<\/strong> a mis en avant apr\u00e8s la rencontre, en osant une comparaison avec <strong>Achraf Hakimi<\/strong>.<\/p>\n<p>                                            \u00ab On doit s\u2019inspirer des meilleurs \u00bb<\/p>\n<p>\u00ab C\u2019est un profil similaire \u00e0 Achraf Hakimi. On doit s\u2019inspirer des meilleurs, donc de ce qu\u2019ils font (du PSG), mais avec nos caract\u00e9ristiques. Il a de l\u2019exp\u00e9rience au tr\u00e8s haut niveau, je lui laisse beaucoup de libert\u00e9, car il a une certaine capacit\u00e9 \u00e0 d\u00e9zoner. Techniquement, il est tr\u00e8s \u00e0 l\u2019aise \u00bb, a d\u00e9clar\u00e9 <strong>Bruno Genesio<\/strong> au micro de beIN Sports. <\/p>\n","protected":false},"excerpt":{"rendered":"Hugo Chirossel &#8211; Journaliste Passionn\u00e9 de football depuis le plus jeune \u00e2ge, devenir journaliste sportif est rapidement devenu&hellip;\n","protected":false},"author":2,"featured_media":581864,"comment_status":"","ping_status":"","sticky":false,"template":"","format":"standard","meta":{"footnotes":""},"categories":[2815],"tags":[1111,11,1777,674,1011,27,811,1307,12,25],"class_list":{"0":"post-581863","1":"post","2":"type-post","3":"status-publish","4":"format-standard","5":"has-post-thumbnail","7":"category-lille","8":"tag-actu","9":"tag-actualites","10":"tag-eu","11":"tag-europe","12":"tag-fr","13":"tag-france","14":"tag-hauts-de-france","15":"tag-lille","16":"tag-news","17":"tag-republique-francaise"},"share_on_mastodon":{"url":"https:\/\/pubeurope.com\/@fr\/115672064023575219","error":""},"_links":{"self":[{"href":"https:\/\/www.europesays.com\/fr\/wp-json\/wp\/v2\/posts\/581863","targetHints":{"allow":["GET"]}}],"collection":[{"href":"https:\/\/www.europesays.com\/fr\/wp-json\/wp\/v2\/posts"}],"about":[{"href":"https:\/\/www.europesays.com\/fr\/wp-json\/wp\/v2\/types\/post"}],"author":[{"embeddable":true,"href":"https:\/\/www.europesays.com\/fr\/wp-json\/wp\/v2\/users\/2"}],"replies":[{"embeddable":true,"href":"https:\/\/www.europesays.com\/fr\/wp-json\/wp\/v2\/comments?post=581863"}],"version-history":[{"count":0,"href":"https:\/\/www.europesays.com\/fr\/wp-json\/wp\/v2\/posts\/581863\/revisions"}],"wp:featuredmedia":[{"embeddable":true,"href":"https:\/\/www.europesays.com\/fr\/wp-json\/wp\/v2\/media\/581864"}],"wp:attachment":[{"href":"https:\/\/www.europesays.com\/fr\/wp-json\/wp\/v2\/media?parent=581863"}],"wp:term":[{"taxonomy":"category","embeddable":true,"href":"https:\/\/www.europesays.com\/fr\/wp-json\/wp\/v2\/categories?post=581863"},{"taxonomy":"post_tag","embeddable":true,"href":"https:\/\/www.europesays.com\/fr\/wp-json\/wp\/v2\/tags?post=581863"}],"curies":[{"name":"wp","href":"https:\/\/api.w.org\/{rel}","templated":true}]}}