{"id":581865,"date":"2025-12-06T10:06:13","date_gmt":"2025-12-06T10:06:13","guid":{"rendered":"https:\/\/www.europesays.com\/fr\/581865\/"},"modified":"2025-12-06T10:06:13","modified_gmt":"2025-12-06T10:06:13","slug":"vers-linscription-au-titre-des-monuments-historiques","status":"publish","type":"post","link":"https:\/\/www.europesays.com\/fr\/581865\/","title":{"rendered":"Vers l\u2019inscription au titre des monuments historiques"},"content":{"rendered":"\n<p>Assumant de forcer un peu les choses, la ministre de la Culture, Rachida Dati, avait exprim\u00e9 lors de son premier d\u00e9placement \u00e0 Marseille le 16\u00a0janvier 2025 sa volont\u00e9 de prot\u00e9ger la Bonne M\u00e8re, prenant de court le dioc\u00e8se plut\u00f4t r\u00e9ticent. Apr\u00e8s tout, la Bonne M\u00e8re n\u2019offre-t-elle pas d\u00e9j\u00e0 une protection ?<\/p>\n<p>La seule protection juridique dont jouit \u00e0 ce jour la Colline de Notre-Dame de la Garde, c\u2019est celle de \u00ab\u00a0site class\u00e9\u00a0\u00bb comme le Vieux-Port, la corniche Kennedy ou encore la Pointe Rouge. La Ville de Marseille l\u2019avait demand\u00e9 et obtenu en 1917 pour pr\u00e9venir l\u2019atteinte occasionn\u00e9e par les carri\u00e8res de la butte qui compromettaient la solidit\u00e9 de la Basilique, et qui produisaient \u00ab\u00a0les r\u00e9sultats les plus d\u00e9sastreux contre l\u2019esth\u00e9tique d\u2019un des plus jolis sites de Marseille\u00a0\u00bb. Une protection qui ne vaut pas grand-chose, le b\u00e9ton sauvage coulant dans son dos.<\/p>\n<p>Apr\u00e8s des mois d\u2019\u00e9changes avec les services du cardinal-archev\u00eaque Jean-Marc Aveline qui a donn\u00e9 son accord, le dossier de protection au titre des monuments historiques a avanc\u00e9. La commission r\u00e9gionale de l\u2019architecture et du patrimoine s\u2019est r\u00e9unie jeudi et a donn\u00e9 un avis favorable avec v\u0153u de classement. Le nouveau pr\u00e9fet de r\u00e9gion officialisera le p\u00e9rim\u00e8tre de l\u2019inscription dans un arr\u00eat\u00e9 qu\u2019il pourrait signer dans quelques semaines.<\/p>\n<p>La protection de la basilique de la Bonne M\u00e8re se justifie par son histoire, sa charge symbolique et spirituelle. C\u2019est un \u00e9difice embl\u00e9matique du grand paysage marseillais et de son patrimoine. La Basilique a \u00e9t\u00e9 \u00e9rig\u00e9e entre 1853 et 1870 sur un site o\u00f9 se trouvait un ouvrage fortifi\u00e9 sous Fran\u00e7ois\u00a0Ier destin\u00e9 \u00e0 prot\u00e9ger la ville apr\u00e8s le si\u00e8ge de 1524 par les troupes de Charles Quint et une chapelle rempla\u00e7ant un monument dat\u00e9 de 1214, propri\u00e9t\u00e9 des moines de l\u2019abbaye Saint-Victor. Cette combinaison entre le militaire et le religieux a ancr\u00e9 dans l\u2019esprit des Marseillais cette double protection spirituelle et mat\u00e9rielle.<\/p>\n<p>Pour les historiens de l\u2019art, Notre-Dame de la Garde constitue en outre un jalon important dans le d\u00e9veloppement du style romano-byzantin en France au XIXe\u00a0si\u00e8cle, issu des recherches n\u00e9o-romanes commenc\u00e9es \u00e0 Saint-Paul de N\u00eemes, aux c\u00f4t\u00e9s de la cath\u00e9drale de la Major \u00e0 Marseille. La conception et les qualit\u00e9s imagin\u00e9es et r\u00e9alis\u00e9es par le premier architecte, Henry-Jacques Esp\u00e9randieu (1829-1874), se combinent avec la vari\u00e9t\u00e9 et l\u2019esth\u00e9tique des d\u00e9cors de mosa\u00efque et de marbre, dus \u00e0 son successeur Henry R\u00e9voil (1822-1900), dans une \u0153uvre d\u2019art total.<\/p>\n","protected":false},"excerpt":{"rendered":"Assumant de forcer un peu les choses, la ministre de la Culture, Rachida Dati, avait exprim\u00e9 lors de&hellip;\n","protected":false},"author":2,"featured_media":581866,"comment_status":"","ping_status":"","sticky":false,"template":"","format":"standard","meta":{"footnotes":""},"categories":[2814],"tags":[1111,11,31324,1777,674,1011,27,884,12,882,25],"class_list":{"0":"post-581865","1":"post","2":"type-post","3":"status-publish","4":"format-standard","5":"has-post-thumbnail","7":"category-marseille","8":"tag-actu","9":"tag-actualites","10":"tag-architecte","11":"tag-eu","12":"tag-europe","13":"tag-fr","14":"tag-france","15":"tag-marseille","16":"tag-news","17":"tag-provence-alpes-cote-dazur","18":"tag-republique-francaise"},"share_on_mastodon":{"url":"https:\/\/pubeurope.com\/@fr\/115672067951634834","error":""},"_links":{"self":[{"href":"https:\/\/www.europesays.com\/fr\/wp-json\/wp\/v2\/posts\/581865","targetHints":{"allow":["GET"]}}],"collection":[{"href":"https:\/\/www.europesays.com\/fr\/wp-json\/wp\/v2\/posts"}],"about":[{"href":"https:\/\/www.europesays.com\/fr\/wp-json\/wp\/v2\/types\/post"}],"author":[{"embeddable":true,"href":"https:\/\/www.europesays.com\/fr\/wp-json\/wp\/v2\/users\/2"}],"replies":[{"embeddable":true,"href":"https:\/\/www.europesays.com\/fr\/wp-json\/wp\/v2\/comments?post=581865"}],"version-history":[{"count":0,"href":"https:\/\/www.europesays.com\/fr\/wp-json\/wp\/v2\/posts\/581865\/revisions"}],"wp:featuredmedia":[{"embeddable":true,"href":"https:\/\/www.europesays.com\/fr\/wp-json\/wp\/v2\/media\/581866"}],"wp:attachment":[{"href":"https:\/\/www.europesays.com\/fr\/wp-json\/wp\/v2\/media?parent=581865"}],"wp:term":[{"taxonomy":"category","embeddable":true,"href":"https:\/\/www.europesays.com\/fr\/wp-json\/wp\/v2\/categories?post=581865"},{"taxonomy":"post_tag","embeddable":true,"href":"https:\/\/www.europesays.com\/fr\/wp-json\/wp\/v2\/tags?post=581865"}],"curies":[{"name":"wp","href":"https:\/\/api.w.org\/{rel}","templated":true}]}}