{"id":581871,"date":"2025-12-06T10:09:14","date_gmt":"2025-12-06T10:09:14","guid":{"rendered":"https:\/\/www.europesays.com\/fr\/581871\/"},"modified":"2025-12-06T10:09:14","modified_gmt":"2025-12-06T10:09:14","slug":"colere-pour-les-drones-a-la-tete-dor","status":"publish","type":"post","link":"https:\/\/www.europesays.com\/fr\/581871\/","title":{"rendered":"col\u00e8re pour les drones \u00e0 la T\u00eate d&rsquo;Or"},"content":{"rendered":"<p>                    Par<br \/>\n        <strong><br \/>\n            <a href=\"https:\/\/actu.fr\/auteur\/anthony-soudani\" title=\"Consulter tous les articles de Anthony Soudani\" target=\"_blank\" rel=\"noopener\">Anthony Soudani<\/a><br \/>\n                    <\/strong><\/p>\n<p>        Publi\u00e9 le<\/p>\n<p>            6 d\u00e9c. 2025 \u00e0 10h38        <\/p>\n<p>Le show de drones d\u2019Allumee a attir\u00e9 <a href=\"https:\/\/actu.fr\/auvergne-rhone-alpes\/lyon_69123\/fete-des-lumieres-a-lyon-de-la-folie-un-monde-incroyable-devant-la-tete-d-or-pour-les-drones_63539232.html\" target=\"_blank\" rel=\"noopener\">une foule exceptionnelle au parc de la T\u00eate d\u2019Or<\/a> pour la <strong>F\u00eate des Lumi\u00e8res 2025<\/strong> vendredi 5 d\u00e9cembre \u00e0 Lyon. D\u00e8s son lancement \u00e0 19h, il y a eu plus d1h30 d\u2019attente pour assister aux 8 minutes du spectacle lumineux dans le ciel. Cette grande r\u00e9ussite, pl\u00e9biscit\u00e9e par les visiteurs, en a finalement frustr\u00e9 plus d\u2019un en fin de soir\u00e9e. Nombre d\u2019entre eux sont rest\u00e9s bloqu\u00e9s devant les grilles \u00e0 22h.\u00a0<\/p>\n<p>\u00ab\u00a0On nous ferme la porte au nez comme des malpropres\u00a0\u00bb<\/p>\n<p class=\" wall-content\">C\u2019est le cas d\u2019Herv\u00e9 et Romain, tr\u00e8s remont\u00e9s. \u00ab\u00a0Regardez, ma fille de six ans est en pleurs.\u00a0\u00bb Depuis la Doua, les deux amis et leur famille ont fait tout le tour du parc de la T\u00eate d\u2019Or en cherchant l\u2019acc\u00e8s. \u00c0 leur arriv\u00e9e, apr\u00e8s 3 km de marche avec les enfants, les portes sont ferm\u00e9es. \u00ab\u00a0Il n\u2019y a rien qui nous indiquait la bonne entr\u00e9e\u00a0\u00bb, r\u00e2lent-ils.<\/p>\n<p class=\" wall-content\">Tr\u00e8s en col\u00e8re, les deux amis ajoutent : \u00ab\u00a0On nous ferme la porte au nez comme des malpropres.\u00a0\u00bb<\/p>\n<p>    <img   decoding=\"async\" loading=\"lazy\" src=\"https:\/\/www.europesays.com\/fr\/wp-content\/uploads\/2025\/12\/parc-tete-dor-fete-des-lumieres-lyon-960x640.jpeg\" alt=\"Herv\u00e9 et Romain \u00e9taient d\u00e9go\u00fbt\u00e9s de ne pas pouvoir assister au show de drones du parc de la T\u00eate d'Or, lors de la F\u00eate des Lumi\u00e8res 2025 \u00e0 Lyon.\" width=\"960\" height=\"640\"\/><br \/>\n    Herv\u00e9 et Romain \u00e9taient d\u00e9go\u00fbt\u00e9s de ne pas pouvoir assister au show de drones du parc de la T\u00eate d\u2019Or, lors de la F\u00eate des Lumi\u00e8res 2025 \u00e0 Lyon. (\u00a9Anthony Soudani \/ actu Lyon)\u00ab\u00a0On est le bec dans l\u2019eau\u00a0\u00bb<\/p>\n<p class=\" wall-content\">Sol\u00e8ne et Sylvie, deux touristes venues de l\u2019ouest de la France, sont \u00e9galement d\u00e9gout\u00e9es. Elles montrent un flyer distribu\u00e9 \u00e0 leur h\u00f4tel qui n\u2019indique pas d\u2019heure. Elles se sont donc appuy\u00e9es sur les horaires de la <a href=\"https:\/\/actu.fr\/auvergne-rhone-alpes\/lyon_69123\/lyon-les-commercants-tirent-la-langue-pendant-la-fete-des-lumieres-le-pire-week-end_63536951.html\" target=\"_blank\" rel=\"noopener\">F\u00eate des Lumi\u00e8res<\/a> (23h).\u00a0<\/p>\n<p class=\" wall-content\">\u00ab\u00a0Nous sommes parties de l\u2019h\u00f4tel avec la carte. On a fait d\u00e9j\u00e0 certaines illuminations, on a fait un restaurant au Vieux-Lyon. Puis, on arrive devant la T\u00eate d\u2019Or pour assister au spectacle mais en fin de compte, la grille est ferm\u00e9e. C\u2019est une d\u00e9convenue\u00a0\u00bb, explique Sol\u00e8ne \u00e0 notre micro.\u00a0<\/p>\n<p class=\" wall-content\">Elle ajoute : \u00ab\u00a0On est le bec dans l\u2019eau. On va refaire une tentative demain (samedi) mais ce soir \u00e7a nous aurait fait plaisir de voir ce spectacle-l\u00e0\u2026\u00a0\u00bb Sylvie compl\u00e8te : \u00ab\u00a0Le temps qu\u2019on a perdu \u00e0 venir ici, c\u2019est du temps perdu pour voir d\u2019autres spectacles. C\u2019est dommage.\u00a0\u00bb<\/p>\n<p>Votre r\u00e9gion, votre actu !<\/p>\n<p>Recevez chaque jour les infos qui comptent pour vous.<\/p>\n<p>\t<a href=\"https:\/\/actu.fr\/newsletter\" class=\"ac-btn ac-btn--corner ac-btn--medium ac-btn--blue800\" target=\"_blank\" rel=\"noopener\">S&rsquo;incrire<\/a><\/p>\n<p class=\" wall-content\">\n<p>Un manque de communication clair sur les horaires ?<\/p>\n<p class=\" wall-content\">Des Normands ont fait la route toute la journ\u00e9e pour venir voir la F\u00eate des Lumi\u00e8res avec leur fils en \u00e9tude \u00e0 Lyon. Ils sont tr\u00e8s d\u00e9\u00e7us de ne pas avoir vu le show de drones : \u00ab\u00a0Peanuts, on n\u2019a rien. On est tr\u00e8s d\u00e9\u00e7us\u2026\u00a0\u00bb Eux aussi, on leur avait communiqu\u00e9 une fin \u00e0 23h.\u00a0<\/p>\n<p class=\" wall-content\">Et c\u2019\u00e9tait le cas d\u2019un grand nombre de visiteurs qui ont continu\u00e9 \u00e0 affluer devant les grilles du parc de la T\u00eate d\u2019Or. La d\u00e9ception \u00e9tait \u00e9norme tant le show des 500 drones d\u2019Allumee donne envie d\u2019\u00eatre admir\u00e9.<\/p>\n<p>    <img   decoding=\"async\" loading=\"lazy\" src=\"https:\/\/www.europesays.com\/fr\/wp-content\/uploads\/2025\/12\/police-lyon-tete-dor-fete-lumieres-960x640.jpeg\" alt=\"La police municipale a d\u00fb orienter de nombreux touristes d\u00e9\u00e7us de ne pas pouvoir assister au show de drones du parc de la T\u00eate d'Or.\" width=\"960\" height=\"640\"\/><br \/>\n    La police municipale a d\u00fb orienter de nombreux touristes d\u00e9\u00e7us de ne pas pouvoir assister au show de drones du parc de la T\u00eate d\u2019Or. (\u00a9Anthony Soudani \/ actu Lyon)<\/p>\n<p class=\" wall-content\">Comment expliquer ce couac ? D\u00e9j\u00e0, sur le <a href=\"https:\/\/www.fetedeslumieres.lyon.fr\/fr\/page\/horaires-et-dates-fete-des-lumieres-2025\" target=\"_blank\" rel=\"noopener\">site officiel de la F\u00eate des Lumi\u00e8res<\/a>, dans la rubrique \u00ab\u00a0Horaires et dates\u00a0\u00bb, rien n\u2019indique que le show de drones a des heures adapt\u00e9es.<\/p>\n<p class=\" wall-content\">Voici ce qui est \u00e9crit : \u00ab\u00a0Sauf mention particuli\u00e8re, les horaires sont les suivants : Vendredi 5 d\u00e9cembre de 19h \u00e0 23h ; Samedi 6 d\u00e9cembre de 19h \u00e0 23h ; Dimanche 7 d\u00e9cembre de 18h \u00e0 22h ; Lundi 8 d\u00e9cembre de 19h \u00e0 23h.\u00a0\u00bb<\/p>\n<p>Derni\u00e8re entr\u00e9e : 22h les 5, 6 et 8 d\u00e9c. 21h le 7 d\u00e9c<\/p>\n<p class=\" wall-content\">Cependant, sur le programme distribu\u00e9 et sur le site, il est bien mentionn\u00e9 que le Parc de la T\u00eate d\u2019Or a d\u2019autres horaires. Voici ce qu\u2019on peut lire dans un encart, qui pourrait \u00eatre plus visible : \u00ab\u00a0Parc de la T\u00eate d\u2019Or : entr\u00e9e angle rue Duquesne et rue T\u00eate d\u2019Or. Plusieurs boucles de spectacles de drones par soir\u00e9e. Sous r\u00e9serve de conditions m\u00e9t\u00e9orologiques adapt\u00e9es. Forte affluence \u00e0 pr\u00e9voir. <strong>Derni\u00e8re entr\u00e9e : 22h les 5, 6 et 8 d\u00e9c. 21h le 7 d\u00e9c.<\/strong>\u00ab\u00a0<\/p>\n<p class=\" wall-content\">Tr\u00e8s certainement qu\u2019une communication plus claire et massive sur cette particularit\u00e9 aurait permis d\u2019\u00e9viter ces couacs\u2026<\/p>\n<p class=\" wall-content\">Personnalisez votre actualit\u00e9 en ajoutant vos villes et m\u00e9dias en favori avec <a href=\"https:\/\/moncompte.actu.fr\" title=\"D\u00e9couvez Mon Actu\" rel=\"nofollow noopener\" data-trk=\"{&quot;cta&quot;:{&quot;action&quot;:&quot;https:\\\/\\\/moncompte.actu.fr&quot;,&quot;category&quot;:&quot;mon compte&quot;,&quot;from&quot;:&quot;article footer&quot;,&quot;name&quot;:&quot;Mon actu&quot;,&quot;type&quot;:&quot;cta&quot;}}\" target=\"_blank\">Mon Actu<\/a>.<\/p>\n","protected":false},"excerpt":{"rendered":"Par Anthony Soudani Publi\u00e9 le 6 d\u00e9c. 2025 \u00e0 10h38 Le show de drones d\u2019Allumee a attir\u00e9 une&hellip;\n","protected":false},"author":2,"featured_media":581872,"comment_status":"","ping_status":"","sticky":false,"template":"","format":"standard","meta":{"footnotes":""},"categories":[1889],"tags":[1111,11,2430,1777,674,48837,1011,27,1652,2428,12,13760,25],"class_list":{"0":"post-581871","1":"post","2":"type-post","3":"status-publish","4":"format-standard","5":"has-post-thumbnail","7":"category-lyon","8":"tag-actu","9":"tag-actualites","10":"tag-auvergne-rhone-alpes","11":"tag-eu","12":"tag-europe","13":"tag-fete-des-lumieres-de-lyon","14":"tag-fr","15":"tag-france","16":"tag-loisirs-culture","17":"tag-lyon","18":"tag-news","19":"tag-parc-de-la-tete-dor","20":"tag-republique-francaise"},"share_on_mastodon":{"url":"https:\/\/pubeurope.com\/@fr\/115672080391453767","error":""},"_links":{"self":[{"href":"https:\/\/www.europesays.com\/fr\/wp-json\/wp\/v2\/posts\/581871","targetHints":{"allow":["GET"]}}],"collection":[{"href":"https:\/\/www.europesays.com\/fr\/wp-json\/wp\/v2\/posts"}],"about":[{"href":"https:\/\/www.europesays.com\/fr\/wp-json\/wp\/v2\/types\/post"}],"author":[{"embeddable":true,"href":"https:\/\/www.europesays.com\/fr\/wp-json\/wp\/v2\/users\/2"}],"replies":[{"embeddable":true,"href":"https:\/\/www.europesays.com\/fr\/wp-json\/wp\/v2\/comments?post=581871"}],"version-history":[{"count":0,"href":"https:\/\/www.europesays.com\/fr\/wp-json\/wp\/v2\/posts\/581871\/revisions"}],"wp:featuredmedia":[{"embeddable":true,"href":"https:\/\/www.europesays.com\/fr\/wp-json\/wp\/v2\/media\/581872"}],"wp:attachment":[{"href":"https:\/\/www.europesays.com\/fr\/wp-json\/wp\/v2\/media?parent=581871"}],"wp:term":[{"taxonomy":"category","embeddable":true,"href":"https:\/\/www.europesays.com\/fr\/wp-json\/wp\/v2\/categories?post=581871"},{"taxonomy":"post_tag","embeddable":true,"href":"https:\/\/www.europesays.com\/fr\/wp-json\/wp\/v2\/tags?post=581871"}],"curies":[{"name":"wp","href":"https:\/\/api.w.org\/{rel}","templated":true}]}}