{"id":581875,"date":"2025-12-06T10:12:16","date_gmt":"2025-12-06T10:12:16","guid":{"rendered":"https:\/\/www.europesays.com\/fr\/581875\/"},"modified":"2025-12-06T10:12:16","modified_gmt":"2025-12-06T10:12:16","slug":"la-navette-qui-relie-paris-a-laeroport-charles-de-gaulle-va-etre-supprimee-debut-2026","status":"publish","type":"post","link":"https:\/\/www.europesays.com\/fr\/581875\/","title":{"rendered":"la navette qui relie Paris \u00e0 l&rsquo;a\u00e9roport Charles de Gaulle va \u00eatre supprim\u00e9e d\u00e9but 2026"},"content":{"rendered":"<p>                    Par<br \/>\n        <strong><br \/>\n            <a href=\"https:\/\/actu.fr\/auteur\/redaction-paris\" title=\"Consulter tous les articles de R\u00e9daction Paris\" target=\"_blank\" rel=\"noopener\">R\u00e9daction Paris<\/a><br \/>\n                    <\/strong><\/p>\n<p>        Publi\u00e9 le<\/p>\n<p>            6 d\u00e9c. 2025 \u00e0 10h38        <\/p>\n<p>Apr\u00e8s plus de 30\u00a0ans d\u2019activit\u00e9, le <strong>RoissyBus<\/strong> s\u2019appr\u00eate \u00e0 dispara\u00eetre. Cette ligne de bus historique reliant l\u2019arr\u00eat Op\u00e9ra, dans le 9e arrondissement de la capitale, \u00e0 l\u2019<a href=\"https:\/\/actu.fr\/ile-de-france\/tremblay-en-france_93073\/un-vol-paris-new-york-d-air-france-fait-demi-tour-au-dessus-de-l-angleterre-et-atterrit-en-urgence-a-roissy_63531672.html\" target=\"_blank\" rel=\"noopener\">a\u00e9roport Paris-Charles de Gaulle<\/a> sera supprim\u00e9e \u00e0 partir du <strong>1er mars 2026<\/strong>, annonce <a href=\"https:\/\/actu.fr\/ile-de-france\/paris_75056\/handicap-taxis-rembourses-conducteurs-notes-le-plan-de-valerie-pecresse-contre-les-rates-du-service-pam_63535246.html\" target=\"_blank\" rel=\"noopener\">\u00cele-de-France Mobilit\u00e9s (IDFM)<\/a> \u00e0 actu Paris. Causes avanc\u00e9es par l\u2019autorit\u00e9 de transport r\u00e9gionale\u2009: \u00ab\u2009des difficult\u00e9s en raison de la <a href=\"https:\/\/actu.fr\/ile-de-france\/paris_75056\/circulation-difficile-sur-les-routes-de-paris-et-d-ile-de-france-les-automobilistes-coinces-dans-les-bouchons_63527866.html\" target=\"_blank\" rel=\"noopener\">congestion r\u00e9guli\u00e8re de l\u2019A1<\/a> et de l\u2019acc\u00e8s \u00e0 Paris centre\u2009\u00bb.<\/p>\n<p>Une nouvelle ligne de car entre Saint-Denis et l\u2019a\u00e9roport<\/p>\n<p class=\" wall-content\">Pour remplacer cette ligne, IDFM pr\u00e9voit de cr\u00e9er \u00ab\u2009une nouvelle ligne de car (9517) qui desservira l\u2019a\u00e9roport via Saint-Denis Pleyel\u2009\u00bb, ce qui \u00ab\u2009permettra aux usagers de b\u00e9n\u00e9ficier de la correspondance avec les lignes 13, 14 et le RER D\u2009\u00bb pour acc\u00e9der \u00e0 Paris. D\u2019ici quelques ann\u00e9es, la ligne 9517 \u00ab\u2009sera aussi en correspondance avec les lignes 15, 16 et 17\u2009\u00bb du Grand Paris Express.<\/p>\n<p class=\" wall-content\">Selon les estimations de l\u2019autorit\u00e9 de transport, l\u2019abandon du RoissyBus et la cr\u00e9ation de la ligne 9517 feront <strong>gagner du temps<\/strong> aux usagers souhaitant effectuer un trajet entre l\u2019a\u00e9roport et la capitale avec \u00ab\u200950 minutes \u00e0 1h10 depuis le centre de Paris en prenant la 14\u2009\u00bb puis le car 8517, \u00ab contre 1h \u00e0 1h20 en moyenne en prenant le Roissybus\u2009\u00bb.<\/p>\n<p class=\" wall-content\">Cette future ligne fera l\u2019objet d\u2019une d\u00e9l\u00e9gation de service public \u00e0 l\u2019op\u00e9rateur priv\u00e9 Transdev, d\u00e9j\u00e0 aux manettes des bus exploit\u00e9s jusqu\u2019\u00e0 r\u00e9cemment par la RATP dans le secteur. L\u2019op\u00e9rateur aura \u00e0 sa disposition les v\u00e9hicules jusqu\u2019ici utilis\u00e9s pour les trajets Op\u00e9ra-Roissy CDG.<\/p>\n<p>Le CDG Expresse entre Gare de l\u2019Est et l\u2019a\u00e9roport livr\u00e9 en mars 2027<\/p>\n<p class=\" wall-content\">\u00c0 son <strong>lancement en 1992<\/strong>, la ligne 352, dont RoissyBus est le nom commercial, avait remplac\u00e9 l\u2019ancienne ligne 350, ouverte en m\u00eame temps que l\u2019a\u00e9roport, en 1974, dont le d\u00e9part \u00e0 Paris s\u2019effectuait \u00e0 Gare de l\u2019Est. Deux ans plus tard, le RER B \u00e9tait prolong\u00e9 jusqu\u2019\u00e0 l\u2019a\u00e9roport, permettant une liaison de plus grande envergure entre l\u2019infrastructure a\u00e9roportuaire et la capitale.<\/p>\n<p class=\" wall-content\">La fin du RoissyBus intervient dans le contexte du chantier du <a href=\"https:\/\/actu.fr\/ile-de-france\/tremblay-en-france_93073\/cdg-express-la-sncf-consent-a-entreprendre-des-travaux-contre-les-nuisances-sonores-en-seine-saint-denis_63407613.html\" target=\"_blank\" rel=\"noopener\">Charles de Gaulle Express<\/a>. L\u2019ouverture de cette ligne destin\u00e9e \u00e0 relier la Gare de l\u2019Est \u00e0 l\u2019a\u00e9roport de Roissy en <strong>20 minutes<\/strong> est pr\u00e9vue pour mars 2027, un an apr\u00e8s la suppression du RoissyBus. D\u2019ici l\u00e0, les usagers pourront se rabattre sur le RER B ou sur la correspondance entre la ligne 14 et la future ligne de car 9517.<\/p>\n<p class=\" wall-content\"><strong>Julie Bossart et Glenn Gillet<\/strong><\/p>\n<p class=\" wall-content\">Personnalisez votre actualit\u00e9 en ajoutant vos villes et m\u00e9dias en favori avec <a href=\"https:\/\/moncompte.actu.fr\" title=\"D\u00e9couvez Mon Actu\" rel=\"nofollow noopener\" data-trk=\"{&quot;cta&quot;:{&quot;action&quot;:&quot;https:\\\/\\\/moncompte.actu.fr&quot;,&quot;category&quot;:&quot;mon compte&quot;,&quot;from&quot;:&quot;article footer&quot;,&quot;name&quot;:&quot;Mon actu&quot;,&quot;type&quot;:&quot;cta&quot;}}\" target=\"_blank\">Mon Actu<\/a>.<\/p>\n","protected":false},"excerpt":{"rendered":"Par R\u00e9daction Paris Publi\u00e9 le 6 d\u00e9c. 2025 \u00e0 10h38 Apr\u00e8s plus de 30\u00a0ans d\u2019activit\u00e9, le RoissyBus s\u2019appr\u00eate&hellip;\n","protected":false},"author":2,"featured_media":581876,"comment_status":"","ping_status":"","sticky":false,"template":"","format":"standard","meta":{"footnotes":""},"categories":[1888],"tags":[1111,1928,11,1927,10045,1777,674,1011,27,10883,12,1926,626,1925,625,25,104],"class_list":{"0":"post-581875","1":"post","2":"type-post","3":"status-publish","4":"format-standard","5":"has-post-thumbnail","7":"category-paris","8":"tag-actu","9":"tag-actu-paris","10":"tag-actualites","11":"tag-actualites-paris","12":"tag-aeroport-roissy-charles-de-gaulle","13":"tag-eu","14":"tag-europe","15":"tag-fr","16":"tag-france","17":"tag-ile-de-france-mobilites","18":"tag-news","19":"tag-news-paris","20":"tag-paris","21":"tag-paris-news","22":"tag-ratp","23":"tag-republique-francaise","24":"tag-societe"},"share_on_mastodon":{"url":"https:\/\/pubeurope.com\/@fr\/115672091518831247","error":""},"_links":{"self":[{"href":"https:\/\/www.europesays.com\/fr\/wp-json\/wp\/v2\/posts\/581875","targetHints":{"allow":["GET"]}}],"collection":[{"href":"https:\/\/www.europesays.com\/fr\/wp-json\/wp\/v2\/posts"}],"about":[{"href":"https:\/\/www.europesays.com\/fr\/wp-json\/wp\/v2\/types\/post"}],"author":[{"embeddable":true,"href":"https:\/\/www.europesays.com\/fr\/wp-json\/wp\/v2\/users\/2"}],"replies":[{"embeddable":true,"href":"https:\/\/www.europesays.com\/fr\/wp-json\/wp\/v2\/comments?post=581875"}],"version-history":[{"count":0,"href":"https:\/\/www.europesays.com\/fr\/wp-json\/wp\/v2\/posts\/581875\/revisions"}],"wp:featuredmedia":[{"embeddable":true,"href":"https:\/\/www.europesays.com\/fr\/wp-json\/wp\/v2\/media\/581876"}],"wp:attachment":[{"href":"https:\/\/www.europesays.com\/fr\/wp-json\/wp\/v2\/media?parent=581875"}],"wp:term":[{"taxonomy":"category","embeddable":true,"href":"https:\/\/www.europesays.com\/fr\/wp-json\/wp\/v2\/categories?post=581875"},{"taxonomy":"post_tag","embeddable":true,"href":"https:\/\/www.europesays.com\/fr\/wp-json\/wp\/v2\/tags?post=581875"}],"curies":[{"name":"wp","href":"https:\/\/api.w.org\/{rel}","templated":true}]}}