{"id":581877,"date":"2025-12-06T10:13:24","date_gmt":"2025-12-06T10:13:24","guid":{"rendered":"https:\/\/www.europesays.com\/fr\/581877\/"},"modified":"2025-12-06T10:13:24","modified_gmt":"2025-12-06T10:13:24","slug":"a-paris-on-a-suivi-la-nuit-du-bien-commun-ces-galas-de-charite-a-la-sauce-pierre-edouard-sterin","status":"publish","type":"post","link":"https:\/\/www.europesays.com\/fr\/581877\/","title":{"rendered":"\u00c0 Paris, on a suivi la Nuit du Bien Commun, ces galas de charit\u00e9 \u00e0 la sauce Pierre-\u00c9douard St\u00e9rin"},"content":{"rendered":"<p class=\"mb-4 text-lg md:leading-8 break-words\">La charit\u00e9 peut-elle aussi \u00eatre politique\u00a0? Les Folies Berg\u00e8re, c\u00e9l\u00e8bre salle de spectacle de Paris, accueillaient ce jeudi 4\u00a0d\u00e9cembre un \u00e9v\u00e9nement qui inqui\u00e8te de plus en plus des communes, \u00e9lus et citoyens de gauche. La Nuit du Bien commun est une soir\u00e9e caritative fond\u00e9e par le milliardaire <a href=\"https:\/\/fr.news.yahoo.com\/pierre-%C3%A9douard-st%C3%A9rin-devez-savoir-111615347.html\" data-ylk=\"slk:Pierre-\u00c9douard St\u00e9rin;elm:context_link;itc:0;sec:content-canvas;outcm:mb_qualified_link;_E:mb_qualified_link;ct:story;\" class=\"link  yahoo-link\" target=\"_blank\" rel=\"noopener\">Pierre-\u00c9douard St\u00e9rin<\/a>, qui souhaite faire triompher culturellement et politiquement sa vision r\u00e9actionnaire de la France.<\/p>\n<p class=\"mb-4 text-lg md:leading-8 break-words\"><a href=\"https:\/\/fr.news.yahoo.com\/banquets-canon-fran%C3%A7ais-simple-f%C3%AAte-063004484.html\" data-ylk=\"slk:Les banquets du Canon fran\u00e7ais, simple f\u00eate ou raout r\u00e9actionnaire \u00e0 la solde de Pierre-\u00c9douard St\u00e9rin\u00a0?;elm:context_link;itc:0;sec:content-canvas;outcm:mb_qualified_link;_E:mb_qualified_link;ct:story;\" class=\"link  yahoo-link\" target=\"_blank\" rel=\"noopener\"> Les banquets du Canon fran\u00e7ais, simple f\u00eate ou raout r\u00e9actionnaire \u00e0 la solde de Pierre-\u00c9douard St\u00e9rin\u00a0? <\/a><\/p>\n<p class=\"mb-4 text-lg md:leading-8 break-words\">Depuis 2017, ces soir\u00e9es organis\u00e9es dans diff\u00e9rentes villes pour mettre en relation de g\u00e9n\u00e9reux donateurs et des associations ont permis de r\u00e9colter plus de 26\u00a0millions d\u2019euros au profit de plus de 500\u00a0associations. Mais derri\u00e8re cette op\u00e9ration de bienfaisance, plusieurs pointent un des financements orient\u00e9s vers des structures en phase avec les ambitions politiques de Pierre-\u00c9douard St\u00e9rin, <a href=\"https:\/\/fr.news.yahoo.com\/pierre-%C3%A9douard-st%C3%A9rin-milliardaire-proche-101346277.html\" data-ylk=\"slk:dont le projet P\u00e9ricl\u00e8s;elm:context_link;itc:0;sec:content-canvas;outcm:mb_qualified_link;_E:mb_qualified_link;ct:story;\" class=\"link  yahoo-link\" target=\"_blank\" rel=\"noopener\">dont le projet P\u00e9ricl\u00e8s<\/a>, r\u00e9v\u00e9l\u00e9 par L\u2019Humanit\u00e9, vise une victoire \u00e9lectorale de la droite de l\u2019extr\u00eame droite, notamment via le soutien financier \u00e0 des projets culturels.<\/p>\n<p class=\"mb-4 text-lg md:leading-8 break-words\"><strong>Comme vous pouvez le voir dans notre reportage vid\u00e9o en t\u00eate d\u2019article, <\/strong>Le HuffPost a suivi dans la capitale cette \u00e9dition parisienne de la Nuit du Bien Commun qui s\u2019est d\u00e9roul\u00e9e dans une ambiance particuli\u00e8rement tendue. La raison\u00a0? Une contre-manifestation et d\u2019actions chocs qui ont perturb\u00e9 l\u2019\u00e9v\u00e9nement durant la soir\u00e9e. Si une accr\u00e9ditation nous a \u00e9t\u00e9 refus\u00e9e, en raison de la \u00ab\u00a0jauge restreinte\u00a0\u00bb, nous avons pu rencontrer des participants \u00e0 l\u2019entr\u00e9e de la soir\u00e9e.<\/p>\n<p class=\"mb-4 text-lg md:leading-8 break-words\">Donateurs et membre d\u2019associations nous expliquent pourquoi, selon eux, cet \u00e9v\u00e9nement caritatif est une initiative \u00ab\u00a0apolitique\u00a0\u00bb et indispensable \u00e0 la survie du tissu associatif. \u00c0 l\u2019oppos\u00e9, de nombreux contre-manifestants partagent \u00e0 notre micro leurs inqui\u00e9tudes au sujet de ces soir\u00e9es en apparence \u00ab\u00a0inoffensives, mais qu\u2019il faut savoir d\u00e9crypter\u00a0\u00bb.<\/p>\n","protected":false},"excerpt":{"rendered":"La charit\u00e9 peut-elle aussi \u00eatre politique\u00a0? Les Folies Berg\u00e8re, c\u00e9l\u00e8bre salle de spectacle de Paris, accueillaient ce jeudi&hellip;\n","protected":false},"author":2,"featured_media":581878,"comment_status":"","ping_status":"","sticky":false,"template":"","format":"standard","meta":{"footnotes":""},"categories":[1888],"tags":[1111,1928,11,1927,1777,674,1011,27,31106,12,1926,626,1925,24249,25,25035],"class_list":{"0":"post-581877","1":"post","2":"type-post","3":"status-publish","4":"format-standard","5":"has-post-thumbnail","7":"category-paris","8":"tag-actu","9":"tag-actu-paris","10":"tag-actualites","11":"tag-actualites-paris","12":"tag-eu","13":"tag-europe","14":"tag-fr","15":"tag-france","16":"tag-la-soiree","17":"tag-news","18":"tag-news-paris","19":"tag-paris","20":"tag-paris-news","21":"tag-pierre-edouard-sterin","22":"tag-republique-francaise","23":"tag-salle-de-spectacle"},"share_on_mastodon":{"url":"https:\/\/pubeurope.com\/@fr\/115672095558948456","error":""},"_links":{"self":[{"href":"https:\/\/www.europesays.com\/fr\/wp-json\/wp\/v2\/posts\/581877","targetHints":{"allow":["GET"]}}],"collection":[{"href":"https:\/\/www.europesays.com\/fr\/wp-json\/wp\/v2\/posts"}],"about":[{"href":"https:\/\/www.europesays.com\/fr\/wp-json\/wp\/v2\/types\/post"}],"author":[{"embeddable":true,"href":"https:\/\/www.europesays.com\/fr\/wp-json\/wp\/v2\/users\/2"}],"replies":[{"embeddable":true,"href":"https:\/\/www.europesays.com\/fr\/wp-json\/wp\/v2\/comments?post=581877"}],"version-history":[{"count":0,"href":"https:\/\/www.europesays.com\/fr\/wp-json\/wp\/v2\/posts\/581877\/revisions"}],"wp:featuredmedia":[{"embeddable":true,"href":"https:\/\/www.europesays.com\/fr\/wp-json\/wp\/v2\/media\/581878"}],"wp:attachment":[{"href":"https:\/\/www.europesays.com\/fr\/wp-json\/wp\/v2\/media?parent=581877"}],"wp:term":[{"taxonomy":"category","embeddable":true,"href":"https:\/\/www.europesays.com\/fr\/wp-json\/wp\/v2\/categories?post=581877"},{"taxonomy":"post_tag","embeddable":true,"href":"https:\/\/www.europesays.com\/fr\/wp-json\/wp\/v2\/tags?post=581877"}],"curies":[{"name":"wp","href":"https:\/\/api.w.org\/{rel}","templated":true}]}}