{"id":581891,"date":"2025-12-06T10:20:19","date_gmt":"2025-12-06T10:20:19","guid":{"rendered":"https:\/\/www.europesays.com\/fr\/581891\/"},"modified":"2025-12-06T10:20:19","modified_gmt":"2025-12-06T10:20:19","slug":"la-tessoualle-le-telethon-commence-toujours-en-allemagne","status":"publish","type":"post","link":"https:\/\/www.europesays.com\/fr\/581891\/","title":{"rendered":"La Tessoualle. Le T\u00e9l\u00e9thon commence toujours en Allemagne"},"content":{"rendered":"<p>Depuis une trentaine d\u2019ann\u00e9es, des membres du comit\u00e9 de jumelage de La Tessoualle se rendent au march\u00e9 de No\u00ebl de Zwiefalten, d\u00e9but d\u00e9cembre. Le but est de collecter des fonds au profit du T\u00e9l\u00e9thon, via la vente de produits typiques de la gastronomie fran\u00e7aise, pour la plupart difficilement trouvables en Allemagne.<\/p>\n<p>Les 19\u00a0Tessouallais du voyage cette ann\u00e9e, dont trois expatri\u00e9s \u00e0 Zwiefalten ou dans les environs, ont ainsi \u00e9coul\u00e9 plus de 50\u00a0kg de fromage, un millier d\u2019hu\u00eetres et 900\u00a0saucisses dans la seule journ\u00e9e du samedi. Le comit\u00e9 de jumelage allemand participe lui aussi au T\u00e9l\u00e9thon, en reversant les b\u00e9n\u00e9fices d\u2019une vente aux ench\u00e8res de boules de gui, cueillis fin novembre \u00e0 La Tessoualle.<\/p>\n<p>Cette ann\u00e9e, la Force T\u00e9l\u00e9thon tessouallaise, outre la traditionnelle randonn\u00e9e nocturne du vendredi et les hu\u00eetres du samedi matin, organise, dimanche \u00e0 15\u00a0h, un d\u00e9fil\u00e9 de mode \u00e0 la salle des f\u00eates.<\/p>\n<p>\u00a0<\/p>\n","protected":false},"excerpt":{"rendered":"Depuis une trentaine d\u2019ann\u00e9es, des membres du comit\u00e9 de jumelage de La Tessoualle se rendent au march\u00e9 de&hellip;\n","protected":false},"author":2,"featured_media":581892,"comment_status":"","ping_status":"","sticky":false,"template":"","format":"standard","meta":{"footnotes":""},"categories":[1587],"tags":[11,672,1438,1804,28813,1805,1803,1777,674,1801,12,1802,12846,69575,1810],"class_list":{"0":"post-581891","1":"post","2":"type-post","3":"status-publish","4":"format-standard","5":"has-post-thumbnail","7":"category-allemagne","8":"tag-actualites","9":"tag-allemagne","10":"tag-angers","11":"tag-bundesrepublik-deutschland","12":"tag-commence","13":"tag-de","14":"tag-deutschland","15":"tag-eu","16":"tag-europe","17":"tag-germany","18":"tag-news","19":"tag-republique-federale-dallemagne","20":"tag-telethon","21":"tag-tessoualle","22":"tag-toujours"},"share_on_mastodon":{"url":"https:\/\/pubeurope.com\/@fr\/115672122923564530","error":""},"_links":{"self":[{"href":"https:\/\/www.europesays.com\/fr\/wp-json\/wp\/v2\/posts\/581891","targetHints":{"allow":["GET"]}}],"collection":[{"href":"https:\/\/www.europesays.com\/fr\/wp-json\/wp\/v2\/posts"}],"about":[{"href":"https:\/\/www.europesays.com\/fr\/wp-json\/wp\/v2\/types\/post"}],"author":[{"embeddable":true,"href":"https:\/\/www.europesays.com\/fr\/wp-json\/wp\/v2\/users\/2"}],"replies":[{"embeddable":true,"href":"https:\/\/www.europesays.com\/fr\/wp-json\/wp\/v2\/comments?post=581891"}],"version-history":[{"count":0,"href":"https:\/\/www.europesays.com\/fr\/wp-json\/wp\/v2\/posts\/581891\/revisions"}],"wp:featuredmedia":[{"embeddable":true,"href":"https:\/\/www.europesays.com\/fr\/wp-json\/wp\/v2\/media\/581892"}],"wp:attachment":[{"href":"https:\/\/www.europesays.com\/fr\/wp-json\/wp\/v2\/media?parent=581891"}],"wp:term":[{"taxonomy":"category","embeddable":true,"href":"https:\/\/www.europesays.com\/fr\/wp-json\/wp\/v2\/categories?post=581891"},{"taxonomy":"post_tag","embeddable":true,"href":"https:\/\/www.europesays.com\/fr\/wp-json\/wp\/v2\/tags?post=581891"}],"curies":[{"name":"wp","href":"https:\/\/api.w.org\/{rel}","templated":true}]}}