{"id":581899,"date":"2025-12-06T10:24:12","date_gmt":"2025-12-06T10:24:12","guid":{"rendered":"https:\/\/www.europesays.com\/fr\/581899\/"},"modified":"2025-12-06T10:24:12","modified_gmt":"2025-12-06T10:24:12","slug":"sur-quelle-chaine-et-a-quelle-heure-voir-les-clubs-francais-lors-de-la-1re-journee","status":"publish","type":"post","link":"https:\/\/www.europesays.com\/fr\/581899\/","title":{"rendered":"Sur quelle cha\u00eene et \u00e0 quelle heure voir les clubs fran\u00e7ais lors de la 1re journ\u00e9e\u00a0?"},"content":{"rendered":"<p>Le programme du week-end s\u2019annonce charg\u00e9 pour les fans de rugby. Le retour de la Coupe des champions nous offre de belles affiches, de vendredi \u00e0 dimanche. Pas moins de huit clubs fran\u00e7ais vont en d\u00e9coudre face aux Britanniques. Voici le programme afin de ne rien manquer de la premi\u00e8re journ\u00e9e de la comp\u00e9tition\u00a0:<\/p>\n<p>\u00c0 quelle heure et sur quelle cha\u00eene voir la 1re journ\u00e9e de Coupe des Champions 2025\/26Vendredi 5\u00a0d\u00e9cembre<\/p>\n<ul>\n<li>21 heures\u00a0: Bayonne &#8211; Stormers (beIN Sports 3)<\/li>\n<\/ul>\n<p>Samedi 6\u00a0d\u00e9cembre<\/p>\n<ul>\n<li>14 heures\u00a0: <a href=\"https:\/\/www.20minutes.fr\/dossier\/saracens\" class=\"c-link c-link--is-underlined\" target=\"_blank\" rel=\"noopener\">Saracens<\/a> &#8211; Clermont (beIN Sports 1)<\/li>\n<li>16h15\u00a0: Blue Bulls &#8211; Bordeaux B\u00e8gles (beIN Sports 1, France 2)<\/li>\n<li>18h30\u00a0: La\u00a0Rochelle &#8211; Leicester (beIN Sports 1)<\/li>\n<\/ul>\n<p>Dimanche 7\u00a0d\u00e9cembre<\/p>\n<ul>\n<li>14 heures\u00a0: <a href=\"https:\/\/www.20minutes.fr\/societe\/pau\/\" class=\"c-link c-link--is-underlined\" target=\"_blank\" rel=\"noopener\">Pau<\/a> &#8211; Northampton (beIN Sport 1)<\/li>\n<li>16h15\u00a0: Toulouse &#8211; Sharks (beIN Sports 1, France 2)<\/li>\n<li>16H15\u00a0: Gloucester &#8211; <a href=\"https:\/\/www.20minutes.fr\/toulouse\/castres\/\" class=\"c-link c-link--is-underlined\" target=\"_blank\" rel=\"noopener\">Castres<\/a> (beIN Sports 4)<\/li>\n<li>18h30\u00a0: <a href=\"https:\/\/www.20minutes.fr\/dossier\/edimbourg\" class=\"c-link c-link--is-underlined\" target=\"_blank\" rel=\"noopener\">Edimbourg<\/a> &#8211; <a href=\"https:\/\/www.20minutes.fr\/dossier\/toulon\" class=\"c-link c-link--is-underlined\" target=\"_blank\" rel=\"noopener\">Toulon<\/a> (beIN Sports 1)<\/li>\n<\/ul>\n<p>Antoine Dupont, de retour dans la comp\u00e9tition face \u00e0 des Sud-africains<\/p>\n<p>Le &rsquo;10&rsquo; du XV de France a rejou\u00e9 en Top 14, le week-end dernier contre le Racing (48-24). Il sera \u00e9galement pr\u00e9sent avec le Stade Toulousain, toujours \u00e0 Ernest-Wallon, dimanche en Coupe des champions face \u00e0 la franchise sud-africaine des Sharks. Invaincus depuis 4 rencontres, les hommes d\u2019Ugo Mola seront favoris, d\u2019autant plus que leurs adversaires ont manqu\u00e9 leurs d\u00e9buts en United Rugby Championship (1 victoire en 6 matches).<\/p>\n<p>L\u2019an dernier, le Stade Toulousain s\u2019\u00e9tait impos\u00e9 en Afrique du sud. Les Sharks ont du mal \u00e0 l\u2019ext\u00e9rieur dans la comp\u00e9tition comme en attestent leurs larges d\u00e9faites \u00e0 Bordeaux B\u00e8gles (66 points encaiss\u00e9s) et chez le <a href=\"https:\/\/www.20minutes.fr\/dossier\/leicester\" class=\"c-link c-link--is-underlined\" target=\"_blank\" rel=\"noopener\">Leicester<\/a> (56) la saison derni\u00e8re. Ils devront affronter le Stade Toulousain, ultra-favori, dans un stade \u00e0 guichets ferm\u00e9s.<\/p>\n<p class=\"mb-m@xs text-l@xs\">En cliquant sur\u00ab J\u2019accepte \u00bb, vous acceptez le d\u00e9p\u00f4t de cookies par des services externes et aurez ainsi acc\u00e8s aux contenus de nos partenaires.<\/p>\n<p class=\"mb-xl@xs text-s@xs\">Plus d\u2019informations sur la page<a href=\"https:\/\/www.20minutes.fr\/gestion-cookies\" class=\"mx-xxs@xs color-ultramarine\" target=\"_blank\" rel=\"noopener\">Politique de gestion des cookies<\/a><\/p>\n<p>J\u2019accepteBordeaux B\u00e8gles d\u00e9marre la d\u00e9fense de son titre<\/p>\n<p>Battus \u00e0 Montpellier en <a href=\"https:\/\/www.20minutes.fr\/sport\/top_14\/\" class=\"c-link c-link--is-underlined\" target=\"_blank\" rel=\"noopener\">Top 14<\/a> le week-end dernier, les Girondins se sont envol\u00e9s pour l\u2019Afrique du sud, o\u00f9 ils affronteront les Bulls samedi. <a href=\"https:\/\/www.20minutes.fr\/sport\/louis-bielle-biarrey\/\" class=\"c-link c-link--is-underlined\" target=\"_blank\" rel=\"noopener\">Louis Bielle-Biarrey<\/a>, Damian Penaud ou encore Ben Tameifuna veulent renouer avec la victoire et lancer leur saison europ\u00e9enne du bon pied. Apr\u00e8s avoir remport\u00e9 le premier titre europ\u00e9en de son histoire, l\u2019UBB ne compte pas en rester l\u00e0.<\/p>\n","protected":false},"excerpt":{"rendered":"Le programme du week-end s\u2019annonce charg\u00e9 pour les fans de rugby. Le retour de la Coupe des champions&hellip;\n","protected":false},"author":2,"featured_media":581900,"comment_status":"","ping_status":"","sticky":false,"template":"","format":"standard","meta":{"footnotes":""},"categories":[2],"tags":[11,10980,6733,2430,3399,1011,27,12,38353,25,479,517,476,4364],"class_list":{"0":"post-581899","1":"post","2":"type-post","3":"status-publish","4":"format-standard","5":"has-post-thumbnail","7":"category-actualites","8":"tag-actualites","9":"tag-asm-clermont-auvergne","10":"tag-auvergne","11":"tag-auvergne-rhone-alpes","12":"tag-coupe-deurope-de-rugby","13":"tag-fr","14":"tag-france","15":"tag-news","16":"tag-puy-de-dome","17":"tag-republique-francaise","18":"tag-rugby","19":"tag-sport","20":"tag-stade-toulousain","21":"tag-ubb"},"share_on_mastodon":{"url":"https:\/\/pubeurope.com\/@fr\/115672138726811635","error":""},"_links":{"self":[{"href":"https:\/\/www.europesays.com\/fr\/wp-json\/wp\/v2\/posts\/581899","targetHints":{"allow":["GET"]}}],"collection":[{"href":"https:\/\/www.europesays.com\/fr\/wp-json\/wp\/v2\/posts"}],"about":[{"href":"https:\/\/www.europesays.com\/fr\/wp-json\/wp\/v2\/types\/post"}],"author":[{"embeddable":true,"href":"https:\/\/www.europesays.com\/fr\/wp-json\/wp\/v2\/users\/2"}],"replies":[{"embeddable":true,"href":"https:\/\/www.europesays.com\/fr\/wp-json\/wp\/v2\/comments?post=581899"}],"version-history":[{"count":0,"href":"https:\/\/www.europesays.com\/fr\/wp-json\/wp\/v2\/posts\/581899\/revisions"}],"wp:featuredmedia":[{"embeddable":true,"href":"https:\/\/www.europesays.com\/fr\/wp-json\/wp\/v2\/media\/581900"}],"wp:attachment":[{"href":"https:\/\/www.europesays.com\/fr\/wp-json\/wp\/v2\/media?parent=581899"}],"wp:term":[{"taxonomy":"category","embeddable":true,"href":"https:\/\/www.europesays.com\/fr\/wp-json\/wp\/v2\/categories?post=581899"},{"taxonomy":"post_tag","embeddable":true,"href":"https:\/\/www.europesays.com\/fr\/wp-json\/wp\/v2\/tags?post=581899"}],"curies":[{"name":"wp","href":"https:\/\/api.w.org\/{rel}","templated":true}]}}