{"id":58190,"date":"2025-04-28T02:24:13","date_gmt":"2025-04-28T02:24:13","guid":{"rendered":"https:\/\/www.europesays.com\/fr\/58190\/"},"modified":"2025-04-28T02:24:13","modified_gmt":"2025-04-28T02:24:13","slug":"un-homme-blesse-au-couteau-apres-avoir-refuse-de-se-faire-voler-son-velo","status":"publish","type":"post","link":"https:\/\/www.europesays.com\/fr\/58190\/","title":{"rendered":"un homme bless\u00e9 au couteau apr\u00e8s avoir refus\u00e9 de se faire voler son v\u00e9lo"},"content":{"rendered":"<p>Au moment d\u2019accrocher son Bicloo (l\u2019\u00e9quivalent d\u2019un Velib), un individu lui a demand\u00e9 de lui donner. Le cycliste a r\u00e9sist\u00e9 et s\u2019est fait s\u00e9v\u00e8rement entailler la joue.<\/p>\n<p class=\"fig-paragraph\">Il ne s\u2019est pas laiss\u00e9 faire. Et l\u2019a pay\u00e9 de son sang. Dimanche soir, aux alentours de 23h, un homme a \u00e9t\u00e9 bless\u00e9 \u00e0 l\u2019arme blanche au moment de d\u00e9poser son v\u00e9lo en libre-service sur une borne du centre-ville de\u00a0<a href=\"http:\/\/www.lefigaro.fr\/nantes\/nantes-ivre-il-emprunte-le-peripherique-a-contresens-sur-30-km-20250422\" target=\"_blank\" data-fig-type=\"NewsFlash\" rel=\"noopener\" data-gtm-custom-categorie=\"navigation\" data-gtm-custom-action=\"crossclick\" data-gtm-custom-label=\"Contextuel\" data-gtm-event=\"customEventSPE\" data-fig-domain=\"LEFIGARO\">Nantes<\/a>, \u00e0 la crois\u00e9e des trams. \u00abUn homme se rend \u00e0 la station Bicloo Commerce pour retourner son v\u00e9lo quand un individu lui demande de le lui remettre. La victime refuse quand l\u2019homme sort un couteau et lui ass\u00e8ne un coup\u00bb, a d\u00e9plor\u00e9 sur ses r\u00e9seaux sociaux l\u2019association S\u00e9curit\u00e9 Nocturne Nantes, qui agit contre\u00a0<a href=\"http:\/\/www.lefigaro.fr\/nantes\/insecurite-a-nantes-la-maire-socialiste-veut-recoudre-la-republique-20250407\" target=\"_blank\" data-fig-type=\"NewsFlash\" rel=\"noopener\" data-gtm-custom-categorie=\"navigation\" data-gtm-custom-action=\"crossclick\" data-gtm-custom-label=\"Contextuel\" data-gtm-event=\"customEventSPE\" data-fig-domain=\"LEFIGARO\">l\u2019ins\u00e9curit\u00e9<\/a>\u00a0depuis ao\u00fbt 2019.<\/p>\n<p class=\"fig-paragraph\">L\u2019individu a \u00e9t\u00e9 entaill\u00e9 de l\u2019extr\u00e9mit\u00e9 de la m\u00e2choire \u00e0 la commissure des l\u00e8vres, a appris Le Figaro de source polici\u00e8re, selon le r\u00e9cit de la victime qui devait d\u00e9poser plainte. Les pompiers et policiers ont \u00e9t\u00e9 d\u00e9p\u00each\u00e9s sur place mais l\u2019agresseur n\u2019a pas \u00e9t\u00e9 retrouv\u00e9. \u00abPas de Policiers Municipaux le Dimanche, \u00e0 quand une Police Municipale 24h\/24h et 7j\/7j\u00a0???, s\u2019est interrog\u00e9e l\u2019association, \u00e0 l\u2019origine des manifestations contre l\u2019ins\u00e9curit\u00e9 en 2022. Cette \u00e9ni\u00e8me agression ne serait pas arriv\u00e9e si la Police Municipale avait \u00e9t\u00e9 pr\u00e9sente!!!\u00bb<\/p>\n<p class=\"fig-paragraph\">Fin mars, la m\u00e9tropole de Nantes a publi\u00e9 la premi\u00e8re \u00e9dition d\u2019un barom\u00e8tre de son\u00a0<a href=\"http:\/\/www.lefigaro.fr\/nantes\/insecurite-le-nantes-bashing-ne-passe-pas-l-epreuve-des-chiffres-assure-la-maire-socialiste-20250328\" target=\"_blank\" data-fig-type=\"NewsFlash\" rel=\"noopener\" data-gtm-custom-categorie=\"navigation\" data-gtm-custom-action=\"crossclick\" data-gtm-custom-label=\"Contextuel\" data-gtm-event=\"customEventSPE\" data-fig-domain=\"LEFIGARO\">observatoire de la tranquillit\u00e9 publique<\/a>, se targuant d\u2019une am\u00e9lioration g\u00e9n\u00e9rale concernant les faits de d\u00e9linquance en 2023, au regard des cinq derni\u00e8res ann\u00e9es. En 2023, 3012 faits relevant de la cat\u00e9gorie \u00abcoups et blessures volontaires\u00bb ont \u00e9t\u00e9 recens\u00e9s dans l\u2019agglom\u00e9ration, repr\u00e9sentant un taux de 4,5% (soit 0,5% de moins qu\u2019en 2022 mais +0,5% par rapport \u00e0 2018). \u00abLa m\u00e9tropole de Nantes est ainsi celle qui affiche le plus faible taux de coups et blessures volontaires en 2023\u00bb, avait indiqu\u00e9 dans un communiqu\u00e9 Nantes M\u00e9tropole, se comparant aux autres m\u00e9tropoles fran\u00e7aises.<\/p>\n","protected":false},"excerpt":{"rendered":"Au moment d\u2019accrocher son Bicloo (l\u2019\u00e9quivalent d\u2019un Velib), un individu lui a demand\u00e9 de lui donner. Le cycliste&hellip;\n","protected":false},"author":2,"featured_media":58191,"comment_status":"","ping_status":"","sticky":false,"template":"","format":"standard","meta":{"footnotes":""},"categories":[2818],"tags":[1111,11,1120,1777,674,462,1011,27,2640,2642,766,2638,2643,2637,2639,2646,2645,2641,2635,2644,2647,12,2636,25],"class_list":{"0":"post-58190","1":"post","2":"type-post","3":"status-publish","4":"format-standard","5":"has-post-thumbnail","7":"category-nantes","8":"tag-actu","9":"tag-actualites","10":"tag-agression","11":"tag-eu","12":"tag-europe","13":"tag-fc-nantes","14":"tag-fr","15":"tag-france","16":"tag-hauts-paves-saint-felix","17":"tag-ile-de-nantes","18":"tag-nantes","19":"tag-nantes-bellevue-chantenay-sainte-anne","20":"tag-nantes-breil-barberie","21":"tag-nantes-centre-ville","22":"tag-nantes-dervallieres-zola","23":"tag-nantes-doulon-bottiere","24":"tag-nantes-erdre","25":"tag-nantes-malakoff-saint-donatien","26":"tag-nantes-metropole","27":"tag-nantes-nord","28":"tag-nantes-sud","29":"tag-news","30":"tag-pays-de-la-loire","31":"tag-republique-francaise"},"share_on_mastodon":{"url":"https:\/\/pubeurope.com\/@fr\/114413218276788783","error":""},"_links":{"self":[{"href":"https:\/\/www.europesays.com\/fr\/wp-json\/wp\/v2\/posts\/58190","targetHints":{"allow":["GET"]}}],"collection":[{"href":"https:\/\/www.europesays.com\/fr\/wp-json\/wp\/v2\/posts"}],"about":[{"href":"https:\/\/www.europesays.com\/fr\/wp-json\/wp\/v2\/types\/post"}],"author":[{"embeddable":true,"href":"https:\/\/www.europesays.com\/fr\/wp-json\/wp\/v2\/users\/2"}],"replies":[{"embeddable":true,"href":"https:\/\/www.europesays.com\/fr\/wp-json\/wp\/v2\/comments?post=58190"}],"version-history":[{"count":0,"href":"https:\/\/www.europesays.com\/fr\/wp-json\/wp\/v2\/posts\/58190\/revisions"}],"wp:featuredmedia":[{"embeddable":true,"href":"https:\/\/www.europesays.com\/fr\/wp-json\/wp\/v2\/media\/58191"}],"wp:attachment":[{"href":"https:\/\/www.europesays.com\/fr\/wp-json\/wp\/v2\/media?parent=58190"}],"wp:term":[{"taxonomy":"category","embeddable":true,"href":"https:\/\/www.europesays.com\/fr\/wp-json\/wp\/v2\/categories?post=58190"},{"taxonomy":"post_tag","embeddable":true,"href":"https:\/\/www.europesays.com\/fr\/wp-json\/wp\/v2\/tags?post=58190"}],"curies":[{"name":"wp","href":"https:\/\/api.w.org\/{rel}","templated":true}]}}