{"id":581909,"date":"2025-12-06T10:34:19","date_gmt":"2025-12-06T10:34:19","guid":{"rendered":"https:\/\/www.europesays.com\/fr\/581909\/"},"modified":"2025-12-06T10:34:19","modified_gmt":"2025-12-06T10:34:19","slug":"les-secrets-du-vestiaire-des-verts","status":"publish","type":"post","link":"https:\/\/www.europesays.com\/fr\/581909\/","title":{"rendered":"Les secrets du vestiaire des Verts"},"content":{"rendered":"<p data-start=\"97\" data-end=\"358\"><strong><a href=\"https:\/\/x.com\/ligue2bkt\/status\/1996610452659331328?s=12\">Le compte officiel X de la Ligue 2 BKT<\/a> met \u00e0 l&rsquo;honneur le vestiaire de l\u2019AS Saint-\u00c9tienne. Dans une micro-interview de 2 min 20, <a href=\"https:\/\/peuple-vert.fr\" target=\"_blank\" rel=\"noopener\">Maxime Bernauer se livre sur l\u2019ambiance chez les Verts<\/a>. Retour sur cette s\u00e9quence pour mieux comprendre les secret du vestiaire St\u00e9phanois.<\/strong><\/p>\n<p data-start=\"360\" data-end=\"646\">Dans une s\u00e9rie d\u2019images exclusives r\u00e9alis\u00e9es pour la promotion du championnat de Ligue 2 BKT, l\u2019AS Saint-\u00c9tienne est sous les projecteurs. L\u2019interview du jour plonge Maxime Bernauer dans les secrets du vestiaire. Alors, qui est le plus fou ? Qui est le plus dr\u00f4le ? R\u00e9ponses imm\u00e9diates.<\/p>\n<p><strong data-start=\"648\" data-end=\"692\">Miladinovic et Ferreira au-dessus du lot<\/strong><\/p>\n<p data-start=\"694\" data-end=\"1343\">\u00c0 la question du joueur le plus technique, Maxime Bernauer explique qu\u2019il n\u2019y a pas forc\u00e9ment de \u201cgrand technicien\u201d adepte de gestes superflus, mais il reconna\u00eet volontiers qu\u2019Igor Miladinovic et Jo\u00e3o Ferreira dominent les d\u00e9bats sur le plan technique.<br data-start=\"946\" data-end=\"949\"\/>L\u2019ensemble du groupe se montre tr\u00e8s comp\u00e9titeur et d\u00e9teste perdre. C\u2019est d\u2019ailleurs sa r\u00e9ponse lorsqu\u2019on lui demande qui est le plus mauvais perdant. Gautier Larsonneur arrive en t\u00eate, lui qui est aussi celui qui prend le plus la parole dans le vestiaire, logique par son r\u00f4le de capitaine. Mais Bernauer insiste \u201dle groupe est ouvert, et chacun est libre de s\u2019exprimer lorsqu\u2019il sent que c&rsquo;est le bon moment.\u201d<\/p>\n<p><strong data-start=\"1345\" data-end=\"1378\">Ben Old, le chouchou du coach<\/strong><\/p>\n<p data-start=\"1380\" data-end=\"2077\">Tr\u00e8s peu utilis\u00e9 depuis le d\u00e9but de saison, le N\u00e9o-Z\u00e9landais, l\u2019une des premi\u00e8res recrues du projet Kilmer, serait le chouchou du coach. Auteur d\u2019un quadrupl\u00e9 en Coupe de France, Ben Old doit aujourd\u2019hui se contenter d\u2019un r\u00f4le secondaire, mais son \u00e9tat d\u2019esprit fait l\u2019unanimit\u00e9 dans le vestiaire.<br data-start=\"1679\" data-end=\"1682\"\/>Bernauer r\u00e9v\u00e8le m\u00eame qu\u2019Eirik Horneland aurait une photo de l\u2019ailier dans son bureau, privil\u00e8ge r\u00e9serv\u00e9 uniquement \u00e0 Old. La raison pourrait \u00eatre li\u00e9e \u00e0 sa r\u00e9ponse \u00e0 la question \u201cqui est le plus studieux ?\u201d, puisqu\u2019il cite de nouveau Ben Old. On sait le coach attach\u00e9 \u00e0 la rigueur, au professionnalisme et \u00e0 l\u2019engagement, des qualit\u00e9s parfaitement incarn\u00e9es par l\u2019ancien joueur des Wellington Phoenix.<\/p>\n<p><strong data-start=\"2079\" data-end=\"2123\">Tardieu, entre exp\u00e9rience et insouciance<\/strong><\/p>\n<p data-start=\"2125\" data-end=\"2928\">Ind\u00e9boulonnable depuis le d\u00e9but de saison, Florian Tardieu s\u2019impose comme un cadre, sur le terrain comme dans le vestiaire. \u00c0 33 ans, il apporte l\u2019exp\u00e9rience dans un groupe jeune, mais aussi une certaine insouciance.<br data-start=\"2341\" data-end=\"2344\"\/>Selon Bernauer, il est l\u2019un des plus fous et des plus dr\u00f4les du vestiaire. Dans un groupe o\u00f9 l\u2019anglais est la langue principale, Tardieu amuse souvent malgr\u00e9 lui. Son niveau d\u2019anglais est jug\u00e9 \u201cproche de l\u2019hilarant\u201d par le d\u00e9fenseur polyvalent. Micka\u00ebl Nad\u00e9 ne serait pas en reste non plus, lui aussi r\u00e9guli\u00e8rement taquin\u00e9 pour son anglais approximatif.<br data-start=\"2697\" data-end=\"2700\"\/>S\u2019il ne brille pas par ses talents linguistiques, Nad\u00e9 compense largement dans les duels. Ce que l\u2019on voit les jours de match se confirme a priori aux entra\u00eenements. Bernauer en plaisante encore\u2026 et en garde quelques s\u00e9quelles.<\/p>\n<p data-start=\"3075\" data-end=\"3356\">Parmi les autres questions, l\u2019interview nous apprend par exemple que <a href=\"https:\/\/peuple-vert.fr\/joueurs\/irvin-cardona\/\" target=\"_blank\" rel=\"noopener\">Cardona<\/a> est le plus gros gamer, passant beaucoup de temps sur sa PlayStation 5. On d\u00e9couvre aussi que Moueffek est l\u2019un des DJ du vestiaire, avec notamment : \u201cDu rap fran\u00e7ais\u2026 bien \u00e9nerv\u00e9 avant les matchs.\u201d<\/p>\n<blockquote class=\"twitter-tweet\" data-media-max-width=\"560\">\n<p dir=\"ltr\" lang=\"fr\">Le vestiaire de l&rsquo;<a href=\"https:\/\/twitter.com\/ASSEofficiel?ref_src=twsrc%5Etfw\" target=\"_blank\" rel=\"noopener\">@ASSEofficiel<\/a> pr\u00e9sent\u00e9 par <a href=\"https:\/\/twitter.com\/Maxime_Bernauer?ref_src=twsrc%5Etfw\" target=\"_blank\" rel=\"noopener\">@Maxime_Bernauer<\/a> !<\/p>\n<p>Le comique du groupe, la langue du vestiaire, le chouchou du coach&#8230; Le d\u00e9fenseur central nous raconte ! \ud83d\ude06 <a href=\"https:\/\/t.co\/r3xD5VASce\">pic.twitter.com\/r3xD5VASce<\/a><\/p>\n<p>\u2014 Ligue 2 BKT (@Ligue2BKT) <a href=\"https:\/\/twitter.com\/Ligue2BKT\/status\/1996610452659331328?ref_src=twsrc%5Etfw\" target=\"_blank\" rel=\"noopener\">December 4, 2025<\/a><\/p>\n<\/blockquote>\n<p>\t\t\t\t\t\t\t\t\t\t\t\t\t\t\t\t\t<script async src=\"https:\/\/platform.twitter.com\/widgets.js\" charset=\"utf-8\"><\/script><\/p>\n","protected":false},"excerpt":{"rendered":"Le compte officiel X de la Ligue 2 BKT met \u00e0 l&rsquo;honneur le vestiaire de l\u2019AS Saint-\u00c9tienne. Dans&hellip;\n","protected":false},"author":2,"featured_media":581910,"comment_status":"","ping_status":"","sticky":false,"template":"","format":"standard","meta":{"footnotes":""},"categories":[1410],"tags":[63,1011,27,60],"class_list":{"0":"post-581909","1":"post","2":"type-post","3":"status-publish","4":"format-standard","5":"has-post-thumbnail","7":"category-football","8":"tag-football","9":"tag-fr","10":"tag-france","11":"tag-sports"},"share_on_mastodon":{"url":"https:\/\/pubeurope.com\/@fr\/115672178068265725","error":""},"_links":{"self":[{"href":"https:\/\/www.europesays.com\/fr\/wp-json\/wp\/v2\/posts\/581909","targetHints":{"allow":["GET"]}}],"collection":[{"href":"https:\/\/www.europesays.com\/fr\/wp-json\/wp\/v2\/posts"}],"about":[{"href":"https:\/\/www.europesays.com\/fr\/wp-json\/wp\/v2\/types\/post"}],"author":[{"embeddable":true,"href":"https:\/\/www.europesays.com\/fr\/wp-json\/wp\/v2\/users\/2"}],"replies":[{"embeddable":true,"href":"https:\/\/www.europesays.com\/fr\/wp-json\/wp\/v2\/comments?post=581909"}],"version-history":[{"count":0,"href":"https:\/\/www.europesays.com\/fr\/wp-json\/wp\/v2\/posts\/581909\/revisions"}],"wp:featuredmedia":[{"embeddable":true,"href":"https:\/\/www.europesays.com\/fr\/wp-json\/wp\/v2\/media\/581910"}],"wp:attachment":[{"href":"https:\/\/www.europesays.com\/fr\/wp-json\/wp\/v2\/media?parent=581909"}],"wp:term":[{"taxonomy":"category","embeddable":true,"href":"https:\/\/www.europesays.com\/fr\/wp-json\/wp\/v2\/categories?post=581909"},{"taxonomy":"post_tag","embeddable":true,"href":"https:\/\/www.europesays.com\/fr\/wp-json\/wp\/v2\/tags?post=581909"}],"curies":[{"name":"wp","href":"https:\/\/api.w.org\/{rel}","templated":true}]}}