{"id":581911,"date":"2025-12-06T10:35:20","date_gmt":"2025-12-06T10:35:20","guid":{"rendered":"https:\/\/www.europesays.com\/fr\/581911\/"},"modified":"2025-12-06T10:35:20","modified_gmt":"2025-12-06T10:35:20","slug":"combien-sont-payes-les-influenceurs-voyage","status":"publish","type":"post","link":"https:\/\/www.europesays.com\/fr\/581911\/","title":{"rendered":"Combien sont pay\u00e9s les influenceurs voyage ?"},"content":{"rendered":"<p>\n    <strong>D\u00c9CRYPTAGE &#8211; <\/strong>Voyager et \u00eatre pay\u00e9 pour le raconter\u00a0: c\u2019est le r\u00eave de nombreux cr\u00e9ateurs de contenus. De Duba\u00ef \u00e0 la France, certains captivent une large audience et sont devenus des atouts majeurs pour les acteurs du tourisme. Selon leur notori\u00e9t\u00e9, ils peuvent gagner plusieurs milliers d\u2019euros pour un seul post.<\/p>\n<p class=\"fig-paragraph\">Leur quotidien ressemble \u00e0 celui d\u2019une carte postale\u00a0: plages, h\u00f4tels de charme et escapades natures. Ils se nomment Anil B, Mille\u2019s Voyages, Bruno Maltor\u2026 Ces cr\u00e9ateurs de contenus voyage parcourent le monde, de la\u00a0<a href=\"https:\/\/www.lefigaro.fr\/voyages\/dossier\/suisse\" target=\"_blank\" data-fig-type=\"Topic\" rel=\"sponsored noopener\" data-gtm-custom-categorie=\"navigation\" data-gtm-custom-action=\"crossclick\" data-gtm-custom-label=\"Contextuel\" data-gtm-event=\"customEventSPE\" data-fig-domain=\"LEFIGARO\">Suisse<\/a>\u00a0\u00e0 la\u00a0<a href=\"http:\/\/www.lefigaro.fr\/voyages\/guides\/dossier\/coree-du-sud-que-faire-et-que-visiter-villes-plages-formalites-conseils-et-guide-de-voyage\" target=\"_blank\" data-fig-type=\"Topic\" rel=\"noopener\" data-gtm-custom-categorie=\"navigation\" data-gtm-custom-action=\"crossclick\" data-gtm-custom-label=\"Contextuel\" data-gtm-event=\"customEventSPE\" data-fig-domain=\"LEFIGARO\">Cor\u00e9e du Sud<\/a>, cam\u00e9ra en main. Ce sont des\u00a0<a href=\"http:\/\/www.lefigaro.fr\/medias\/droits-d-auteur-financement-labellisation-les-pistes-pour-mieux-encadrer-les-createurs-de-contenu-20251124\" data-fig-type=\"Article\" data-gtm-custom-categorie=\"navigation\" data-gtm-custom-action=\"crossclick\" data-gtm-custom-label=\"Contextuel\" data-gtm-event=\"customEventSPE\" data-fig-domain=\"LEFIGARO\" target=\"_blank\" rel=\"noopener\">\u00abinfluenceurs\u00bb<\/a>, des personnes dont la notori\u00e9t\u00e9 leur permet d\u2019orienter les choix des internautes et utilisateurs de r\u00e9seaux sociaux gr\u00e2ce aux publications qu\u2019ils partagent. Anil Brancaleoni, 35 ans, figure parmi les \u00abtops influenceurs\u00bb, avec une audience comprise entre 500.000 et 1 million d\u2019abonn\u00e9s, selon Reech, entreprise sp\u00e9cialis\u00e9e en marketing d\u2019influence, et emm\u00e8ne son public des plages sauvages du Br\u00e9sil aux gratte-ciels futuristes de Duba\u00ef.<\/p>\n<p class=\"fig-paragraph\">Guillaume Payen, 26 ans, \u00abmiddle influenceur\u00bb (15.000 \u00e0 100.000 abonn\u00e9s), sillonne la France en train et en bus, r\u00e9v\u00e9lant ses tr\u00e9sors cach\u00e9s et d\u00e9couvertes locales. Et \u00e7a marche. Tous deux f\u00e9d\u00e8rent des communaut\u00e9s engag\u00e9es. Selon un r\u00e9cent rapport publi\u00e9 par le cabinet d\u2019\u00e9tudes\u2026<\/p>\n<p class=\"fig-premium-paywall__infos\">\n        Cet article est r\u00e9serv\u00e9 aux abonn\u00e9s.        Il vous reste 89% \u00e0 d\u00e9couvrir.\n    <\/p>\n<p>                <img  data- alt=\"Le Figaro\" class=\"fig-img--complete fig-img\"\/><\/p>\n<p class=\"fig-premium-paywall__title\">Vous avez envie de lire la suite ?<\/p>\n<p class=\"fig-premium-paywall__subtitle\">D\u00e9bloquez tous les articles imm\u00e9diatement.<\/p>\n<p class=\"fig-premium-paywall__connect\">\n                D\u00e9j\u00e0 abonn\u00e9\u00a0?                <a class=\"fig-premium-paywall__connect-link\" href=\"https:\/\/connect.lefigaro.fr\/login?client=horizon_web&amp;type=main&amp;redirect_uri=https%3A%2F%2Fwww.lefigaro.fr%2Fvoyages%2Fguides%2Fcombien-sont-payes-les-influenceurs-voyage-20251205\" data-js-gtm=\"{&quot;customCategorie&quot;: &quot;conversion&quot;, &quot;customAction&quot;: &quot;before_Landing_Connexion_paywall_auto&quot;, &quot;customLabel&quot;: &quot;bGVmaWdhcm8uZnJfXzFmMGQxZjc5LTRkYWYtNmU1OC1hMjA4LTE3NWU0MzM4NWI3ZF9fTmV3c0ZsYXNo_Combien sont pay\u00e9s les influenceurs voyage\u00a0?_273&quot;, &quot;customIDSPE&quot;: &quot;bGVmaWdhcm8uZnJfXzFmMGQxZjc5LTRkYWYtNmU1OC1hMjA4LTE3NWU0MzM4NWI3ZF9fTmV3c0ZsYXNo&quot;, &quot;event&quot;: &quot;customEventSPE&quot;}\" target=\"_blank\" rel=\"noopener\"><br \/>\n                    Connectez-vous<br \/>\n                <\/a>\n            <\/p>\n","protected":false},"excerpt":{"rendered":"D\u00c9CRYPTAGE &#8211; Voyager et \u00eatre pay\u00e9 pour le raconter\u00a0: c\u2019est le r\u00eave de nombreux cr\u00e9ateurs de contenus. De&hellip;\n","protected":false},"author":2,"featured_media":581912,"comment_status":"","ping_status":"","sticky":false,"template":"","format":"standard","meta":{"footnotes":""},"categories":[1359],"tags":[58,59,1011,27,2480,973,586],"class_list":{"0":"post-581911","1":"post","2":"type-post","3":"status-publish","4":"format-standard","5":"has-post-thumbnail","7":"category-people","8":"tag-divertissement","9":"tag-entertainment","10":"tag-fr","11":"tag-france","12":"tag-influenceurs","13":"tag-people","14":"tag-voyage"},"share_on_mastodon":{"url":"https:\/\/pubeurope.com\/@fr\/115672181923863004","error":""},"_links":{"self":[{"href":"https:\/\/www.europesays.com\/fr\/wp-json\/wp\/v2\/posts\/581911","targetHints":{"allow":["GET"]}}],"collection":[{"href":"https:\/\/www.europesays.com\/fr\/wp-json\/wp\/v2\/posts"}],"about":[{"href":"https:\/\/www.europesays.com\/fr\/wp-json\/wp\/v2\/types\/post"}],"author":[{"embeddable":true,"href":"https:\/\/www.europesays.com\/fr\/wp-json\/wp\/v2\/users\/2"}],"replies":[{"embeddable":true,"href":"https:\/\/www.europesays.com\/fr\/wp-json\/wp\/v2\/comments?post=581911"}],"version-history":[{"count":0,"href":"https:\/\/www.europesays.com\/fr\/wp-json\/wp\/v2\/posts\/581911\/revisions"}],"wp:featuredmedia":[{"embeddable":true,"href":"https:\/\/www.europesays.com\/fr\/wp-json\/wp\/v2\/media\/581912"}],"wp:attachment":[{"href":"https:\/\/www.europesays.com\/fr\/wp-json\/wp\/v2\/media?parent=581911"}],"wp:term":[{"taxonomy":"category","embeddable":true,"href":"https:\/\/www.europesays.com\/fr\/wp-json\/wp\/v2\/categories?post=581911"},{"taxonomy":"post_tag","embeddable":true,"href":"https:\/\/www.europesays.com\/fr\/wp-json\/wp\/v2\/tags?post=581911"}],"curies":[{"name":"wp","href":"https:\/\/api.w.org\/{rel}","templated":true}]}}