{"id":581913,"date":"2025-12-06T10:36:15","date_gmt":"2025-12-06T10:36:15","guid":{"rendered":"https:\/\/www.europesays.com\/fr\/581913\/"},"modified":"2025-12-06T10:36:15","modified_gmt":"2025-12-06T10:36:15","slug":"ce-passionne-signe-une-superbe-photo-de-la-pleine-lune-ce-vendredi-matin-dans-le-haut-pays-de-grasse","status":"publish","type":"post","link":"https:\/\/www.europesays.com\/fr\/581913\/","title":{"rendered":"ce passionn\u00e9 signe une superbe photo de la pleine lune ce vendredi matin dans le haut pays de Grasse"},"content":{"rendered":"<p class=\"fs-5 \">La lune dans toute sa splendeur. Tout pr\u00e8s de nous. Comme si elle avalait l\u2019observatoire du plateau de Calern \u00e0 Caussols.<\/p>\n<p class=\"fs-5 \">Cette superbe photographie est sign\u00e9e Bruno Mongellaz qui l\u2019a partag\u00e9 avec fiert\u00e9 et enthousiasme \u00e0 Nice-Matin apr\u00e8s l\u2019avoir captur\u00e9 ce vendredi matin.<\/p>\n<p class=\"fs-5 \">\u00ab Je cherchais \u00e0 faire cette image depuis plusieurs ann\u00e9es, mais ce matin l\u2019occasion s\u2019est pr\u00e9sent\u00e9e alors que je n\u2019avais pas anticip\u00e9 \u00bb, confie le passionn\u00e9 de photographie et d\u2019astronomie qui habite \u00e0 Ch\u00e2teauneuf-Grasse.<\/p>\n<p class=\"fs-5 \">Arm\u00e9 de son appareil, celui qui est tout naturellement le secr\u00e9taire du club d\u2019astronomie Spica (Science partage informations C\u00f4te d\u2019Azur) de Villeneuve-Loubet, d\u00e9crit une \u00ab disposition assez rare \u00bb du satellite de la Terre.<\/p>\n<p class=\"fs-5 \">\u00ab Pour voir la coupole avec une taille comparable \u00e0 la Lune, il faut \u00eatre suffisamment \u00e9loign\u00e9. Je dois donc me placer dans la plaine de Caussols. Mais pour voir la Lune \u00e0 c\u00f4t\u00e9 de la coupole du Schmidt [1] depuis l\u00e0, il faut que la Lune soit \u00e0 sa d\u00e9clinaison positive maximale. Il faut conna\u00eetre un peu la m\u00e9canique c\u00e9leste&#8230; Et ce matin, c\u2019\u00e9tait le combo : la pleine lune, une d\u00e9clinaison de 28\u00b0, un ciel clair, et je passais \u00e0 l\u2019heure id\u00e9ale \u00bb, appr\u00e9cie-t-il.<\/p>\n<p class=\"fs-5 \">\u00ab Il n\u2019y a qu\u2019un jour dans l\u2019ann\u00e9e o\u00f9 cela se produit. Qui plus est, c\u2019\u00e9tait aussi approximativement le moment du p\u00e9rig\u00e9e (la distance la plus courte avec la Terre), ce qui fait qu\u2019on appelle la pleine lune, \u00e0 ce moment-l\u00e0 \u00bb, rench\u00e9rit-il.<\/p>\n<p class=\"fs-5 \">Un seul petit regret pour Bruno Mongellaz qui travaille \u00e0 l\u2019observatoire &#8211; \u00ab un site extraordinaire o\u00f9 j\u2019ai le bonheur de voir beaucoup de choses que les autres ne voient pas \u00bb &#8211; : \u00ab Si j\u2019avais anticip\u00e9, j\u2019aurais emprunt\u00e9 la veille un mat\u00e9riel plus performant, mais c\u2019est toujours quand on ne s\u2019est pas pr\u00e9par\u00e9 qu\u2019on voit les plus belles choses. \u00bb<\/p>\n<p class=\"fs-5 \">1. Le grand t\u00e9lescope Schmidt-Cassegrain de l\u2019observatoire de Calern.<\/p>\n","protected":false},"excerpt":{"rendered":"La lune dans toute sa splendeur. Tout pr\u00e8s de nous. Comme si elle avalait l\u2019observatoire du plateau de&hellip;\n","protected":false},"author":2,"featured_media":581914,"comment_status":"","ping_status":"","sticky":false,"template":"","format":"standard","meta":{"footnotes":""},"categories":[1358],"tags":[1348,1384,1385,1386,58,59,1011,27],"class_list":{"0":"post-581913","1":"post","2":"type-post","3":"status-publish","4":"format-standard","5":"has-post-thumbnail","7":"category-arts-et-design","8":"tag-arts","9":"tag-arts-and-design","10":"tag-arts-et-design","11":"tag-design","12":"tag-divertissement","13":"tag-entertainment","14":"tag-fr","15":"tag-france"},"share_on_mastodon":{"url":"https:\/\/pubeurope.com\/@fr\/115672185788420301","error":""},"_links":{"self":[{"href":"https:\/\/www.europesays.com\/fr\/wp-json\/wp\/v2\/posts\/581913","targetHints":{"allow":["GET"]}}],"collection":[{"href":"https:\/\/www.europesays.com\/fr\/wp-json\/wp\/v2\/posts"}],"about":[{"href":"https:\/\/www.europesays.com\/fr\/wp-json\/wp\/v2\/types\/post"}],"author":[{"embeddable":true,"href":"https:\/\/www.europesays.com\/fr\/wp-json\/wp\/v2\/users\/2"}],"replies":[{"embeddable":true,"href":"https:\/\/www.europesays.com\/fr\/wp-json\/wp\/v2\/comments?post=581913"}],"version-history":[{"count":0,"href":"https:\/\/www.europesays.com\/fr\/wp-json\/wp\/v2\/posts\/581913\/revisions"}],"wp:featuredmedia":[{"embeddable":true,"href":"https:\/\/www.europesays.com\/fr\/wp-json\/wp\/v2\/media\/581914"}],"wp:attachment":[{"href":"https:\/\/www.europesays.com\/fr\/wp-json\/wp\/v2\/media?parent=581913"}],"wp:term":[{"taxonomy":"category","embeddable":true,"href":"https:\/\/www.europesays.com\/fr\/wp-json\/wp\/v2\/categories?post=581913"},{"taxonomy":"post_tag","embeddable":true,"href":"https:\/\/www.europesays.com\/fr\/wp-json\/wp\/v2\/tags?post=581913"}],"curies":[{"name":"wp","href":"https:\/\/api.w.org\/{rel}","templated":true}]}}