{"id":581927,"date":"2025-12-06T10:44:14","date_gmt":"2025-12-06T10:44:14","guid":{"rendered":"https:\/\/www.europesays.com\/fr\/581927\/"},"modified":"2025-12-06T10:44:14","modified_gmt":"2025-12-06T10:44:14","slug":"ce-modele-ultra-doux-de-chez-uniqlo-est-notre-coup-de-coeur-de-lhiver-2025","status":"publish","type":"post","link":"https:\/\/www.europesays.com\/fr\/581927\/","title":{"rendered":"ce mod\u00e8le ultra doux de chez Uniqlo est notre coup de c\u0153ur de l&rsquo;hiver 2025"},"content":{"rendered":"<p>Bonne nouvelle : la <a href=\"https:\/\/www.mariefrance.fr\/mode\/oubliez-le-legging-cette-grande-marque-simpose-avec-un-nouveau-pantalon-ultra-confortable-et-tendance-pour-lhiver-1213920.html\" target=\"_blank\" rel=\"noopener\"><br \/>\np\u00e9riode hivernale<\/a> a point\u00e9 le bout de son nez. M\u00eame s\u2019il peut<br \/>\n\u00eatre difficile d\u2019accepter la baisse des temp\u00e9ratures, cette p\u00e9riode<br \/>\nde l\u2019ann\u00e9e est \u00e9galement synonyme de soir\u00e9es cocooning, avec un<br \/>\nchocolat chaud, de soir\u00e9es raclette, mais aussi de nouveaux looks<br \/>\nmode.\u00a0<\/p>\n<p>Car oui, en hiver, on troque ses affaires estivales pour des<br \/>\npi\u00e8ces plus chaudes et plus confortables. Mais cela ne signifie pas<br \/>\nforc\u00e9ment qu\u2019il faut adopter l\u2019\u00e9ternel <a href=\"https:\/\/www.mariefrance.fr\/astuces-mode\/pull-gratte-astuce-de-grand-mere-rendre-vetements-doux-526931.html\" target=\"_blank\" rel=\"noopener\"><br \/>\npull de grand-m\u00e8re<\/a>, bien connu pour gratter sur la peau. Cette<br \/>\nann\u00e9e, de nombreuses marques proposent des alternatives qui<br \/>\npermettent de s\u2019assurer un style unique, tendance et r\u00e9solument<br \/>\ninspirant, m\u00eame sous -10 degr\u00e9s.<\/p>\n<p>Uniqlo d\u00e9voile son pull 2-en-1 pour l\u2019hiver<\/p>\n<p>L\u2019enseigne de mode japonaise <a href=\"https:\/\/www.mariefrance.fr\/mode\/shopping-mode\/ce-pantalon-uniqlo-ultra-tendance-simpose-deja-comme-le-modele-chaud-et-confortable-de-lhiver-2025-1218706.html\" target=\"_blank\" rel=\"noopener\"><br \/>\nUniqlo<\/a> nous le prouve bien avec le lancement de sa derni\u00e8re<br \/>\nnouveaut\u00e9 dans sa collection automne\/hiver 2025-2026 : son<br \/>\n<strong>Pull relax 100% cachemire avec col en V<\/strong>. En plus<br \/>\nde sa mati\u00e8re toute douce qu\u2019est le cachemire, ce pull se d\u00e9marque<br \/>\npar son style. Avec son col en V peu profond, mais aussi son<br \/>\n\u00e9charpe amovible 100 % cachemire incluse.\u00a0<\/p>\n<p>Tr\u00e8s tendance, l\u2019\u00e9charpe toute douce et courte permet d\u2019ajouter<br \/>\nune touche \u00e9l\u00e9gante et styl\u00e9e \u00e0 sa tenue. Un pull d\u00e9clin\u00e9 en six<br \/>\ncoloris et disponible au prix de <strong>59,90 euros<\/strong><br \/>\nactuellement au lieu de <strong>129,90 euros<\/strong>. C\u2019est donc<br \/>\nle moment de se faire plaisir ! C\u00f4t\u00e9 taille, il est disponible du<br \/>\nXXS au XXL.<\/p>\n<p><img loading=\"lazy\" decoding=\"async\" aria-describedby=\"caption-attachment-1225511\" itemprop=\"thumbnailUrl\" class=\"size-full wp-image-1225511 img-responsive\" src=\"https:\/\/www.europesays.com\/fr\/wp-content\/uploads\/2025\/12\/2-19.jpg\" alt=\"\" width=\"600\" height=\"900\"\/> \u00a9 Uniqlo<\/p>\n<p id=\"caption-attachment-1225511\" class=\"wp-caption-text\">\nAdieu le pull en laine qui gratte de mamie : ce mod\u00e8le ultra<br \/>\ndoux de chez Uniqlo est notre coup de c\u0153ur de l&rsquo;hiver 2025<\/p>\n<p>Comment porter le pull en cachemire<br \/>\navec \u00e9charpe amovible ?<\/p>\n<p>En manque d\u2019inspiration c\u00f4t\u00e9 look ? Ce <strong>pull en<br \/>\ncachemire<\/strong> a le m\u00e9rite de se porter avec presque tout. Les<br \/>\nmodeuses inv\u00e9t\u00e9r\u00e9es l\u2019adopteront avec un jean droit brut, une paire<br \/>\nde mocassins, et un joli trench long ou bien un caban en laine pour<br \/>\nse tenir chaud.<\/p>\n<p>On peut aussi miser sur une version plus casual, avec<br \/>\nune paire de sneakers, ou m\u00eame des bottes fourr\u00e9es montantes pour<br \/>\naffronter la saison hivernale avec chaleur et style. Ce pull en<br \/>\ncachemire est donc la p\u00e9pite \u00e0 shopper sur-le-champ pour une allure<br \/>\nassur\u00e9ment \u00e9l\u00e9gante. Pr\u00eates \u00e0 craquer ?<\/p>\n","protected":false},"excerpt":{"rendered":"Bonne nouvelle : la p\u00e9riode hivernale a point\u00e9 le bout de son nez. M\u00eame s\u2019il peut \u00eatre difficile&hellip;\n","protected":false},"author":2,"featured_media":581928,"comment_status":"","ping_status":"","sticky":false,"template":"","format":"standard","meta":{"footnotes":""},"categories":[7],"tags":[1011,27,43,40,41,39,33089,42,44,990],"class_list":{"0":"post-581927","1":"post","2":"type-post","3":"status-publish","4":"format-standard","5":"has-post-thumbnail","7":"category-sciences-et-technologies","8":"tag-fr","9":"tag-france","10":"tag-science","11":"tag-science-and-technology","12":"tag-sciences","13":"tag-sciences-et-technologies","14":"tag-shopping-mode","15":"tag-technologies","16":"tag-technology","17":"tag-tendance-mode"},"share_on_mastodon":{"url":"https:\/\/pubeurope.com\/@fr\/115672218927099149","error":""},"_links":{"self":[{"href":"https:\/\/www.europesays.com\/fr\/wp-json\/wp\/v2\/posts\/581927","targetHints":{"allow":["GET"]}}],"collection":[{"href":"https:\/\/www.europesays.com\/fr\/wp-json\/wp\/v2\/posts"}],"about":[{"href":"https:\/\/www.europesays.com\/fr\/wp-json\/wp\/v2\/types\/post"}],"author":[{"embeddable":true,"href":"https:\/\/www.europesays.com\/fr\/wp-json\/wp\/v2\/users\/2"}],"replies":[{"embeddable":true,"href":"https:\/\/www.europesays.com\/fr\/wp-json\/wp\/v2\/comments?post=581927"}],"version-history":[{"count":0,"href":"https:\/\/www.europesays.com\/fr\/wp-json\/wp\/v2\/posts\/581927\/revisions"}],"wp:featuredmedia":[{"embeddable":true,"href":"https:\/\/www.europesays.com\/fr\/wp-json\/wp\/v2\/media\/581928"}],"wp:attachment":[{"href":"https:\/\/www.europesays.com\/fr\/wp-json\/wp\/v2\/media?parent=581927"}],"wp:term":[{"taxonomy":"category","embeddable":true,"href":"https:\/\/www.europesays.com\/fr\/wp-json\/wp\/v2\/categories?post=581927"},{"taxonomy":"post_tag","embeddable":true,"href":"https:\/\/www.europesays.com\/fr\/wp-json\/wp\/v2\/tags?post=581927"}],"curies":[{"name":"wp","href":"https:\/\/api.w.org\/{rel}","templated":true}]}}