{"id":581933,"date":"2025-12-06T10:47:11","date_gmt":"2025-12-06T10:47:11","guid":{"rendered":"https:\/\/www.europesays.com\/fr\/581933\/"},"modified":"2025-12-06T10:47:11","modified_gmt":"2025-12-06T10:47:11","slug":"de-lelysee-a-la-prison-quelle-vie-etrange-que-la-mienne","status":"publish","type":"post","link":"https:\/\/www.europesays.com\/fr\/581933\/","title":{"rendered":"\u00abDe l\u2019\u00c9lys\u00e9e \u00e0 la prison, quelle vie \u00e9trange que la mienne&#8230; \u00bb"},"content":{"rendered":"<p>\n    <strong>EXCLUSIF &#8211;<\/strong> Un mois apr\u00e8s sa sortie de la Sant\u00e9, l\u2019ex-pr\u00e9sident publie mercredi son Journal d\u2019un prisonnier (Fayard). Rencontre avec l\u2019auteur, et premiers extraits.<\/p>\n<p class=\"fig-paragraph\">Il y a parfois dans le destin d\u2019un homme des jeux de miroir qui donnent le vertige. Pendant\u00a0<a href=\"https:\/\/www.lefigaro.fr\/politique\/les-confidences-de-nicolas-sarkozy-sur-son-quinquennat-20200723\" data-fig-type=\"Article\" data-gtm-custom-categorie=\"navigation\" data-gtm-custom-action=\"crossclick\" data-gtm-custom-label=\"Contextuel\" data-gtm-event=\"customEventSPE\" data-fig-domain=\"LEFIGARO\" target=\"_blank\" rel=\"noopener\">son quinquennat<\/a>, Nicolas Sarkozy a \u00e9t\u00e9 obs\u00e9d\u00e9 par la lib\u00e9ration des otages fran\u00e7ais. Il les a presque toujours obtenues. Ils ont parfois m\u00eame \u00e9t\u00e9 des ressortissants d\u2019un autre pays, comme les infirmi\u00e8res bulgares, qui lui ont r\u00e9cemment rendu hommage dans un livre sur leur calvaire libyen. Il ne pensait pas \u00eatre un jour,\u00a0<a href=\"http:\/\/www.lefigaro.fr\/actualite-france\/tres-dur-ereintant-pour-nicolas-sarkozy-la-prison-est-un-cauchemar-20251110\" target=\"_blank\" data-fig-type=\"NewsFlash\" rel=\"noopener\" data-gtm-custom-categorie=\"navigation\" data-gtm-custom-action=\"crossclick\" data-gtm-custom-label=\"Contextuel\" data-gtm-event=\"customEventSPE\" data-fig-domain=\"LEFIGARO\">lui aussi, entre quatre murs<\/a>, sans fen\u00eatre, entour\u00e9 de d\u00e9linquants lourdement condamn\u00e9s. Injustement d\u00e9tenu, comme tous ceux dont il a obtenu la lib\u00e9ration. Injustement. Il le clame. Et il n\u2019est pas le seul, loin de l\u00e0, \u00e0 le penser.<\/p>\n<p class=\"fig-paragraph\">La prison lui paraissait\u00a0<a href=\"http:\/\/www.lefigaro.fr\/vox\/politique\/l-editorial-de-vincent-tremolet-de-villers-nicolas-sarkozy-le-cauchemar-de-l-injustice-20251110\" target=\"_blank\" data-fig-type=\"Article\" rel=\"noopener\" data-gtm-custom-categorie=\"navigation\" data-gtm-custom-action=\"crossclick\" data-gtm-custom-label=\"Contextuel\" data-gtm-event=\"customEventSPE\" data-fig-domain=\"LEFIGARO\">insupportable aux innocents<\/a>. Il peut d\u00e9sormais t\u00e9moigner qu\u2019elle l\u2019est. Qu\u2019elle laisse des traces. Les rides sont plus marqu\u00e9es, le visage est plus pensif, et la silhouette plus l\u00e9g\u00e8re. Le costume anthracite et les cheveux argent\u00e9s lui donnent l\u2019\u00e9l\u00e9gance d\u2019un clergyman, au diapason de cette prison grise dont il sort tout juste. Ces impressions se dissipent dans la conversation. On le retrouve vite tel qu\u2019il est. Mais cela ne fait aucun doute, et il le dit lui-m\u00eame, \u00ab la prison c\u2019est tr\u00e8s dur\u00a0\u00bb. Faut-il pour autant \u00e9crire un livre, et risquer de s\u2019exposer aux ricanements, pire, aux accusations d\u2019impudeur\u00a0? \u00ab Le processus judiciaire, consciemment ou non, est fait pour vous affaiblir, pour que le pr\u00e9venu se sente coupable. De quoi\u00a0? Cela n\u2019a gu\u00e8re d\u2019importance. Faire profil bas est la strat\u00e9gie que l\u2019on vous impose et que vous finissez m\u00eame\u2026<\/p>\n<p class=\"fig-premium-paywall__infos\">\n        Cet article est r\u00e9serv\u00e9 aux abonn\u00e9s.        Il vous reste 89% \u00e0 d\u00e9couvrir.\n    <\/p>\n<p>                <img  data- alt=\"Le Figaro\" class=\"fig-img--complete fig-img\"\/><\/p>\n<p class=\"fig-premium-paywall__title\">Vous avez envie de lire la suite ?<\/p>\n<p class=\"fig-premium-paywall__subtitle\">D\u00e9bloquez tous les articles imm\u00e9diatement.<\/p>\n<p class=\"fig-premium-paywall__connect\">\n                D\u00e9j\u00e0 abonn\u00e9\u00a0?                <a class=\"fig-premium-paywall__connect-link\" href=\"https:\/\/connect.lefigaro.fr\/login?client=horizon_web&amp;type=main&amp;redirect_uri=https%3A%2F%2Fwww.lefigaro.fr%2Fpolitique%2Fnicolas-sarkozy-au-figaro-de-l-elysee-a-la-prison-cette-vie-etrange-que-la-mienne-20251206\" data-js-gtm=\"{&quot;customCategorie&quot;: &quot;conversion&quot;, &quot;customAction&quot;: &quot;before_Landing_Connexion_paywall_manuel&quot;, &quot;customLabel&quot;: &quot;bGVmaWdhcm8uZnJfXzFmMGQxZjA2LWYwZDctNmM4ZS1iNzY2LTdkNTFiOTJjNzJiNV9fQXJ0aWNsZQ==_Nicolas Sarkozy au &lt;i&gt;Figaro&lt;\/i&gt;\u00a0: \u00abDe l\u2019\u00c9lys\u00e9e \u00e0 la prison, quelle vie \u00e9trange que la mienne...\u00a0\u00bb_886&quot;, &quot;customIDSPE&quot;: &quot;bGVmaWdhcm8uZnJfXzFmMGQxZjA2LWYwZDctNmM4ZS1iNzY2LTdkNTFiOTJjNzJiNV9fQXJ0aWNsZQ==&quot;, &quot;event&quot;: &quot;customEventSPE&quot;}\" target=\"_blank\" rel=\"noopener\"><br \/>\n                    Connectez-vous<br \/>\n                <\/a>\n            <\/p>\n","protected":false},"excerpt":{"rendered":"EXCLUSIF &#8211; Un mois apr\u00e8s sa sortie de la Sant\u00e9, l\u2019ex-pr\u00e9sident publie mercredi son Journal d\u2019un prisonnier (Fayard).&hellip;\n","protected":false},"author":2,"featured_media":581934,"comment_status":"","ping_status":"","sticky":false,"template":"","format":"standard","meta":{"footnotes":""},"categories":[4],"tags":[11,6592,1073,1011,27,12,3091,25],"class_list":{"0":"post-581933","1":"post","2":"type-post","3":"status-publish","4":"format-standard","5":"has-post-thumbnail","7":"category-france","8":"tag-actualites","9":"tag-droite","10":"tag-emmanuel-macron","11":"tag-fr","12":"tag-france","13":"tag-news","14":"tag-nicolas-sarkozy","15":"tag-republique-francaise"},"share_on_mastodon":{"url":"https:\/\/pubeurope.com\/@fr\/115672229126805489","error":""},"_links":{"self":[{"href":"https:\/\/www.europesays.com\/fr\/wp-json\/wp\/v2\/posts\/581933","targetHints":{"allow":["GET"]}}],"collection":[{"href":"https:\/\/www.europesays.com\/fr\/wp-json\/wp\/v2\/posts"}],"about":[{"href":"https:\/\/www.europesays.com\/fr\/wp-json\/wp\/v2\/types\/post"}],"author":[{"embeddable":true,"href":"https:\/\/www.europesays.com\/fr\/wp-json\/wp\/v2\/users\/2"}],"replies":[{"embeddable":true,"href":"https:\/\/www.europesays.com\/fr\/wp-json\/wp\/v2\/comments?post=581933"}],"version-history":[{"count":0,"href":"https:\/\/www.europesays.com\/fr\/wp-json\/wp\/v2\/posts\/581933\/revisions"}],"wp:featuredmedia":[{"embeddable":true,"href":"https:\/\/www.europesays.com\/fr\/wp-json\/wp\/v2\/media\/581934"}],"wp:attachment":[{"href":"https:\/\/www.europesays.com\/fr\/wp-json\/wp\/v2\/media?parent=581933"}],"wp:term":[{"taxonomy":"category","embeddable":true,"href":"https:\/\/www.europesays.com\/fr\/wp-json\/wp\/v2\/categories?post=581933"},{"taxonomy":"post_tag","embeddable":true,"href":"https:\/\/www.europesays.com\/fr\/wp-json\/wp\/v2\/tags?post=581933"}],"curies":[{"name":"wp","href":"https:\/\/api.w.org\/{rel}","templated":true}]}}