{"id":581939,"date":"2025-12-06T10:50:12","date_gmt":"2025-12-06T10:50:12","guid":{"rendered":"https:\/\/www.europesays.com\/fr\/581939\/"},"modified":"2025-12-06T10:50:12","modified_gmt":"2025-12-06T10:50:12","slug":"un-marche-de-noel-festif-avec-plus-de-50-exposants-et-animations-a-saint-etienne-les-orgues","status":"publish","type":"post","link":"https:\/\/www.europesays.com\/fr\/581939\/","title":{"rendered":"Un march\u00e9 de No\u00ebl festif avec plus de 50 exposants et animations \u00e0 Saint-Etienne-les-Orgues"},"content":{"rendered":"<p>Le march\u00e9 de No\u00ebl de <a href=\"https:\/\/www.laprovence.com\/alpes-de-haute-provence\/saint-etienne-les-orgues-04178\" target=\"_blank\" rel=\"noopener\">Saint-\u00c9tienne-les-Orgues<\/a> se tiendra dimanche 7 d\u00e9cembre, de 9 h 30 \u00e0 18 h \u00e0 la m\u00e9diath\u00e8que. Plus de cinquante exposants, artisans et artistes, proposeront des cadeaux uniques et des produits gourmands, en pr\u00e9sence du <a href=\"https:\/\/www.laprovence.com\/article\/sante\/1447296668460814\/pourquoi-certains-enfants-ont-ils-peur-du-pere-noel\" target=\"_blank\" rel=\"noopener\">P\u00e8re No\u00ebl<\/a>.<\/p>\n<p>Des animations gratuites seront organis\u00e9es pour les enfants, avec sculptures de ballons, maquillage et spectacle l&rsquo;apr\u00e8s-midi.<\/p>\n<p>Les adultes seront exceptionnellement invit\u00e9s \u00e0 participer \u00e0 certaines de ces activit\u00e9s. Pour tous, une balade en cal\u00e8che tir\u00e9e par des \u00e2nes compl\u00e9tera l&rsquo;ambiance festive.<\/p>\n<p>La journ\u00e9e est organis\u00e9e par l&rsquo;association <a href=\"https:\/\/www.laprovence.com\/article\/region\/2955384664660314\/lassociation-lure-en-fetes-propose-un-repas-villageois-sur-la-place-des-ormeaux-de-saint-etienne-les-orgues\" target=\"_blank\" rel=\"noopener\">Lure en F\u00eates<\/a>, \u00e0 la m\u00e9diath\u00e8que de Saint-\u00c9tienne-les-Orgues, o\u00f9 Freddy assurera l&rsquo;animation.<\/p>\n<p><strong>Infos <a href=\"https:\/\/www.laprovence.com\/cdn-cgi\/l\/email-protection\" class=\"__cf_email__\" data-cfemail=\"cca0b9bea9a9a2aaa9b8a9bffcf88caba1ada5a0e2afa3a1\" target=\"_blank\" rel=\"noopener\">[email\u00a0protected]<\/a>.<\/strong><\/p>\n","protected":false},"excerpt":{"rendered":"Le march\u00e9 de No\u00ebl de Saint-\u00c9tienne-les-Orgues se tiendra dimanche 7 d\u00e9cembre, de 9 h 30 \u00e0 18 h&hellip;\n","protected":false},"author":2,"featured_media":581940,"comment_status":"","ping_status":"","sticky":false,"template":"","format":"standard","meta":{"footnotes":""},"categories":[9653],"tags":[17,1111,11,1063,2430,3396,1777,674,15330,14012,1011,27,2089,12,15830,378,16,25,4001],"class_list":{"0":"post-581939","1":"post","2":"type-post","3":"status-publish","4":"format-standard","5":"has-post-thumbnail","7":"category-saint-etienne","8":"tag-17","9":"tag-actu","10":"tag-actualites","11":"tag-animations","12":"tag-auvergne-rhone-alpes","13":"tag-avec","14":"tag-eu","15":"tag-europe","16":"tag-exposants","17":"tag-festif","18":"tag-fr","19":"tag-france","20":"tag-marche","21":"tag-news","22":"tag-noel","23":"tag-plus","24":"tag-region","25":"tag-republique-francaise","26":"tag-saint-etienne"},"share_on_mastodon":{"url":"https:\/\/pubeurope.com\/@fr\/115672240957485913","error":""},"_links":{"self":[{"href":"https:\/\/www.europesays.com\/fr\/wp-json\/wp\/v2\/posts\/581939","targetHints":{"allow":["GET"]}}],"collection":[{"href":"https:\/\/www.europesays.com\/fr\/wp-json\/wp\/v2\/posts"}],"about":[{"href":"https:\/\/www.europesays.com\/fr\/wp-json\/wp\/v2\/types\/post"}],"author":[{"embeddable":true,"href":"https:\/\/www.europesays.com\/fr\/wp-json\/wp\/v2\/users\/2"}],"replies":[{"embeddable":true,"href":"https:\/\/www.europesays.com\/fr\/wp-json\/wp\/v2\/comments?post=581939"}],"version-history":[{"count":0,"href":"https:\/\/www.europesays.com\/fr\/wp-json\/wp\/v2\/posts\/581939\/revisions"}],"wp:featuredmedia":[{"embeddable":true,"href":"https:\/\/www.europesays.com\/fr\/wp-json\/wp\/v2\/media\/581940"}],"wp:attachment":[{"href":"https:\/\/www.europesays.com\/fr\/wp-json\/wp\/v2\/media?parent=581939"}],"wp:term":[{"taxonomy":"category","embeddable":true,"href":"https:\/\/www.europesays.com\/fr\/wp-json\/wp\/v2\/categories?post=581939"},{"taxonomy":"post_tag","embeddable":true,"href":"https:\/\/www.europesays.com\/fr\/wp-json\/wp\/v2\/tags?post=581939"}],"curies":[{"name":"wp","href":"https:\/\/api.w.org\/{rel}","templated":true}]}}