{"id":581949,"date":"2025-12-06T10:55:19","date_gmt":"2025-12-06T10:55:19","guid":{"rendered":"https:\/\/www.europesays.com\/fr\/581949\/"},"modified":"2025-12-06T10:55:19","modified_gmt":"2025-12-06T10:55:19","slug":"5-bougies-pour-la-cite-de-leconomie-et-toujours-la-flamme-pour-imaginer-lavenir","status":"publish","type":"post","link":"https:\/\/www.europesays.com\/fr\/581949\/","title":{"rendered":"5 bougies pour la Cit\u00e9 de l&rsquo;\u00e9conomie, et toujours la flamme pour imaginer l&rsquo;avenir"},"content":{"rendered":"<p>                    Par<br \/>\n        <strong><br \/>\n            <a href=\"https:\/\/actu.fr\/auteur\/g-martin\" title=\"Consulter tous les articles de Gil Martin\" target=\"_blank\" rel=\"noopener\">Gil Martin<\/a><br \/>\n                    <\/strong><\/p>\n<p>        Publi\u00e9 le<\/p>\n<p>            6 d\u00e9c. 2025 \u00e0 11h30        <\/p>\n<p>Ce jeudi 4 d\u00e9cembre, <strong>Carole Delga<\/strong>, la pr\u00e9sidente de la R\u00e9gion Occitanie, a particip\u00e9 \u00e0 Montpellier au cinqui\u00e8me anniversaire de la <strong>Cit\u00e9 de l\u2019\u00c9conomie et des M\u00e9tiers de Demain<\/strong> (CEMD), cr\u00e9\u00e9e en 2020 par la R\u00e9gion Occitanie et install\u00e9e en face d\u2019Odysseum. L\u2019\u00e9lue r\u00e9gionale a tenu \u00e0 souligner le r\u00f4le majeur dans la <strong>fabrication des politiques publiques<\/strong> de cet \u00e9tablissement qui favorise le brassage des id\u00e9es et des r\u00e9flexions.<\/p>\n<p>\u00ab\u00a0Vers une \u00e9conomie positive\u00a0\u00bb<\/p>\n<p class=\" wall-content\">La CEMD a d\u00e9j\u00e0 accueilli plus de 23 000 utilisateurs et leur propose, sur 3000 m2, deux grands espaces \u00e9v\u00e9nementiels, un espace show-room, des espaces de cr\u00e9ativit\u00e9 et de co-design \u00ab\u00a0et des espaces permettant de d\u00e9velopper <strong>de grands projets collectifs <\/strong>\u00bb, rappelle Carole Delga : \u00ab De fait, depuis sa cr\u00e9ation, cette Cit\u00e9 s\u2019est impos\u00e9e comme un lieu ouvert <strong>d\u00e9di\u00e9 \u00e0 la prospective<\/strong>, <strong>l\u2019exp\u00e9rimentation et l\u2019innovation<\/strong> qui inspire les politiques publiques de la R\u00e9gion et embarque les entreprises dans la mutation v<strong>ers une \u00e9conomie positive<\/strong> \u00bb.<\/p>\n<p>\u00ab\u00a0Pr\u00e9parer les emplois de demain\u00a0\u00bb<\/p>\n<p class=\" wall-content\">\u00ab\u00a0La Cit\u00e9 de l\u2019\u00c9conomie et des M\u00e9tiers de Demain est un lieu unique pour embarquer vers une <strong>\u00e9conomie durable et inclusive<\/strong>\u00a0\u00bb, insiste la pr\u00e9sidente r\u00e9gionale \u00e0 propos d\u2019un \u00e9tablissement \u00ab\u00a0qui <strong>explore le futur<\/strong> en r\u00e9unissant en un m\u00eame lieu innovation, exp\u00e9rimentation et prospective\u2026 La CEMD est l\u00e0 pour accompagner les mutations, aider les entreprises \u00e0 gagner en comp\u00e9titivit\u00e9 en imaginant et <strong>cr\u00e9ant les emplois de demain<\/strong> en Occitanie\u00a0\u00bb.<\/p>\n<blockquote class=\"ac-article-quote wall-content\">\n<p>\u00ab\u00a0Ce cinqui\u00e8me anniversaire n\u2019est pas une simple \u00e9tape : c\u2019est l\u2019affirmation d\u2019une dynamique collective\u00a0\u00bb<\/p>\n<p>    <strong>Carole Delga<\/strong><br \/>\n        Pr\u00e9sidente de la R\u00e9gion Occitanie    <\/p><\/blockquote>\n<p>    <img   decoding=\"async\" loading=\"lazy\" src=\"https:\/\/www.europesays.com\/fr\/wp-content\/uploads\/2025\/12\/photo-cite-de-leconomie-et-des-metiers-de-demain-960x640.jpg\" alt=\"La CEMD a d\u00e9j\u00e0 accueilli plus de 23 000 utilisateurs depuis 2020 dans ses 3000 m2 situ\u00e9s en face Odysseum\" width=\"960\" height=\"640\"\/><br \/>\n    La CEMD a d\u00e9j\u00e0 accueilli plus de 23 000 utilisateurs depuis 2020 dans ses 3000 m2 situ\u00e9s en face Odysseum (\u00a9dr)Vid\u00e9os : en ce moment sur Actu<\/p>\n<p class=\" wall-content\">Pour la pr\u00e9sidente Occitane, les objectifs de cet structure unique dans le sud de la France sont grav\u00e9s dans le marbre\u00a0: favoriser la cr\u00e9ation des m\u00e9tiers de demain \u00ab\u00a0et participer \u00e0 la construction d\u2019une \u00e9conomie performante, durable et inclusive\u2026 Par la qualit\u00e9 des \u00e9changes et l\u2019innovation, par la r\u00e9flexion sur l\u2019\u00e9volution de l\u2019\u00e9conomie et des m\u00e9tiers, la CEMD doit nous permettre de voir loin, de nous pr\u00e9parer aux mutations et aux m\u00e9tiers de demain et exp\u00e9rimenter, tester les solutions et les mod\u00e8les durables de demain.\u00a0\u00bb<\/p>\n<p>    <a href=\"https:\/\/www.google.com\/maps\/embed?pb=!1m18!1m12!1m3!1d2889.1907041626205!2d3.910423611007535!3d43.60257075558457!2m3!1f0!2f0!3f0!3m2!1i1024!2i768!4f13.1!3m3!1m2!1s0x12b6a5b10b052f35%3A0x799cd397deb3c9da!2sCit%C3%A9%20de%20l%27Economie%20et%20des%20m%C3%A9tiers%20de%20demain!5e0!3m2!1sfr!2sfr!4v1765046547515!5m2!1sfr!2sfr\" title=\"Ouvrie le lien\" target=\"_blank\" rel=\"noopener\">Cliquez ici pour visualiser le contenu<\/a><\/p>\n<p>Votre r\u00e9gion, votre actu !<\/p>\n<p>Recevez chaque jour les infos qui comptent pour vous.<\/p>\n<p>\t<a href=\"https:\/\/actu.fr\/newsletter\" class=\"ac-btn ac-btn--corner ac-btn--medium ac-btn--blue800\" target=\"_blank\" rel=\"noopener\">S&rsquo;incrire<\/a><br \/>\n\u00ab\u00a0Il faut cr\u00e9er des ponts entre les mondes\u00a0\u00bb\u00a0<\/p>\n<p class=\" wall-content\">Pour marquer cet anniversaire, la Cit\u00e9 de l\u2019\u00c9conomie et des M\u00e9tiers de Demain a organis\u00e9 un \u00e9v\u00e8nement original\u00a0: un \u00e9change en direct, devant le public, entre Carole Delga et la philosophe Gabrielle Halpern sur le th\u00e8me \u00ab Cr\u00e9er des ponts entre les mondes \u00bb. Comment penser ensemble le territoire, non comme un espace fig\u00e9, mais comme un \u00e9cosyst\u00e8me vivant o\u00f9 se rencontrent acteurs publics, entrepreneurs, chercheurs, artisans, citoyens et artistes ? Les deux protagonistes ont tent\u00e9 d\u2019apporter des r\u00e9ponses, dont voici quelques extraits\u00a0:<\/p>\n<p class=\" wall-content\"><strong>Carole Delga\u00a0: \u00ab\u00a0Continuons \u00e0 ouvrir des horizons\u00a0\u00bb<\/strong><br \/>\u00ab Il y a cinq ans, nous avons cr\u00e9\u00e9 la CEMD avec une conviction forte : pour affronter les transformations \u00e9conomiques, \u00e9cologiques et technologiques, il fallait un lieu qui rassemble, qui exp\u00e9rimente et qui cr\u00e9e des ponts entre les mondes\u2026 Aujourd\u2019hui, ce pari est r\u00e9ussi. Ici, l\u2019innovation s\u2019incarne dans le r\u00e9el : des entreprises, des chercheurs, des jeunes, des territoires ruraux comme urbains, imaginent ensemble les solutions de demain. C\u2019est cet esprit de coop\u00e9ration qui fait la force de l\u2019Occitanie.<br \/>La CEMD a inspir\u00e9 des politiques publiques fortes : la r\u00e9industrialisation que nous conduisons, nos investissements pour le futur du travail, la structuration de fili\u00e8res strat\u00e9giques comme l\u2019hydrog\u00e8ne, etc\u2026 C\u2019est cela, une R\u00e9gion qui agit : transformer les id\u00e9es en actions concr\u00e8tes, faire du terrain le point de d\u00e9part et le point d\u2019arriv\u00e9e de la d\u00e9cision politique.<br \/>Ce cinqui\u00e8me anniversaire n\u2019est pas une simple \u00e9tape : c\u2019est l\u2019affirmation d\u2019une dynamique collective. Continuons \u00e0 ouvrir des horizons, \u00e0 retisser des liens, \u00e0 faire de cette Cit\u00e9 une v\u00e9ritable fabrique d\u2019avenir, au service de nos territoires. \u00bb<\/p>\n<p class=\" wall-content\"><strong>Gabrielle Halpern, philosophe\u00a0: \u00ab\u00a0cr\u00e9er des ponts entre les mondes\u00a0\u00bb<\/strong><br \/>\u00ab Aristote \u00e9crivait que le r\u00f4le du politique est de \u00ab cr\u00e9er l\u2019amiti\u00e9 entre les membres de la Cit\u00e9\u00a0\u00bb. Cette amiti\u00e9 ne se d\u00e9cr\u00e8te pas, il faut cr\u00e9er des temps et des espaces qui nous donnent l\u2019envie de nous rencontrer. C\u2019est bien tout le sens de la CEMD : \u00eatre un lieu qui rassemble, qui cr\u00e9e des ponts entre les mondes, entre les g\u00e9n\u00e9rations, entre les entreprises, entre les secteurs, entre les territoires, entre les citoyens. La CEMD fait \u00e9cho \u00e0 mes travaux de recherche en philosophie sur l\u2019hybridation, qui n\u2019est pas un simple concept mais un vrai projet de soci\u00e9t\u00e9 : cr\u00e9er des ponts entre les mondes.\u00a0\u00bb<\/p>\n<p><strong>La CEMD en 5 ans :<\/strong><br \/>\n-23 000 visiteurs<br \/>\n-8 Cahiers publi\u00e9s et distribu\u00e9s \u00e0 plus de 20 000 exemplaires<br \/>\n-300 \u00e9v\u00e8nements : Longue-vue, MasterClass cin\u00e9ma, actions partenaires, ateliers, hackathon, projections documentaire \u2026<br \/>\n-50 partenaires issus de l\u2019\u00e9cosyst\u00e8me territorial (dont APEC, La m\u00eal\u00e9e, L\u2019ile des possibles, Envirobat, Le FrenchTech, l\u2019Universit\u00e9 de Montpellier, Paul Val\u00e9ry, le CRNS, le CNES, BPI France, Montpellier Management \u2026)<br \/>\n-130 participants au programme exp\u00e9rimental sur l\u2019IA issus de 24 entreprises r\u00e9gionales : accompagnement durant 8 mois de 130 dirigeants et collaborateurs dans l\u2019adoption proactive et responsable de l\u2019intelligence artificielle (IA) dans leur quotidien.<\/p>\n<p><strong>Plus d\u2019infos<\/strong> : <a href=\"http:\/\/www.laregion.fr\/La-Cite-de-l-Economie-et-des-Metiers-de-Demain\" target=\"_blank\" rel=\"noopener\">www.laregion.fr\/La-Cite-de-l-Economie-et-des-Metiers-de-Demain<\/a><\/p>\n<p class=\" wall-content\">.<\/p>\n<p class=\" wall-content\">Personnalisez votre actualit\u00e9 en ajoutant vos villes et m\u00e9dias en favori avec <a href=\"https:\/\/moncompte.actu.fr\" title=\"D\u00e9couvez Mon Actu\" rel=\"nofollow noopener\" data-trk=\"{&quot;cta&quot;:{&quot;action&quot;:&quot;https:\\\/\\\/moncompte.actu.fr&quot;,&quot;category&quot;:&quot;mon compte&quot;,&quot;from&quot;:&quot;article footer&quot;,&quot;name&quot;:&quot;Mon actu&quot;,&quot;type&quot;:&quot;cta&quot;}}\" target=\"_blank\">Mon Actu<\/a>.<\/p>\n","protected":false},"excerpt":{"rendered":"Par Gil Martin Publi\u00e9 le 6 d\u00e9c. 2025 \u00e0 11h30 Ce jeudi 4 d\u00e9cembre, Carole Delga, la pr\u00e9sidente&hellip;\n","protected":false},"author":2,"featured_media":581950,"comment_status":"","ping_status":"","sticky":false,"template":"","format":"standard","meta":{"footnotes":""},"categories":[9599],"tags":[1111,11,33,1777,674,1011,27,2208,12,2680,25],"class_list":{"0":"post-581949","1":"post","2":"type-post","3":"status-publish","4":"format-standard","5":"has-post-thumbnail","7":"category-montpellier","8":"tag-actu","9":"tag-actualites","10":"tag-economie","11":"tag-eu","12":"tag-europe","13":"tag-fr","14":"tag-france","15":"tag-montpellier","16":"tag-news","17":"tag-occitanie","18":"tag-republique-francaise"},"share_on_mastodon":{"url":"https:\/\/pubeurope.com\/@fr\/115672261665088762","error":""},"_links":{"self":[{"href":"https:\/\/www.europesays.com\/fr\/wp-json\/wp\/v2\/posts\/581949","targetHints":{"allow":["GET"]}}],"collection":[{"href":"https:\/\/www.europesays.com\/fr\/wp-json\/wp\/v2\/posts"}],"about":[{"href":"https:\/\/www.europesays.com\/fr\/wp-json\/wp\/v2\/types\/post"}],"author":[{"embeddable":true,"href":"https:\/\/www.europesays.com\/fr\/wp-json\/wp\/v2\/users\/2"}],"replies":[{"embeddable":true,"href":"https:\/\/www.europesays.com\/fr\/wp-json\/wp\/v2\/comments?post=581949"}],"version-history":[{"count":0,"href":"https:\/\/www.europesays.com\/fr\/wp-json\/wp\/v2\/posts\/581949\/revisions"}],"wp:featuredmedia":[{"embeddable":true,"href":"https:\/\/www.europesays.com\/fr\/wp-json\/wp\/v2\/media\/581950"}],"wp:attachment":[{"href":"https:\/\/www.europesays.com\/fr\/wp-json\/wp\/v2\/media?parent=581949"}],"wp:term":[{"taxonomy":"category","embeddable":true,"href":"https:\/\/www.europesays.com\/fr\/wp-json\/wp\/v2\/categories?post=581949"},{"taxonomy":"post_tag","embeddable":true,"href":"https:\/\/www.europesays.com\/fr\/wp-json\/wp\/v2\/tags?post=581949"}],"curies":[{"name":"wp","href":"https:\/\/api.w.org\/{rel}","templated":true}]}}