{"id":581951,"date":"2025-12-06T10:56:22","date_gmt":"2025-12-06T10:56:22","guid":{"rendered":"https:\/\/www.europesays.com\/fr\/581951\/"},"modified":"2025-12-06T10:56:22","modified_gmt":"2025-12-06T10:56:22","slug":"la-montpellieraine-brigitte-sabotier-nouvelle-directrice-dorange-pour-loccitanie-et-la-nouvelle-aquitaine","status":"publish","type":"post","link":"https:\/\/www.europesays.com\/fr\/581951\/","title":{"rendered":"La Montpelli\u00e9raine Brigitte Sabotier, nouvelle directrice d\u2019Orange pour l\u2019Occitanie et la Nouvelle Aquitaine"},"content":{"rendered":"<p>\n                                                                Brigitte Sabotier, Montpelli\u00e9raine et ex-DRH d\u2019Orange France, a pris d\u00e9but novembre la direction d\u2019Orange Grand Sud-Ouest. Elle pilotera le plan strat\u00e9gique 2030 dans une zone de 25 d\u00e9partements, o\u00f9 l\u2019op\u00e9rateur emploie plus de 10\u00a0000 salari\u00e9s sur 200 sites.\n                            <\/p>\n<p>Une Montpelli\u00e9raine pour piloter les activit\u00e9s du premier op\u00e9rateur t\u00e9l\u00e9coms fran\u00e7ais\u00a0en Occitanie et Nouvelle Aquitaine. D\u00e9but novembre, Brigitte Sabotier a pris ses fonctions de directrice Orange Grand Sud-Ouest, et a logiquement choisi sa r\u00e9gion natale comme camp de base. Native de Grabels, lyc\u00e9enne \u00e0 Joffre puis dipl\u00f4m\u00e9e de la Montpellier Business School, elle succ\u00e8de \u00e0 Catherine Voisin\u00a0dans une zone regroupant 25 d\u00e9partements et o\u00f9 l\u2019op\u00e9rateur historique poss\u00e8de environ 200 sites qui\u00a0emploient plus de 10\u00a0000 personnes.<\/p>\n<p>Entr\u00e9e chez Orange en 1994<\/p>\n<p>Un retour aux sources pour celle qui est entr\u00e9e chez Orange \u00ab\u00a0en 1994, sur concours\u00a0\u00bb, au sein de la direction des ressources humaines. C\u2019est dans cette branche que Brigitte Sabotier gravira les \u00e9chelons, jusqu\u2019au poste de DRH d\u2019Orange France. \u00ab\u00a0J\u2019ai eu la chance de passer par plusieurs domaines d\u2019activit\u00e9 au sein du groupe\u00a0: les r\u00e9seaux, la sant\u00e9, les m\u00e9dias\u2026 Apr\u00e8s de nombreuses ann\u00e9es en \u00cele-de-France, ce poste est un nouveau projet professionnel, mais aussi familial\u00a0\u00bb, explique celle qui n\u2019a jamais coup\u00e9 les ponts avec l\u2019H\u00e9rault, o\u00f9 ses proches r\u00e9sident encore.<\/p>\n<p>D\u00e9sormais install\u00e9e dans une commune du nord de Montpellier, Brigitte Sabotier sera en charge de porter le plan strat\u00e9gique 2030 d\u2019Orange, sous autorit\u00e9 directe de\u00a0J\u00e9r\u00f4me H\u00e9nique, directeur ex\u00e9cutif d\u2019Orange France.\u00a0\u00ab\u00a0Parmi nos enjeux de territoire, il y a \u00e9videmment la poursuite du d\u00e9ploiement de la fibre. Nous tiendrons nos engagements \u00e0 Montpellier, dans sa m\u00e9tropole et dans les communes du littoral. Avec une vigilance particuli\u00e8re sur l\u2019\u00c9cusson, o\u00f9 nous devons composer avec des fa\u00e7ades patrimoniales, d\u00e9taille la nouvelle directrice. Mais nous sommes aussi engag\u00e9s sur le d\u00e9veloppement de notre r\u00e9seau mobile 5G, et\u00a0sur l\u2019excellence de notre relation client.\u00a0\u00bb<\/p>\n<p><strong><a href=\"https:\/\/www.midilibre.fr\/2025\/07\/09\/89-des-logements-de-montpellier-sont-raccordes-a-la-fibre-optique-les-travaux-doivent-composer-avec-le-patrimoine-dans-lecusson-12816518.php#:~:text=C&#039;est%20l&#039;objectif%20de,000%20foyers%2C%20raccord%C3%A9s%20fin%202026.\" target=\"_blank\" rel=\"noopener\">LIRE AUSSI \u2013 89\u00a0% des logements de Montpellier sont raccord\u00e9s \u00e0 la fibre optique\u00a0: les travaux doivent composer avec le patrimoine dans l\u2019\u00c9cusson<\/a><\/strong><\/p>\n<p>Le 25\u00a0octobre, <a href=\"https:\/\/www.midilibre.fr\/2025\/11\/06\/orange-souvre-aux-smartphones-reconditionnes-la-seconde-main-se-fait-une-place-dans-la-nouvelle-boutique-montpellieraine-13037580.php\" target=\"_blank\" rel=\"noopener\">Orange a inaugur\u00e9 sa nouvelle boutique<\/a> sur la dalle du triangle, anciennement install\u00e9e au sein du centre commercial du Polygone. En d\u00e9cembre dernier, c\u2019est son point de vente de la\u00a0Grand-rue Jean-Moulin qui avait d\u00e9m\u00e9nag\u00e9 de quelques centaines de m\u00e8tres, <a href=\"https:\/\/www.midilibre.fr\/2024\/12\/09\/orange-demenage-de-300-m-a-montpellier-une-tension-invisible-pour-les-clients-est-tres-anxiogene-pour-les-salaries-12374911.php\" target=\"_blank\" rel=\"noopener\">direction la rue de la Loge<\/a>, quand sortait de terre en 2022 \u00e0 l\u2019ouest de Montpellier <a href=\"https:\/\/www.midilibre.fr\/2022\/10\/19\/orange-a-inaugure-son-nouveau-campus-montpellierain-10748903.php\" target=\"_blank\" rel=\"noopener\">son\u00a0immense Campus qui accueille 1\u00a0400 collaborateurs<\/a>.<\/p>\n<p>La d\u00e9pose du r\u00e9seau cuivre d\u00e9bute au 27\u00a0janvier<\/p>\n<p>\u00ab\u00a0Nous sommes le principal op\u00e9rateur d\u2019infrastructure\u00a0\u00bb, rappelle \u00e9galement Brigitte Sabotier. Infrastructures qui vont prochainement \u00e9voluer, avec la disparition progressive du r\u00e9seau cuivre. L\u2019Arcep a fix\u00e9 la date limite de son retrait total\u00a0\u00e0 2030. Dans l\u2019H\u00e9rault, les op\u00e9rations de d\u00e9pose par lots d\u00e9buteront d\u00e8s le 27\u00a0janvier 2026, mais ne concerneront que quatre communes\u00a0: Argelliers, Pouzols, Saint-Guilhem-le-D\u00e9sert, et Saint-Jean-de-Fos. \u00ab\u00a0La m\u00e9tropole de Montpellier ne commencera \u00e0 \u00eatre concern\u00e9e qu\u2019au lot 4, avec une\u00a0fermeture technique au 31\u00a0octobre 2028\u00a0\u00bb, pr\u00e9cise Orange.<\/p>\n","protected":false},"excerpt":{"rendered":"Brigitte Sabotier, Montpelli\u00e9raine et ex-DRH d\u2019Orange France, a pris d\u00e9but novembre la direction d\u2019Orange Grand Sud-Ouest. Elle pilotera&hellip;\n","protected":false},"author":2,"featured_media":581952,"comment_status":"","ping_status":"","sticky":false,"template":"","format":"standard","meta":{"footnotes":""},"categories":[9599],"tags":[1111,11,33,69581,1777,674,1011,27,7089,2208,12,962,2680,25],"class_list":{"0":"post-581951","1":"post","2":"type-post","3":"status-publish","4":"format-standard","5":"has-post-thumbnail","7":"category-montpellier","8":"tag-actu","9":"tag-actualites","10":"tag-economie","11":"tag-economie-numu00e9rique","12":"tag-eu","13":"tag-europe","14":"tag-fr","15":"tag-france","16":"tag-herault","17":"tag-montpellier","18":"tag-news","19":"tag-nouvelles-technologies","20":"tag-occitanie","21":"tag-republique-francaise"},"share_on_mastodon":{"url":"","error":""},"_links":{"self":[{"href":"https:\/\/www.europesays.com\/fr\/wp-json\/wp\/v2\/posts\/581951","targetHints":{"allow":["GET"]}}],"collection":[{"href":"https:\/\/www.europesays.com\/fr\/wp-json\/wp\/v2\/posts"}],"about":[{"href":"https:\/\/www.europesays.com\/fr\/wp-json\/wp\/v2\/types\/post"}],"author":[{"embeddable":true,"href":"https:\/\/www.europesays.com\/fr\/wp-json\/wp\/v2\/users\/2"}],"replies":[{"embeddable":true,"href":"https:\/\/www.europesays.com\/fr\/wp-json\/wp\/v2\/comments?post=581951"}],"version-history":[{"count":0,"href":"https:\/\/www.europesays.com\/fr\/wp-json\/wp\/v2\/posts\/581951\/revisions"}],"wp:featuredmedia":[{"embeddable":true,"href":"https:\/\/www.europesays.com\/fr\/wp-json\/wp\/v2\/media\/581952"}],"wp:attachment":[{"href":"https:\/\/www.europesays.com\/fr\/wp-json\/wp\/v2\/media?parent=581951"}],"wp:term":[{"taxonomy":"category","embeddable":true,"href":"https:\/\/www.europesays.com\/fr\/wp-json\/wp\/v2\/categories?post=581951"},{"taxonomy":"post_tag","embeddable":true,"href":"https:\/\/www.europesays.com\/fr\/wp-json\/wp\/v2\/tags?post=581951"}],"curies":[{"name":"wp","href":"https:\/\/api.w.org\/{rel}","templated":true}]}}