{"id":581953,"date":"2025-12-06T10:57:20","date_gmt":"2025-12-06T10:57:20","guid":{"rendered":"https:\/\/www.europesays.com\/fr\/581953\/"},"modified":"2025-12-06T10:57:20","modified_gmt":"2025-12-06T10:57:20","slug":"cest-parti-pour-les-festivites-de-fin-dannee-a-darnetal-avec-le-lancement-des-illuminations","status":"publish","type":"post","link":"https:\/\/www.europesays.com\/fr\/581953\/","title":{"rendered":"C&rsquo;est parti pour les festivit\u00e9s de fin d&rsquo;ann\u00e9e \u00e0 Darn\u00e9tal, avec le lancement des illuminations"},"content":{"rendered":"<p>                    Par<br \/>\n        <strong><br \/>\n            <a href=\"https:\/\/actu.fr\/auteur\/isabellevilly\" title=\"Consulter tous les articles de Isabelle Villy\" target=\"_blank\" rel=\"noopener\">Isabelle Villy<\/a><br \/>\n                    <\/strong><\/p>\n<p>        Publi\u00e9 le<\/p>\n<p>            6 d\u00e9c. 2025 \u00e0 11h06        <\/p>\n<p>Apr\u00e8s un d\u00e9compte lanc\u00e9 par le maire de <a href=\"https:\/\/actu.fr\/normandie\/darnetal_76212\" target=\"_blank\" rel=\"noopener\">Darn\u00e9tal<\/a> Christopher Langlois, la fa\u00e7ade de la mairie s\u2019est \u00e9clair\u00e9e de bleu et de dor\u00e9, tandis que les d\u00e9cors lumineux, install\u00e9s en ville, s\u2019allumaient au m\u00eame moment. Bref, top d\u00e9part des <strong>illuminations de No\u00ebl.\u00a0<\/strong><\/p>\n<p>Une quarantaine d\u2019exposants<\/p>\n<p class=\" wall-content\">Comme chaque ann\u00e9e, le lancement officiel s\u2019est accompagn\u00e9 de quelques danses, avant d\u2019aller fl\u00e2ner sur le march\u00e9 de No\u00ebl, install\u00e9 pour tout le week-end : \u00ab nous avons une quarantaine d\u2019exposants, c\u2019est un beau march\u00e9 \u00bb, confiait l\u2019adjoint au maire Denis Gu\u00e9rin.<\/p>\n<p>    <img   decoding=\"async\" loading=\"lazy\" class=\"size-large\" src=\"https:\/\/www.europesays.com\/fr\/wp-content\/uploads\/2025\/12\/5840565ef92964c40565ef92920505v-768x640.jpg\" alt=\"Darn\u00e9tal lancement des illuminations\" width=\"768\" height=\"640\"\/><br \/>\n    Le parvis de l\u2019H\u00f4tel de Ville a rev\u00eatu des couleurs de f\u00eate. \u00a9Isabelle VILLY<\/p>\n<p class=\" wall-content\">Produits de bouche, bijoux, objets artisanaux\u2026 il y en avait pour tous les go\u00fbts et surtout de quoi donner quelques id\u00e9es au moment de commencer ses cadeaux pour mettre au pied du sapin.<\/p>\n<p>Les forains seront pr\u00e9sents jusqu\u2019\u00e0 d\u00e9but janvier<\/p>\n<p class=\" wall-content\">Comme chaque ann\u00e9e, le P\u00e8re No\u00ebl est venu rendre visite aux enfants et aux familles sur le march\u00e9 de No\u00ebl le samedi et sur le march\u00e9 dominical.<\/p>\n<p>Vid\u00e9os : en ce moment sur Actu<br \/>\n    <img   decoding=\"async\" loading=\"lazy\" class=\"size-large\" src=\"https:\/\/www.europesays.com\/fr\/wp-content\/uploads\/2025\/12\/5b53565ef92965f53565ef92923635v-960x640.jpg\" alt=\"Darn\u00e9tal lancement des illuminations\" width=\"960\" height=\"640\"\/><br \/>\n    Les forains seront pr\u00e9sents jusqu\u2019au d\u00e9but de l\u2019ann\u00e9e.\u00a0 \u00a9Isabelle VILLY<\/p>\n<p class=\" wall-content\">Et pour agr\u00e9menter encore cette fin d\u2019ann\u00e9e, les forains sont une fois encore pr\u00e9sents avec un petit man\u00e8ge, une p\u00eache aux canards et une confiserie. \u00ab Nous avons <strong>distribu\u00e9 500 tickets de man\u00e8ge dans les \u00e9coles de la Ville<\/strong> \u00bb indique Denis Gu\u00e9rin, qui pr\u00e9cise que les forains resteront sur le parvis de l\u2019H\u00f4tel de Ville jusqu\u2019au d\u00e9but d\u2019ann\u00e9e.<\/p>\n<p>Votre r\u00e9gion, votre actu !<\/p>\n<p>Recevez chaque jour les infos qui comptent pour vous.<\/p>\n<p>\t<a href=\"https:\/\/actu.fr\/newsletter\" class=\"ac-btn ac-btn--corner ac-btn--medium ac-btn--blue800\" target=\"_blank\" rel=\"noopener\">S&rsquo;incrire<\/a><br \/>\nSuivez l\u2019actualit\u00e9 de Rouen sur notre <a href=\"https:\/\/www.whatsapp.com\/channel\/0029VaKfnf99hXF2ddApFB1D\" target=\"_blank\" rel=\"noopener\">cha\u00eene WhatsApp<\/a> et sur notre <a href=\"https:\/\/www.tiktok.com\/@76actu.fr?lang=fr\" target=\"_blank\" rel=\"noopener\">compte TikTok<\/a><\/p>\n<p class=\" wall-content\">Personnalisez votre actualit\u00e9 en ajoutant vos villes et m\u00e9dias en favori avec <a href=\"https:\/\/moncompte.actu.fr\" title=\"D\u00e9couvez Mon Actu\" rel=\"nofollow noopener\" data-trk=\"{&quot;cta&quot;:{&quot;action&quot;:&quot;https:\\\/\\\/moncompte.actu.fr&quot;,&quot;category&quot;:&quot;mon compte&quot;,&quot;from&quot;:&quot;article footer&quot;,&quot;name&quot;:&quot;Mon actu&quot;,&quot;type&quot;:&quot;cta&quot;}}\" target=\"_blank\">Mon Actu<\/a>.<\/p>\n<p>                    <script async src=\"\/\/www.tiktok.com\/embed.js\"><\/script><\/p>\n","protected":false},"excerpt":{"rendered":"Par Isabelle Villy Publi\u00e9 le 6 d\u00e9c. 2025 \u00e0 11h06 Apr\u00e8s un d\u00e9compte lanc\u00e9 par le maire de&hellip;\n","protected":false},"author":2,"featured_media":581954,"comment_status":"","ping_status":"","sticky":false,"template":"","format":"standard","meta":{"footnotes":""},"categories":[9587],"tags":[1111,11,1063,1719,1777,674,1011,27,1652,12,15830,5161,25,9590],"class_list":{"0":"post-581953","1":"post","2":"type-post","3":"status-publish","4":"format-standard","5":"has-post-thumbnail","7":"category-rouen","8":"tag-actu","9":"tag-actualites","10":"tag-animations","11":"tag-enfants","12":"tag-eu","13":"tag-europe","14":"tag-fr","15":"tag-france","16":"tag-loisirs-culture","17":"tag-news","18":"tag-noel","19":"tag-normandie","20":"tag-republique-francaise","21":"tag-rouen"},"share_on_mastodon":{"url":"https:\/\/pubeurope.com\/@fr\/115672269351827472","error":""},"_links":{"self":[{"href":"https:\/\/www.europesays.com\/fr\/wp-json\/wp\/v2\/posts\/581953","targetHints":{"allow":["GET"]}}],"collection":[{"href":"https:\/\/www.europesays.com\/fr\/wp-json\/wp\/v2\/posts"}],"about":[{"href":"https:\/\/www.europesays.com\/fr\/wp-json\/wp\/v2\/types\/post"}],"author":[{"embeddable":true,"href":"https:\/\/www.europesays.com\/fr\/wp-json\/wp\/v2\/users\/2"}],"replies":[{"embeddable":true,"href":"https:\/\/www.europesays.com\/fr\/wp-json\/wp\/v2\/comments?post=581953"}],"version-history":[{"count":0,"href":"https:\/\/www.europesays.com\/fr\/wp-json\/wp\/v2\/posts\/581953\/revisions"}],"wp:featuredmedia":[{"embeddable":true,"href":"https:\/\/www.europesays.com\/fr\/wp-json\/wp\/v2\/media\/581954"}],"wp:attachment":[{"href":"https:\/\/www.europesays.com\/fr\/wp-json\/wp\/v2\/media?parent=581953"}],"wp:term":[{"taxonomy":"category","embeddable":true,"href":"https:\/\/www.europesays.com\/fr\/wp-json\/wp\/v2\/categories?post=581953"},{"taxonomy":"post_tag","embeddable":true,"href":"https:\/\/www.europesays.com\/fr\/wp-json\/wp\/v2\/tags?post=581953"}],"curies":[{"name":"wp","href":"https:\/\/api.w.org\/{rel}","templated":true}]}}